{"id":229469,"date":"2020-10-23T08:49:50","date_gmt":"2020-10-23T05:49:50","guid":{"rendered":"http:\/\/arantv.az\/?p=229469"},"modified":"2020-10-23T08:49:50","modified_gmt":"2020-10-23T05:49:50","slug":"milli-kitabxana-az%c9%99rbaycanin-milli-q%c9%99hr%c9%99manlari-adli-elektron-m%c9%99lumat-bazasini-istifad%c9%99cil%c9%99r%c9%99-t%c9%99qdim-edib","status":"publish","type":"post","link":"https:\/\/arantv.az\/?p=229469","title":{"rendered":"Milli Kitabxana \u201cAz\u0259rbaycan\u0131n Milli Q\u0259hr\u0259manlar\u0131\u201d adl\u0131 Elektron m\u0259lumat bazas\u0131n\u0131 istifad\u0259\u00e7il\u0259r\u0259 t\u0259qdim edib"},"content":{"rendered":"<p>Bu g\u00fcn Az\u0259rbaycan \u0259sg\u0259ri Ali Ba\u015f Komandan\u0131n\u0131n r\u0259hb\u0259rliyi il\u0259 Az\u0259rbaycan\u0131n \u015fanl\u0131 tarixini yaz\u0131r. Q\u0259hr\u0259manlar he\u00e7 vaxt unudulmur. D\u00f6vl\u0259timiz v\u0259 xalq\u0131m\u0131z ana V\u0259t\u0259nin azadl\u0131\u011f\u0131, m\u00fcq\u0259dd\u0259s torpa\u011f\u0131n \u015f\u0259r\u0259fi yolunda can\u0131n\u0131 qurban ver\u0259nl\u0259ri h\u0259mi\u015f\u0259 q\u0259lbind\u0259 ya\u015fad\u0131r, onlar\u0131 \u015f\u0259r\u0259f v\u0259 qeyr\u0259t simvolu kimi xat\u0131rlay\u0131r, g\u0259nc n\u0259sl\u0259 n\u00fcmun\u0259 kimi t\u0259qdim edir. Son d\u00f6vrl\u0259rin Qaraba\u011f sava\u015f\u0131 bir daha g\u00f6st\u0259rdi ki, m\u00fcst\u0259qil Az\u0259rbaycan do\u011frudan da, q\u0259hr\u0259manlar diyar\u0131, igidl\u0259r v\u0259 c\u0259surlar m\u0259sk\u0259nidir.<\/p>\n<p>D\u00f6vl\u0259timizin, torpaqlar\u0131m\u0131z\u0131n b\u00fct\u00f6vl\u00fcy\u00fc, azadl\u0131\u011f\u0131 u\u011frunda r\u0259\u015fad\u0259tl\u0259 m\u00fcbariz\u0259 aparan, can\u0131n\u0131 f\u0259da ed\u0259n q\u0259hr\u0259man o\u011fullar\u0131m\u0131z\u0131n xatir\u0259sinin \u0259b\u0259dil\u0259\u015fdirilm\u0259si m\u0259qs\u0259dil\u0259 informasiya bazas\u0131n\u0131n yarad\u0131lmas\u0131 m\u00fch\u00fcm m\u0259s\u0259l\u0259l\u0259rd\u0259n say\u0131l\u0131r. Bu m\u0259qs\u0259dl\u0259, M.F.Axundzad\u0259 ad\u0131na Az\u0259rbaycan Milli Kitabxanas\u0131n\u0131n \u0259m\u0259kda\u015flar\u0131 t\u0259r\u0259find\u0259n \u201cAz\u0259rbaycan\u0131n Milli Q\u0259hr\u0259manlar\u0131\u201d adl\u0131 Elektron m\u0259lumat bazas\u0131 haz\u0131rlan\u0131b. Elektron m\u0259lumat bazas\u0131nda Az\u0259rbaycan\u0131n m\u00fcst\u0259qilliyi, suverenliyi u\u011frunda r\u0259\u015fad\u0259tl\u0259 d\u00f6y\u00fc\u015f\u0259n v\u0259 can\u0131ndan ke\u00e7\u0259n Milli Q\u0259hr\u0259manlar haqq\u0131nda m\u0259lumatlar \u0259ks olunub. Bu g\u00fcn \u00f6lk\u0259mizd\u0259 \u0259sl V\u0259t\u0259n M\u00fcharib\u0259sinin getdiyi bir zamanda bel\u0259 bir bazan\u0131n t\u0259qdim olunmas\u0131 x\u00fcsusil\u0259 \u0259h\u0259miyy\u0259tlidir v\u0259 g\u0259nc \u0259sg\u0259rl\u0259rimizi q\u0259l\u0259b\u0259y\u0259 daha da ruhland\u0131r\u0131r. Q\u0259l\u0259b\u0259 biziml\u0259dir, Az\u0259rbaycan \u0259sg\u0259ri!<\/p>\n<p>Elektron m\u0259lumat bazas\u0131 il\u0259 tan\u0131\u015f olmaq ist\u0259y\u0259nl\u0259r\u00a0<a href=\"http:\/\/anl.az\/el\/emb\/MILLI_QEHREMANLAR\/index.html\" target=\"_blank\" rel=\"noopener\">linkind\u0259n<\/a>\u00a0istifad\u0259 ed\u0259 bil\u0259rl\u0259r.<\/p>\n<p><a class=\"azertac-link\" href=\"https:\/\/azertag.az\/\" target=\"_blank\" rel=\"noopener\">AZ\u018fRTAC<\/a><\/p>\n","protected":false},"excerpt":{"rendered":"<p>Bu g\u00fcn Az\u0259rbaycan \u0259sg\u0259ri Ali Ba\u015f Komandan\u0131n\u0131n r\u0259hb\u0259rliyi il\u0259 Az\u0259rbaycan\u0131n \u015fanl\u0131 tarixini yaz\u0131r. Q\u0259hr\u0259manlar he\u00e7 vaxt unudulmur. D\u00f6vl\u0259timiz v\u0259 xalq\u0131m\u0131z ana V\u0259t\u0259nin azadl\u0131\u011f\u0131, m\u00fcq\u0259dd\u0259s torpa\u011f\u0131n \u015f\u0259r\u0259fi yolunda can\u0131n\u0131 qurban ver\u0259nl\u0259ri h\u0259mi\u015f\u0259 q\u0259lbind\u0259 ya\u015fad\u0131r, onlar\u0131 \u015f\u0259r\u0259f v\u0259 qeyr\u0259t simvolu kimi xat\u0131rlay\u0131r, g\u0259nc n\u0259sl\u0259 n\u00fcmun\u0259 kimi t\u0259qdim edir. Son d\u00f6vrl\u0259rin Qaraba\u011f sava\u015f\u0131 bir daha g\u00f6st\u0259rdi ki, m\u00fcst\u0259qil Az\u0259rbaycan do\u011frudan da, q\u0259hr\u0259manlar diyar\u0131, igidl\u0259r v\u0259 c\u0259surlar m\u0259sk\u0259nidir. D\u00f6vl\u0259timizin, torpaqlar\u0131m\u0131z\u0131n b\u00fct\u00f6vl\u00fcy\u00fc, azadl\u0131\u011f\u0131 u\u011frunda r\u0259\u015fad\u0259tl\u0259 m\u00fcbariz\u0259 aparan, can\u0131n\u0131 f\u0259da ed\u0259n q\u0259hr\u0259man o\u011fullar\u0131m\u0131z\u0131n xatir\u0259sinin \u0259b\u0259dil\u0259\u015fdirilm\u0259si m\u0259qs\u0259dil\u0259 informasiya bazas\u0131n\u0131n yarad\u0131lmas\u0131 m\u00fch\u00fcm m\u0259s\u0259l\u0259l\u0259rd\u0259n say\u0131l\u0131r. Bu m\u0259qs\u0259dl\u0259, M.F.Axundzad\u0259 ad\u0131na&hellip;<\/p>\n","protected":false},"author":2,"featured_media":229470,"comment_status":"closed","ping_status":"closed","sticky":false,"template":"","format":"standard","meta":{"om_disable_all_campaigns":false,"_monsterinsights_skip_tracking":false,"_monsterinsights_sitenote_active":false,"_monsterinsights_sitenote_note":"","_monsterinsights_sitenote_category":0},"categories":[19],"tags":[],"aioseo_notices":[],"gutentor_comment":0,"rttpg_featured_image_url":{"full":["https:\/\/arantv.az\/wp-content\/uploads\/2020\/10\/16034269552119432591_1000x669.jpg",798,669,false],"landscape":["https:\/\/arantv.az\/wp-content\/uploads\/2020\/10\/16034269552119432591_1000x669.jpg",798,669,false],"portraits":["https:\/\/arantv.az\/wp-content\/uploads\/2020\/10\/16034269552119432591_1000x669.jpg",798,669,false],"thumbnail":["https:\/\/arantv.az\/wp-content\/uploads\/2020\/10\/16034269552119432591_1000x669-150x150.jpg",150,150,true],"medium":["https:\/\/arantv.az\/wp-content\/uploads\/2020\/10\/16034269552119432591_1000x669-300x252.jpg",300,252,true],"large":["https:\/\/arantv.az\/wp-content\/uploads\/2020\/10\/16034269552119432591_1000x669.jpg",640,537,false],"1536x1536":["https:\/\/arantv.az\/wp-content\/uploads\/2020\/10\/16034269552119432591_1000x669.jpg",798,669,false],"2048x2048":["https:\/\/arantv.az\/wp-content\/uploads\/2020\/10\/16034269552119432591_1000x669.jpg",798,669,false],"post-thumbnail":["https:\/\/arantv.az\/wp-content\/uploads\/2020\/10\/16034269552119432591_1000x669-240x172.jpg",240,172,true],"advps-thumb-one":["https:\/\/arantv.az\/wp-content\/uploads\/2020\/10\/16034269552119432591_1000x669-798x620.jpg",798,620,true]},"rttpg_author":{"display_name":"V\u00fcsal Rafiqo\u011flu","author_link":"https:\/\/arantv.az\/?author=2"},"rttpg_comment":0,"rttpg_category":"<a href=\"https:\/\/arantv.az\/?cat=19\" rel=\"category\">G\u00fcnd\u0259m<\/a>","rttpg_excerpt":"Bu g\u00fcn Az\u0259rbaycan \u0259sg\u0259ri Ali Ba\u015f Komandan\u0131n\u0131n r\u0259hb\u0259rliyi il\u0259 Az\u0259rbaycan\u0131n \u015fanl\u0131 tarixini yaz\u0131r. Q\u0259hr\u0259manlar he\u00e7 vaxt unudulmur. D\u00f6vl\u0259timiz v\u0259 xalq\u0131m\u0131z ana V\u0259t\u0259nin azadl\u0131\u011f\u0131, m\u00fcq\u0259dd\u0259s torpa\u011f\u0131n \u015f\u0259r\u0259fi yolunda can\u0131n\u0131 qurban ver\u0259nl\u0259ri h\u0259mi\u015f\u0259 q\u0259lbind\u0259 ya\u015fad\u0131r, onlar\u0131 \u015f\u0259r\u0259f v\u0259 qeyr\u0259t simvolu kimi xat\u0131rlay\u0131r, g\u0259nc n\u0259sl\u0259 n\u00fcmun\u0259 kimi t\u0259qdim edir. Son d\u00f6vrl\u0259rin Qaraba\u011f sava\u015f\u0131 bir daha g\u00f6st\u0259rdi ki, m\u00fcst\u0259qil&hellip;","_links":{"self":[{"href":"https:\/\/arantv.az\/index.php?rest_route=\/wp\/v2\/posts\/229469"}],"collection":[{"href":"https:\/\/arantv.az\/index.php?rest_route=\/wp\/v2\/posts"}],"about":[{"href":"https:\/\/arantv.az\/index.php?rest_route=\/wp\/v2\/types\/post"}],"author":[{"embeddable":true,"href":"https:\/\/arantv.az\/index.php?rest_route=\/wp\/v2\/users\/2"}],"replies":[{"embeddable":true,"href":"https:\/\/arantv.az\/index.php?rest_route=%2Fwp%2Fv2%2Fcomments&post=229469"}],"version-history":[{"count":0,"href":"https:\/\/arantv.az\/index.php?rest_route=\/wp\/v2\/posts\/229469\/revisions"}],"wp:featuredmedia":[{"embeddable":true,"href":"https:\/\/arantv.az\/index.php?rest_route=\/wp\/v2\/media\/229470"}],"wp:attachment":[{"href":"https:\/\/arantv.az\/index.php?rest_route=%2Fwp%2Fv2%2Fmedia&parent=229469"}],"wp:term":[{"taxonomy":"category","embeddable":true,"href":"https:\/\/arantv.az\/index.php?rest_route=%2Fwp%2Fv2%2Fcategories&post=229469"},{"taxonomy":"post_tag","embeddable":true,"href":"https:\/\/arantv.az\/index.php?rest_route=%2Fwp%2Fv2%2Ftags&post=229469"}],"curies":[{"name":"wp","href":"https:\/\/api.w.org\/{rel}","templated":true}]}}