{"id":229473,"date":"2020-10-23T08:51:17","date_gmt":"2020-10-23T05:51:17","guid":{"rendered":"http:\/\/arantv.az\/?p=229473"},"modified":"2020-10-23T08:51:17","modified_gmt":"2020-10-23T05:51:17","slug":"islam-al%c9%99minin-%c9%99n-boyuk-aliml%c9%99rind%c9%99n-biri-masinina-bomba-qoyularaq-q%c9%99tl%c9%99-yetirildi","status":"publish","type":"post","link":"https:\/\/arantv.az\/?p=229473","title":{"rendered":"\u0130slam al\u0259minin \u0259n b\u00f6y\u00fck aliml\u0259rind\u0259n biri ma\u015f\u0131n\u0131na bomba qoyularaq q\u0259tl\u0259 yetirildi"},"content":{"rendered":"<p>Terror\u00e7ular Suriyan\u0131n paytaxt\u0131n\u0131n m\u00fcftisini \u00f6ld\u00fcr\u00fcbl\u0259r.<\/p>\n<p>Bu bar\u0259d\u0259 SANA agentliyi x\u0259b\u0259r yay\u0131b.<\/p>\n<div id=\"AdviadNativeVideo0\" class=\"AdviadNativeVideo\"><\/div>\n<p>Terror h\u00fccumu 22 oktyabr ax\u015fam\u0131 D\u0259m\u0259\u015fq yax\u0131nl\u0131\u011f\u0131ndak\u0131 Qudsiya \u015f\u0259h\u0259rind\u0259 ba\u015f verib. Cinay\u0259tkarlar \u015eeyx M\u0259h\u0259mm\u0259d Adnan \u0259l-Afyuninin avtomobilinin alt\u0131na bomba yerl\u0259\u015fdiribl\u0259r. Partlay\u0131\u015f n\u0259tic\u0259sind\u0259 a\u011f\u0131r yaralanan m\u00fcftinin h\u0259yat\u0131n\u0131 xilas etm\u0259k m\u00fcmk\u00fcn olmay\u0131b.<\/p>\n<p>\u015eeyx Afyuni Suriyan\u0131n v\u0259 \u0130slam d\u00fcnyas\u0131n\u0131n \u0259n g\u00f6rk\u0259mli aliml\u0259rind\u0259n biri idi. O, h\u0259m\u00e7inin, \u00c7am Beyn\u0259lxalq Ekstremizm\u0259 Qar\u015f\u0131 M\u00fcbariz\u0259 M\u0259rk\u0259zinin ba\u015f idar\u0259\u00e7isi olub.<\/p>\n","protected":false},"excerpt":{"rendered":"<p>Terror\u00e7ular Suriyan\u0131n paytaxt\u0131n\u0131n m\u00fcftisini \u00f6ld\u00fcr\u00fcbl\u0259r. Bu bar\u0259d\u0259 SANA agentliyi x\u0259b\u0259r yay\u0131b. Terror h\u00fccumu 22 oktyabr ax\u015fam\u0131 D\u0259m\u0259\u015fq yax\u0131nl\u0131\u011f\u0131ndak\u0131 Qudsiya \u015f\u0259h\u0259rind\u0259 ba\u015f verib. Cinay\u0259tkarlar \u015eeyx M\u0259h\u0259mm\u0259d Adnan \u0259l-Afyuninin avtomobilinin alt\u0131na bomba yerl\u0259\u015fdiribl\u0259r. Partlay\u0131\u015f n\u0259tic\u0259sind\u0259 a\u011f\u0131r yaralanan m\u00fcftinin h\u0259yat\u0131n\u0131 xilas etm\u0259k m\u00fcmk\u00fcn olmay\u0131b. \u015eeyx Afyuni Suriyan\u0131n v\u0259 \u0130slam d\u00fcnyas\u0131n\u0131n \u0259n g\u00f6rk\u0259mli aliml\u0259rind\u0259n biri idi. O, h\u0259m\u00e7inin, \u00c7am Beyn\u0259lxalq Ekstremizm\u0259 Qar\u015f\u0131 M\u00fcbariz\u0259 M\u0259rk\u0259zinin ba\u015f idar\u0259\u00e7isi olub.<\/p>\n","protected":false},"author":2,"featured_media":229474,"comment_status":"closed","ping_status":"closed","sticky":false,"template":"","format":"standard","meta":{"om_disable_all_campaigns":false,"_monsterinsights_skip_tracking":false,"_monsterinsights_sitenote_active":false,"_monsterinsights_sitenote_note":"","_monsterinsights_sitenote_category":0},"categories":[27],"tags":[],"aioseo_notices":[],"gutentor_comment":0,"rttpg_featured_image_url":{"full":["https:\/\/arantv.az\/wp-content\/uploads\/2020\/10\/Untitled-4-3.jpg",620,388,false],"landscape":["https:\/\/arantv.az\/wp-content\/uploads\/2020\/10\/Untitled-4-3.jpg",620,388,false],"portraits":["https:\/\/arantv.az\/wp-content\/uploads\/2020\/10\/Untitled-4-3.jpg",620,388,false],"thumbnail":["https:\/\/arantv.az\/wp-content\/uploads\/2020\/10\/Untitled-4-3-150x150.jpg",150,150,true],"medium":["https:\/\/arantv.az\/wp-content\/uploads\/2020\/10\/Untitled-4-3-300x188.jpg",300,188,true],"large":["https:\/\/arantv.az\/wp-content\/uploads\/2020\/10\/Untitled-4-3.jpg",620,388,false],"1536x1536":["https:\/\/arantv.az\/wp-content\/uploads\/2020\/10\/Untitled-4-3.jpg",620,388,false],"2048x2048":["https:\/\/arantv.az\/wp-content\/uploads\/2020\/10\/Untitled-4-3.jpg",620,388,false],"post-thumbnail":["https:\/\/arantv.az\/wp-content\/uploads\/2020\/10\/Untitled-4-3-240x172.jpg",240,172,true],"advps-thumb-one":["https:\/\/arantv.az\/wp-content\/uploads\/2020\/10\/Untitled-4-3.jpg",620,388,false]},"rttpg_author":{"display_name":"V\u00fcsal Rafiqo\u011flu","author_link":"https:\/\/arantv.az\/?author=2"},"rttpg_comment":0,"rttpg_category":"<a href=\"https:\/\/arantv.az\/?cat=27\" rel=\"category\">\u0130SLAM<\/a>","rttpg_excerpt":"Terror\u00e7ular Suriyan\u0131n paytaxt\u0131n\u0131n m\u00fcftisini \u00f6ld\u00fcr\u00fcbl\u0259r. Bu bar\u0259d\u0259 SANA agentliyi x\u0259b\u0259r yay\u0131b. Terror h\u00fccumu 22 oktyabr ax\u015fam\u0131 D\u0259m\u0259\u015fq yax\u0131nl\u0131\u011f\u0131ndak\u0131 Qudsiya \u015f\u0259h\u0259rind\u0259 ba\u015f verib. Cinay\u0259tkarlar \u015eeyx M\u0259h\u0259mm\u0259d Adnan \u0259l-Afyuninin avtomobilinin alt\u0131na bomba yerl\u0259\u015fdiribl\u0259r. Partlay\u0131\u015f n\u0259tic\u0259sind\u0259 a\u011f\u0131r yaralanan m\u00fcftinin h\u0259yat\u0131n\u0131 xilas etm\u0259k m\u00fcmk\u00fcn olmay\u0131b. \u015eeyx Afyuni Suriyan\u0131n v\u0259 \u0130slam d\u00fcnyas\u0131n\u0131n \u0259n g\u00f6rk\u0259mli aliml\u0259rind\u0259n biri idi. O, h\u0259m\u00e7inin, \u00c7am&hellip;","_links":{"self":[{"href":"https:\/\/arantv.az\/index.php?rest_route=\/wp\/v2\/posts\/229473"}],"collection":[{"href":"https:\/\/arantv.az\/index.php?rest_route=\/wp\/v2\/posts"}],"about":[{"href":"https:\/\/arantv.az\/index.php?rest_route=\/wp\/v2\/types\/post"}],"author":[{"embeddable":true,"href":"https:\/\/arantv.az\/index.php?rest_route=\/wp\/v2\/users\/2"}],"replies":[{"embeddable":true,"href":"https:\/\/arantv.az\/index.php?rest_route=%2Fwp%2Fv2%2Fcomments&post=229473"}],"version-history":[{"count":0,"href":"https:\/\/arantv.az\/index.php?rest_route=\/wp\/v2\/posts\/229473\/revisions"}],"wp:featuredmedia":[{"embeddable":true,"href":"https:\/\/arantv.az\/index.php?rest_route=\/wp\/v2\/media\/229474"}],"wp:attachment":[{"href":"https:\/\/arantv.az\/index.php?rest_route=%2Fwp%2Fv2%2Fmedia&parent=229473"}],"wp:term":[{"taxonomy":"category","embeddable":true,"href":"https:\/\/arantv.az\/index.php?rest_route=%2Fwp%2Fv2%2Fcategories&post=229473"},{"taxonomy":"post_tag","embeddable":true,"href":"https:\/\/arantv.az\/index.php?rest_route=%2Fwp%2Fv2%2Ftags&post=229473"}],"curies":[{"name":"wp","href":"https:\/\/api.w.org\/{rel}","templated":true}]}}