{"id":229478,"date":"2020-10-23T08:54:01","date_gmt":"2020-10-23T05:54:01","guid":{"rendered":"http:\/\/arantv.az\/?p=229478"},"modified":"2020-10-23T08:54:01","modified_gmt":"2020-10-23T05:54:01","slug":"putin-%c9%99rdogan-must%c9%99qil-xarici-siyas%c9%99t-aparir-onunla-calismaq-rahat-v%c9%99-etibarlidir","status":"publish","type":"post","link":"https:\/\/arantv.az\/?p=229478","title":{"rendered":"Putin: \u201c\u018frdo\u011fan m\u00fcst\u0259qil xarici siyas\u0259t apar\u0131r, onunla \u00e7al\u0131\u015fmaq rahat v\u0259 etibarl\u0131d\u0131r\u201d"},"content":{"rendered":"<p>Rusiya Prezidenti Vladimir Putin bildirib ki, ona xarici t\u0259zyiql\u0259r\u0259 boyun \u0259ym\u0259y\u0259n t\u00fcrkiy\u0259li h\u0259mkar\u0131 R\u0259c\u0259b Tayyib \u018frdo\u011fanla \u00e7al\u0131\u015fmaq rahat v\u0259 etibarl\u0131d\u0131r.<\/p>\n<p>\u201c\u0130nterfax\u201d\u0131n m\u0259lumat\u0131na g\u00f6r\u0259, bu bar\u0259d\u0259 Rusiya lideri \u201cValday\u201d m\u00fczakir\u0259 klubunun videokonfrans rejimind\u0259 ke\u00e7iril\u0259n iclas\u0131nda bildirib.<\/p>\n<p>\u201cBilir\u0259m ki, Prezident \u018frdo\u011fan m\u00fcst\u0259qil xarici siyas\u0259t apar\u0131r. He\u00e7 bir t\u0259zyiq\u0259 baxmadan biz onunla kifay\u0259t q\u0259d\u0259r q\u0131sa m\u00fcdd\u0259td\u0259 \u201cT\u00fcrk ax\u0131n\u0131\u201d layih\u0259sini h\u0259yata ke\u00e7irdik\u201d, &#8211; dey\u0259 V.Putin qeyd edib.<\/p>\n<div id=\"AdviadNativeVideo0\" class=\"AdviadNativeVideo\"><\/div>\n<p>\u201cBiz Avropa il\u0259 bu m\u00f6vzunu (\u201c\u015eimal ax\u0131n\u0131-2\u201d layih\u0259sinin tikintisi) ill\u0259rl\u0259 \u00e7eyn\u0259yirik v\u0259 Avropa he\u00e7 c\u00fcr \u00a0onun \u00fc\u00e7\u00fcn tamamil\u0259 s\u0259rf\u0259li olan \u201c\u015eimal ax\u0131n\u0131-2\u201d layih\u0259sinin realla\u015fd\u0131r\u0131lmas\u0131 \u00fc\u00e7\u00fcn elementar m\u00fcst\u0259qillik v\u0259 suverenlik n\u00fcmayi\u015f etdir\u0259 bilmir. Ancaq biz T\u00fcrkiy\u0259 il\u0259 bunu kifay\u0259t q\u0259d\u0259r s\u00fcr\u0259tl\u0259 etdik, he\u00e7 bir hay-k\u00fcy\u0259 baxmadan, \u00f6z milli maraqlar\u0131m\u0131z\u0131 bil\u0259 v\u0259 anlayaraq \u018frdo\u011fan dedi ki, biz bunu ed\u0259c\u0259yik v\u0259\u00a0etdik\u201d, &#8211; dey\u0259 V.Putin vur\u011fulay\u0131b.<\/p>\n<p>Rusiya lideri qeyd edib ki, R\u0259c\u0259b Tayyib \u018frdo\u011fan dig\u0259r \u0259m\u0259kda\u015fl\u0131q sah\u0259l\u0259rind\u0259 d\u0259 m\u00fcst\u0259qil f\u0259aliyy\u0259t g\u00f6st\u0259rir.<\/p>\n<p>\u201cM\u0259s\u0259l\u0259n, h\u0259rbi-texniki \u0259m\u0259kda\u015fl\u0131q. T\u00fcrkiy\u0259 q\u0259rar verdi ki, onlara m\u00fcasir HHM sistemi laz\u0131md\u0131r, bu g\u00fcn \u00fc\u00e7\u00fcn d\u00fcnyada \u0259n yax\u015f\u0131 sistem\u00a0is\u0259 Rusiya istehsal\u0131 S-400 \u201cTriumf\u201d sisteml\u0259ridir. Dedi v\u0259 ald\u0131. Bu c\u00fcr t\u0259r\u0259fda\u015fla \u00e7al\u0131\u015fmaq yaln\u0131z xo\u015f deyil, eyni zamanda etibarl\u0131d\u0131r\u201d, &#8211; Rusiya lideri bildirib.<\/p>\n","protected":false},"excerpt":{"rendered":"<p>Rusiya Prezidenti Vladimir Putin bildirib ki, ona xarici t\u0259zyiql\u0259r\u0259 boyun \u0259ym\u0259y\u0259n t\u00fcrkiy\u0259li h\u0259mkar\u0131 R\u0259c\u0259b Tayyib \u018frdo\u011fanla \u00e7al\u0131\u015fmaq rahat v\u0259 etibarl\u0131d\u0131r. \u201c\u0130nterfax\u201d\u0131n m\u0259lumat\u0131na g\u00f6r\u0259, bu bar\u0259d\u0259 Rusiya lideri \u201cValday\u201d m\u00fczakir\u0259 klubunun videokonfrans rejimind\u0259 ke\u00e7iril\u0259n iclas\u0131nda bildirib. \u201cBilir\u0259m ki, Prezident \u018frdo\u011fan m\u00fcst\u0259qil xarici siyas\u0259t apar\u0131r. He\u00e7 bir t\u0259zyiq\u0259 baxmadan biz onunla kifay\u0259t q\u0259d\u0259r q\u0131sa m\u00fcdd\u0259td\u0259 \u201cT\u00fcrk ax\u0131n\u0131\u201d layih\u0259sini h\u0259yata ke\u00e7irdik\u201d, &#8211; dey\u0259 V.Putin qeyd edib. \u201cBiz Avropa il\u0259 bu m\u00f6vzunu (\u201c\u015eimal ax\u0131n\u0131-2\u201d layih\u0259sinin tikintisi) ill\u0259rl\u0259 \u00e7eyn\u0259yirik v\u0259 Avropa he\u00e7 c\u00fcr \u00a0onun \u00fc\u00e7\u00fcn tamamil\u0259 s\u0259rf\u0259li olan \u201c\u015eimal ax\u0131n\u0131-2\u201d layih\u0259sinin realla\u015fd\u0131r\u0131lmas\u0131 \u00fc\u00e7\u00fcn elementar m\u00fcst\u0259qillik&hellip;<\/p>\n","protected":false},"author":2,"featured_media":229479,"comment_status":"closed","ping_status":"closed","sticky":false,"template":"","format":"standard","meta":{"om_disable_all_campaigns":false,"_monsterinsights_skip_tracking":false,"_monsterinsights_sitenote_active":false,"_monsterinsights_sitenote_note":"","_monsterinsights_sitenote_category":0},"categories":[4],"tags":[],"aioseo_notices":[],"gutentor_comment":0,"rttpg_featured_image_url":{"full":["https:\/\/arantv.az\/wp-content\/uploads\/2020\/10\/013.jpg",620,346,false],"landscape":["https:\/\/arantv.az\/wp-content\/uploads\/2020\/10\/013.jpg",620,346,false],"portraits":["https:\/\/arantv.az\/wp-content\/uploads\/2020\/10\/013.jpg",620,346,false],"thumbnail":["https:\/\/arantv.az\/wp-content\/uploads\/2020\/10\/013-150x150.jpg",150,150,true],"medium":["https:\/\/arantv.az\/wp-content\/uploads\/2020\/10\/013-300x167.jpg",300,167,true],"large":["https:\/\/arantv.az\/wp-content\/uploads\/2020\/10\/013.jpg",620,346,false],"1536x1536":["https:\/\/arantv.az\/wp-content\/uploads\/2020\/10\/013.jpg",620,346,false],"2048x2048":["https:\/\/arantv.az\/wp-content\/uploads\/2020\/10\/013.jpg",620,346,false],"post-thumbnail":["https:\/\/arantv.az\/wp-content\/uploads\/2020\/10\/013-240x172.jpg",240,172,true],"advps-thumb-one":["https:\/\/arantv.az\/wp-content\/uploads\/2020\/10\/013.jpg",620,346,false]},"rttpg_author":{"display_name":"V\u00fcsal Rafiqo\u011flu","author_link":"https:\/\/arantv.az\/?author=2"},"rttpg_comment":0,"rttpg_category":"<a href=\"https:\/\/arantv.az\/?cat=4\" rel=\"category\">Siyas\u0259t<\/a>","rttpg_excerpt":"Rusiya Prezidenti Vladimir Putin bildirib ki, ona xarici t\u0259zyiql\u0259r\u0259 boyun \u0259ym\u0259y\u0259n t\u00fcrkiy\u0259li h\u0259mkar\u0131 R\u0259c\u0259b Tayyib \u018frdo\u011fanla \u00e7al\u0131\u015fmaq rahat v\u0259 etibarl\u0131d\u0131r. \u201c\u0130nterfax\u201d\u0131n m\u0259lumat\u0131na g\u00f6r\u0259, bu bar\u0259d\u0259 Rusiya lideri \u201cValday\u201d m\u00fczakir\u0259 klubunun videokonfrans rejimind\u0259 ke\u00e7iril\u0259n iclas\u0131nda bildirib. \u201cBilir\u0259m ki, Prezident \u018frdo\u011fan m\u00fcst\u0259qil xarici siyas\u0259t apar\u0131r. He\u00e7 bir t\u0259zyiq\u0259 baxmadan biz onunla kifay\u0259t q\u0259d\u0259r q\u0131sa m\u00fcdd\u0259td\u0259 \u201cT\u00fcrk ax\u0131n\u0131\u201d&hellip;","_links":{"self":[{"href":"https:\/\/arantv.az\/index.php?rest_route=\/wp\/v2\/posts\/229478"}],"collection":[{"href":"https:\/\/arantv.az\/index.php?rest_route=\/wp\/v2\/posts"}],"about":[{"href":"https:\/\/arantv.az\/index.php?rest_route=\/wp\/v2\/types\/post"}],"author":[{"embeddable":true,"href":"https:\/\/arantv.az\/index.php?rest_route=\/wp\/v2\/users\/2"}],"replies":[{"embeddable":true,"href":"https:\/\/arantv.az\/index.php?rest_route=%2Fwp%2Fv2%2Fcomments&post=229478"}],"version-history":[{"count":0,"href":"https:\/\/arantv.az\/index.php?rest_route=\/wp\/v2\/posts\/229478\/revisions"}],"wp:featuredmedia":[{"embeddable":true,"href":"https:\/\/arantv.az\/index.php?rest_route=\/wp\/v2\/media\/229479"}],"wp:attachment":[{"href":"https:\/\/arantv.az\/index.php?rest_route=%2Fwp%2Fv2%2Fmedia&parent=229478"}],"wp:term":[{"taxonomy":"category","embeddable":true,"href":"https:\/\/arantv.az\/index.php?rest_route=%2Fwp%2Fv2%2Fcategories&post=229478"},{"taxonomy":"post_tag","embeddable":true,"href":"https:\/\/arantv.az\/index.php?rest_route=%2Fwp%2Fv2%2Ftags&post=229478"}],"curies":[{"name":"wp","href":"https:\/\/api.w.org\/{rel}","templated":true}]}}