{"id":229494,"date":"2020-10-23T10:33:19","date_gmt":"2020-10-23T07:33:19","guid":{"rendered":"http:\/\/arantv.az\/?p=229494"},"modified":"2020-10-23T10:33:19","modified_gmt":"2020-10-23T07:33:19","slug":"din-d%c9%99n-dusm%c9%99n-t%c9%99xribati-il%c9%99-bagli-%c9%99haliy%c9%99-x%c9%99b%c9%99rdarliq","status":"publish","type":"post","link":"https:\/\/arantv.az\/?p=229494","title":{"rendered":"D\u0130N-d\u0259n d\u00fc\u015fm\u0259n t\u0259xribat\u0131 il\u0259 ba\u011fl\u0131 \u0259haliy\u0259 X\u018fB\u018fRDARLIQ"},"content":{"rendered":"<p>Daxili \u0130\u015fl\u0259r Nazirliyi \u0259haliy\u0259 \u00e7a\u011f\u0131r\u0131\u015f edib.<\/p>\n<p>D\u0130N-nin M\u0259tbuat Xidm\u0259tind\u0259n bildirilib ki, Erm\u0259nistan terror siyas\u0259ti y\u00fcr\u00fcd\u0259n d\u00f6vl\u0259t olaraq ayr\u0131-ayr\u0131 vaxtlarda \u00f6lk\u0259mizin \u0259razisind\u0259 30-dan \u00e7ox terror akt\u0131 t\u0259\u015fkil edib:<\/p>\n<div id=\"AdviadNativeVideo0\" class=\"AdviadNativeVideo\"><\/div>\n<p>\u201cOdur ki, g\u00f6rd\u00fcy\u00fcn\u00fcz, rastla\u015fd\u0131\u011f\u0131n\u0131z \u015f\u00fcbh\u0259li \u0259\u015fyalara toxunmay\u0131n, bu bar\u0259d\u0259 d\u0259rhal \u201c102\u201d Xidm\u0259tini v\u0259 ya yax\u0131nl\u0131qda\u00a0xidm\u0259t aparan polis \u0259m\u0259kda\u015flar\u0131n\u0131 m\u0259lumatland\u0131r\u0131n. D\u00fc\u015fm\u0259nin m\u0259krli oldu\u011funu unutmayaq.<\/p>\n<p>Vahid m\u0259qs\u0259d u\u011frunda g\u00fcnb\u0259g\u00fcn s\u0131xla\u015fan c\u0259rg\u0259l\u0259rimizl\u0259 Q\u0259l\u0259b\u0259 g\u00fcn\u00fcn\u00fc daha da yax\u0131nla\u015fd\u0131raq. Qaraba\u011f Az\u0259rbaycand\u0131r!\u201d<\/p>\n","protected":false},"excerpt":{"rendered":"<p>Daxili \u0130\u015fl\u0259r Nazirliyi \u0259haliy\u0259 \u00e7a\u011f\u0131r\u0131\u015f edib. D\u0130N-nin M\u0259tbuat Xidm\u0259tind\u0259n bildirilib ki, Erm\u0259nistan terror siyas\u0259ti y\u00fcr\u00fcd\u0259n d\u00f6vl\u0259t olaraq ayr\u0131-ayr\u0131 vaxtlarda \u00f6lk\u0259mizin \u0259razisind\u0259 30-dan \u00e7ox terror akt\u0131 t\u0259\u015fkil edib: \u201cOdur ki, g\u00f6rd\u00fcy\u00fcn\u00fcz, rastla\u015fd\u0131\u011f\u0131n\u0131z \u015f\u00fcbh\u0259li \u0259\u015fyalara toxunmay\u0131n, bu bar\u0259d\u0259 d\u0259rhal \u201c102\u201d Xidm\u0259tini v\u0259 ya yax\u0131nl\u0131qda\u00a0xidm\u0259t aparan polis \u0259m\u0259kda\u015flar\u0131n\u0131 m\u0259lumatland\u0131r\u0131n. D\u00fc\u015fm\u0259nin m\u0259krli oldu\u011funu unutmayaq. Vahid m\u0259qs\u0259d u\u011frunda g\u00fcnb\u0259g\u00fcn s\u0131xla\u015fan c\u0259rg\u0259l\u0259rimizl\u0259 Q\u0259l\u0259b\u0259 g\u00fcn\u00fcn\u00fc daha da yax\u0131nla\u015fd\u0131raq. Qaraba\u011f Az\u0259rbaycand\u0131r!\u201d<\/p>\n","protected":false},"author":2,"featured_media":229495,"comment_status":"closed","ping_status":"closed","sticky":false,"template":"","format":"standard","meta":{"om_disable_all_campaigns":false,"_monsterinsights_skip_tracking":false,"_monsterinsights_sitenote_active":false,"_monsterinsights_sitenote_note":"","_monsterinsights_sitenote_category":0},"categories":[19],"tags":[],"aioseo_notices":[],"gutentor_comment":0,"rttpg_featured_image_url":{"full":["https:\/\/arantv.az\/wp-content\/uploads\/2020\/10\/dinnnnn.jpg",620,413,false],"landscape":["https:\/\/arantv.az\/wp-content\/uploads\/2020\/10\/dinnnnn.jpg",620,413,false],"portraits":["https:\/\/arantv.az\/wp-content\/uploads\/2020\/10\/dinnnnn.jpg",620,413,false],"thumbnail":["https:\/\/arantv.az\/wp-content\/uploads\/2020\/10\/dinnnnn-150x150.jpg",150,150,true],"medium":["https:\/\/arantv.az\/wp-content\/uploads\/2020\/10\/dinnnnn-300x200.jpg",300,200,true],"large":["https:\/\/arantv.az\/wp-content\/uploads\/2020\/10\/dinnnnn.jpg",620,413,false],"1536x1536":["https:\/\/arantv.az\/wp-content\/uploads\/2020\/10\/dinnnnn.jpg",620,413,false],"2048x2048":["https:\/\/arantv.az\/wp-content\/uploads\/2020\/10\/dinnnnn.jpg",620,413,false],"post-thumbnail":["https:\/\/arantv.az\/wp-content\/uploads\/2020\/10\/dinnnnn-240x172.jpg",240,172,true],"advps-thumb-one":["https:\/\/arantv.az\/wp-content\/uploads\/2020\/10\/dinnnnn.jpg",620,413,false]},"rttpg_author":{"display_name":"V\u00fcsal Rafiqo\u011flu","author_link":"https:\/\/arantv.az\/?author=2"},"rttpg_comment":0,"rttpg_category":"<a href=\"https:\/\/arantv.az\/?cat=19\" rel=\"category\">G\u00fcnd\u0259m<\/a>","rttpg_excerpt":"Daxili \u0130\u015fl\u0259r Nazirliyi \u0259haliy\u0259 \u00e7a\u011f\u0131r\u0131\u015f edib. D\u0130N-nin M\u0259tbuat Xidm\u0259tind\u0259n bildirilib ki, Erm\u0259nistan terror siyas\u0259ti y\u00fcr\u00fcd\u0259n d\u00f6vl\u0259t olaraq ayr\u0131-ayr\u0131 vaxtlarda \u00f6lk\u0259mizin \u0259razisind\u0259 30-dan \u00e7ox terror akt\u0131 t\u0259\u015fkil edib: \u201cOdur ki, g\u00f6rd\u00fcy\u00fcn\u00fcz, rastla\u015fd\u0131\u011f\u0131n\u0131z \u015f\u00fcbh\u0259li \u0259\u015fyalara toxunmay\u0131n, bu bar\u0259d\u0259 d\u0259rhal \u201c102\u201d Xidm\u0259tini v\u0259 ya yax\u0131nl\u0131qda\u00a0xidm\u0259t aparan polis \u0259m\u0259kda\u015flar\u0131n\u0131 m\u0259lumatland\u0131r\u0131n. D\u00fc\u015fm\u0259nin m\u0259krli oldu\u011funu unutmayaq. Vahid m\u0259qs\u0259d u\u011frunda g\u00fcnb\u0259g\u00fcn s\u0131xla\u015fan&hellip;","_links":{"self":[{"href":"https:\/\/arantv.az\/index.php?rest_route=\/wp\/v2\/posts\/229494"}],"collection":[{"href":"https:\/\/arantv.az\/index.php?rest_route=\/wp\/v2\/posts"}],"about":[{"href":"https:\/\/arantv.az\/index.php?rest_route=\/wp\/v2\/types\/post"}],"author":[{"embeddable":true,"href":"https:\/\/arantv.az\/index.php?rest_route=\/wp\/v2\/users\/2"}],"replies":[{"embeddable":true,"href":"https:\/\/arantv.az\/index.php?rest_route=%2Fwp%2Fv2%2Fcomments&post=229494"}],"version-history":[{"count":0,"href":"https:\/\/arantv.az\/index.php?rest_route=\/wp\/v2\/posts\/229494\/revisions"}],"wp:featuredmedia":[{"embeddable":true,"href":"https:\/\/arantv.az\/index.php?rest_route=\/wp\/v2\/media\/229495"}],"wp:attachment":[{"href":"https:\/\/arantv.az\/index.php?rest_route=%2Fwp%2Fv2%2Fmedia&parent=229494"}],"wp:term":[{"taxonomy":"category","embeddable":true,"href":"https:\/\/arantv.az\/index.php?rest_route=%2Fwp%2Fv2%2Fcategories&post=229494"},{"taxonomy":"post_tag","embeddable":true,"href":"https:\/\/arantv.az\/index.php?rest_route=%2Fwp%2Fv2%2Ftags&post=229494"}],"curies":[{"name":"wp","href":"https:\/\/api.w.org\/{rel}","templated":true}]}}