{"id":229919,"date":"2020-10-24T14:25:14","date_gmt":"2020-10-24T11:25:14","guid":{"rendered":"http:\/\/arantv.az\/?p=229919"},"modified":"2020-10-24T14:25:14","modified_gmt":"2020-10-24T11:25:14","slug":"turkiy%c9%99-mn-erm%c9%99nistan-terrorculari-v%c9%99-muzdlulari-geri-qaytarmalidir","status":"publish","type":"post","link":"https:\/\/arantv.az\/?p=229919","title":{"rendered":"T\u00fcrkiy\u0259 MN: \u201cErm\u0259nistan terror\u00e7ular\u0131 v\u0259 muzdlular\u0131 geri qaytarmal\u0131d\u0131r\u201d"},"content":{"rendered":"<p>T\u00fcrkiy\u0259 Milli M\u00fcdafi\u0259 Nazirliyi Qaraba\u011fdak\u0131 son v\u0259ziyy\u0259tl\u0259 ba\u011fl\u0131 a\u00e7\u0131qlama verib.<\/p>\n<p>\u201cHaber Global\u201d bu bar\u0259d\u0259 x\u0259b\u0259r yay\u0131b.<\/p>\n<p>Bildirilib ki, Erm\u0259nistan terror\u00e7ular\u0131 v\u0259 muzdlular\u0131 geri qaytarmal\u0131, h\u00fccumlar\u0131na v\u0259 Az\u0259rbaycan \u0259razil\u0259rind\u0259ki haqs\u0131z i\u015f\u011fallar\u0131na son qoymal\u0131d\u0131r:<\/p>\n<div id=\"AdviadNativeVideo0\" class=\"AdviadNativeVideo\"><\/div>\n<p>\u201cAz\u0259rbaycandak\u0131 hadis\u0259l\u0259rl\u0259 \u0259laq\u0259dar olaraq; m\u0259lum oldu\u011fu kimi Erm\u0259nistan 27 sentyabr 2020-ci il tarixind\u0259 ba\u015flatd\u0131\u011f\u0131 qeyri-insani h\u00fccumlara v\u0259 10, 18 oktyabr tarixl\u0259rind\u0259 elan edilmi\u015f at\u0259\u015fk\u0259sl\u0259r\u0259 baxmayaraq, beyn\u0259lxalq h\u00fcquqa zidd olaraq m\u00fclki \u015f\u0259xsl\u0259ri v\u0259 ya\u015fay\u0131\u015f m\u0259nt\u0259q\u0259l\u0259rini birba\u015fa h\u0259d\u0259f alma\u011fa davam edir.<\/p>\n<p>B\u00f6lg\u0259d\u0259 s\u00fclh v\u0259 sabitliyin b\u0259rq\u0259rar olmas\u0131 \u00fc\u00e7\u00fcn Erm\u0259nistan terror\u00e7ular\u0131 v\u0259 muzdlular\u0131 geri qaytarmal\u0131, h\u00fccumlar\u0131n\u0131 v\u0259 Az\u0259rbaycan \u0259razil\u0259rind\u0259ki haqs\u0131z i\u015f\u011fal\u0131 dayand\u0131rmal\u0131d\u0131r. \u018fvv\u0259ll\u0259r oldu\u011fu kimi, bundan sonra da, haql\u0131 m\u00fcbariz\u0259l\u0259rind\u0259 az\u0259rbaycanl\u0131 qarda\u015flar\u0131m\u0131z\u0131n yan\u0131nda olma\u011fa v\u0259 onlara d\u0259st\u0259k verm\u0259y\u0259 davam ed\u0259c\u0259yik.<\/p>\n<p>Do\u011fma torpaqlar\u0131n\u0131 Erm\u0259nistan\u0131n i\u015f\u011fal\u0131ndan qurtarark\u0259n \u015f\u0259hid olan qarda\u015flar\u0131m\u0131za Allahdan r\u0259hm\u0259t, yaral\u0131lar\u0131m\u0131za \u015f\u0259fa dil\u0259yirik\u201d, &#8211; dey\u0259 m\u0259lumatda qeyd olunub.<\/p>\n","protected":false},"excerpt":{"rendered":"<p>T\u00fcrkiy\u0259 Milli M\u00fcdafi\u0259 Nazirliyi Qaraba\u011fdak\u0131 son v\u0259ziyy\u0259tl\u0259 ba\u011fl\u0131 a\u00e7\u0131qlama verib. \u201cHaber Global\u201d bu bar\u0259d\u0259 x\u0259b\u0259r yay\u0131b. Bildirilib ki, Erm\u0259nistan terror\u00e7ular\u0131 v\u0259 muzdlular\u0131 geri qaytarmal\u0131, h\u00fccumlar\u0131na v\u0259 Az\u0259rbaycan \u0259razil\u0259rind\u0259ki haqs\u0131z i\u015f\u011fallar\u0131na son qoymal\u0131d\u0131r: \u201cAz\u0259rbaycandak\u0131 hadis\u0259l\u0259rl\u0259 \u0259laq\u0259dar olaraq; m\u0259lum oldu\u011fu kimi Erm\u0259nistan 27 sentyabr 2020-ci il tarixind\u0259 ba\u015flatd\u0131\u011f\u0131 qeyri-insani h\u00fccumlara v\u0259 10, 18 oktyabr tarixl\u0259rind\u0259 elan edilmi\u015f at\u0259\u015fk\u0259sl\u0259r\u0259 baxmayaraq, beyn\u0259lxalq h\u00fcquqa zidd olaraq m\u00fclki \u015f\u0259xsl\u0259ri v\u0259 ya\u015fay\u0131\u015f m\u0259nt\u0259q\u0259l\u0259rini birba\u015fa h\u0259d\u0259f alma\u011fa davam edir. B\u00f6lg\u0259d\u0259 s\u00fclh v\u0259 sabitliyin b\u0259rq\u0259rar olmas\u0131 \u00fc\u00e7\u00fcn Erm\u0259nistan terror\u00e7ular\u0131 v\u0259 muzdlular\u0131 geri qaytarmal\u0131, h\u00fccumlar\u0131n\u0131 v\u0259 Az\u0259rbaycan \u0259razil\u0259rind\u0259ki haqs\u0131z i\u015f\u011fal\u0131&hellip;<\/p>\n","protected":false},"author":2,"featured_media":229920,"comment_status":"closed","ping_status":"closed","sticky":false,"template":"","format":"standard","meta":{"om_disable_all_campaigns":false,"_monsterinsights_skip_tracking":false,"_monsterinsights_sitenote_active":false,"_monsterinsights_sitenote_note":"","_monsterinsights_sitenote_category":0},"categories":[7],"tags":[],"aioseo_notices":[],"gutentor_comment":0,"rttpg_featured_image_url":{"full":["https:\/\/arantv.az\/wp-content\/uploads\/2020\/10\/12ea451d-75c0-406f-a790-77c49bf3e36d.jpg",620,349,false],"landscape":["https:\/\/arantv.az\/wp-content\/uploads\/2020\/10\/12ea451d-75c0-406f-a790-77c49bf3e36d.jpg",620,349,false],"portraits":["https:\/\/arantv.az\/wp-content\/uploads\/2020\/10\/12ea451d-75c0-406f-a790-77c49bf3e36d.jpg",620,349,false],"thumbnail":["https:\/\/arantv.az\/wp-content\/uploads\/2020\/10\/12ea451d-75c0-406f-a790-77c49bf3e36d-150x150.jpg",150,150,true],"medium":["https:\/\/arantv.az\/wp-content\/uploads\/2020\/10\/12ea451d-75c0-406f-a790-77c49bf3e36d-300x169.jpg",300,169,true],"large":["https:\/\/arantv.az\/wp-content\/uploads\/2020\/10\/12ea451d-75c0-406f-a790-77c49bf3e36d.jpg",620,349,false],"1536x1536":["https:\/\/arantv.az\/wp-content\/uploads\/2020\/10\/12ea451d-75c0-406f-a790-77c49bf3e36d.jpg",620,349,false],"2048x2048":["https:\/\/arantv.az\/wp-content\/uploads\/2020\/10\/12ea451d-75c0-406f-a790-77c49bf3e36d.jpg",620,349,false],"post-thumbnail":["https:\/\/arantv.az\/wp-content\/uploads\/2020\/10\/12ea451d-75c0-406f-a790-77c49bf3e36d-240x172.jpg",240,172,true],"advps-thumb-one":["https:\/\/arantv.az\/wp-content\/uploads\/2020\/10\/12ea451d-75c0-406f-a790-77c49bf3e36d.jpg",620,349,false]},"rttpg_author":{"display_name":"V\u00fcsal Rafiqo\u011flu","author_link":"https:\/\/arantv.az\/?author=2"},"rttpg_comment":0,"rttpg_category":"<a href=\"https:\/\/arantv.az\/?cat=7\" rel=\"category\">D\u00fcnya<\/a>","rttpg_excerpt":"T\u00fcrkiy\u0259 Milli M\u00fcdafi\u0259 Nazirliyi Qaraba\u011fdak\u0131 son v\u0259ziyy\u0259tl\u0259 ba\u011fl\u0131 a\u00e7\u0131qlama verib. \u201cHaber Global\u201d bu bar\u0259d\u0259 x\u0259b\u0259r yay\u0131b. Bildirilib ki, Erm\u0259nistan terror\u00e7ular\u0131 v\u0259 muzdlular\u0131 geri qaytarmal\u0131, h\u00fccumlar\u0131na v\u0259 Az\u0259rbaycan \u0259razil\u0259rind\u0259ki haqs\u0131z i\u015f\u011fallar\u0131na son qoymal\u0131d\u0131r: \u201cAz\u0259rbaycandak\u0131 hadis\u0259l\u0259rl\u0259 \u0259laq\u0259dar olaraq; m\u0259lum oldu\u011fu kimi Erm\u0259nistan 27 sentyabr 2020-ci il tarixind\u0259 ba\u015flatd\u0131\u011f\u0131 qeyri-insani h\u00fccumlara v\u0259 10, 18 oktyabr tarixl\u0259rind\u0259 elan edilmi\u015f&hellip;","_links":{"self":[{"href":"https:\/\/arantv.az\/index.php?rest_route=\/wp\/v2\/posts\/229919"}],"collection":[{"href":"https:\/\/arantv.az\/index.php?rest_route=\/wp\/v2\/posts"}],"about":[{"href":"https:\/\/arantv.az\/index.php?rest_route=\/wp\/v2\/types\/post"}],"author":[{"embeddable":true,"href":"https:\/\/arantv.az\/index.php?rest_route=\/wp\/v2\/users\/2"}],"replies":[{"embeddable":true,"href":"https:\/\/arantv.az\/index.php?rest_route=%2Fwp%2Fv2%2Fcomments&post=229919"}],"version-history":[{"count":0,"href":"https:\/\/arantv.az\/index.php?rest_route=\/wp\/v2\/posts\/229919\/revisions"}],"wp:featuredmedia":[{"embeddable":true,"href":"https:\/\/arantv.az\/index.php?rest_route=\/wp\/v2\/media\/229920"}],"wp:attachment":[{"href":"https:\/\/arantv.az\/index.php?rest_route=%2Fwp%2Fv2%2Fmedia&parent=229919"}],"wp:term":[{"taxonomy":"category","embeddable":true,"href":"https:\/\/arantv.az\/index.php?rest_route=%2Fwp%2Fv2%2Fcategories&post=229919"},{"taxonomy":"post_tag","embeddable":true,"href":"https:\/\/arantv.az\/index.php?rest_route=%2Fwp%2Fv2%2Ftags&post=229919"}],"curies":[{"name":"wp","href":"https:\/\/api.w.org\/{rel}","templated":true}]}}