{"id":230284,"date":"2020-10-25T11:58:20","date_gmt":"2020-10-25T08:58:20","guid":{"rendered":"http:\/\/arantv.az\/?p=230284"},"modified":"2020-10-25T11:58:20","modified_gmt":"2020-10-25T08:58:20","slug":"ilham-%c9%99liyevd%c9%99n-fox-newsun-q%c9%99r%c9%99zli-sualina-s%c9%99rt-cavab-2","status":"publish","type":"post","link":"https:\/\/arantv.az\/?p=230284","title":{"rendered":"\u0130lham \u018fliyevd\u0259n \u201cFox News\u201dun q\u0259r\u0259zli sual\u0131na S\u018fRT CAVAB"},"content":{"rendered":"<p>Prezident \u0130lham \u018fliyev AB\u015e-\u0131n \u201cFox News\u201d telekanal\u0131na m\u00fcsahib\u0259si zaman\u0131 bir s\u0131ra q\u0259r\u0259zli suallara tutarl\u0131 cavablar\u00a0verib.<\/p>\n<p>M\u00fcsahib\u0259 zaman\u0131 jurnalist d\u00f6vl\u0259t ba\u015f\u00e7\u0131m\u0131za Qaraba\u011fda d\u00f6y\u00fc\u015fl\u0259rin \u00f6lk\u0259 daxilind\u0259 sosial m\u0259s\u0259l\u0259l\u0259rd\u0259n, iqtisadi t\u0259n\u0259zz\u00fcl, korrupsiya, COVID-19-dan diqq\u0259ti yay\u0131nd\u0131rmaq \u00fc\u00e7\u00fcn istifad\u0259 etm\u0259k bar\u0259d\u0259 f\u0259rziyy\u0259l\u0259r ir\u0259li s\u00fcr\u00fcb.<\/p>\n<p>Prezident \u0130lham \u018fliyev bu f\u0259rziyy\u0259l\u0259rin q\u0259tiyy\u0259n h\u0259qiq\u0259t\u0259 uy\u011fun olmad\u0131\u011f\u0131n\u0131 bildirib:<\/p>\n<div id=\"AdviadNativeVideo0\" class=\"AdviadNativeVideo\"><\/div>\n<p>\u201cXeyr, xeyr. Bu, tamamil\u0259 yanl\u0131\u015fd\u0131r. Birincisi, bizim iqtisadi g\u00f6st\u0259ricil\u0259rimiz d\u00fcnyada \u0259n yax\u015f\u0131lardan biridir. On ay \u0259rzind\u0259 Az\u0259rbaycanda iqtisadi geril\u0259m\u0259 4 faizd\u0259n azd\u0131r. Siz bunu \u00f6z \u00f6lk\u0259niz v\u0259 ya Avropa \u00f6lk\u0259l\u0259ri il\u0259 m\u00fcqayis\u0259 ed\u0259 bil\u0259rsiniz. Az\u0259rbaycanda i\u015fsizlik s\u0259viyy\u0259si 7 faizdir. Bunu \u00f6z \u00f6lk\u0259nizl\u0259 m\u00fcqayis\u0259 edin.<\/p>\n<p>Az\u0259rbaycanda yoxsulluq s\u0259viyy\u0259si 5 faizdir. Yenid\u0259n bunu m\u00fcqayis\u0259 edin. Bizim ciddi sosial problemimiz yoxdur. COVID-19-la ba\u011fl\u0131 Az\u0259rbaycan \u00dcmumd\u00fcnya S\u0259hiyy\u0259 T\u0259\u015fkilat\u0131 t\u0259r\u0259find\u0259n n\u00fcmun\u0259 kimi g\u00f6st\u0259rilir. Biz 30-dan \u00e7ox \u00f6lk\u0259y\u0259\u00a0maliyy\u0259 d\u0259st\u0259yi, humanitar d\u0259st\u0259k g\u00f6st\u0259rmi\u015fik. \u0130qtisadiyyat\u0131m\u0131z sabitdir, davaml\u0131d\u0131r.<\/p>\n<p>Sizin dediyiniz kimi, b\u0259zi daxili probleml\u0259ri \u00f6rt-basd\u0131r etm\u0259k \u00fc\u00e7\u00fcn m\u00fcharib\u0259y\u0259 ba\u015flama\u011fa ehtiyac yoxdur. Bu, qar\u015f\u0131 t\u0259r\u0259fd\u0259 bel\u0259dir. Haz\u0131rda tamamil\u0259 iqtisadi v\u0259 sosial probleml\u0259rin i\u00e7ind\u0259 olan Erm\u0259nistan\u0131n diqq\u0259ti yay\u0131nd\u0131rma\u011fa ehtiyac\u0131 var. Apar\u0131c\u0131 m\u00fcxalif\u0259t partiyas\u0131n\u0131n liderini h\u0259bs ed\u0259n Erm\u0259nistan\u0131n ba\u015f naziridir. O, iki sabiq prezidenti t\u0259qib edir\u201d.<\/p>\n<p>M\u00fcxbirin h\u00f6kum\u0259td\u0259 v\u0259 korporativ strukturlarda ail\u0259 idar\u0259\u00e7iliyi v\u0259 korrupsiya il\u0259 ba\u011fl\u0131 sual\u0131na Prezidentin cavab\u0131 birm\u0259nal\u0131 olub:<\/p>\n<p>\u201cXeyr, korrupsiya var v\u0259 biz buna qar\u015f\u0131 m\u00fcbariz\u0259 apar\u0131r\u0131q. Biz geni\u015f iqtisadi islahatlar proqram\u0131 t\u0259qdim etmi\u015fik. Son vaxtlarda bir \u00e7ox insanlar, bir \u00e7ox h\u00f6kum\u0259t r\u0259smil\u0259ri v\u0259 y\u00fcks\u0259k r\u00fctb\u0259li r\u0259smil\u0259r korrupsiya ittiham\u0131 il\u0259 h\u0259bs olunublar. Korrupsiya h\u0259r yerd\u0259 var v\u0259 biz bununla m\u00fcbariz\u0259 apar\u0131r\u0131q.<\/p>\n<p>Ail\u0259 idar\u0259\u00e7iliyin\u0259 g\u0259linc\u0259, m\u0259n bir daha sizin \u00f6z \u00f6lk\u0259niz\u0259 diqq\u0259t \u00e7\u0259km\u0259k ist\u0259yir\u0259m, orada m\u00fch\u00fcm v\u0259zif\u0259l\u0259ri ata v\u0259 o\u011ful tutmu\u015fdu. Bu\u015f ail\u0259si, Klinton ail\u0259si, \u0259r v\u0259 arvad, Kennedi ail\u0259si v\u0259 bir \u00e7ox ba\u015fqa \u00f6lk\u0259l\u0259rd\u0259. Bel\u0259likl\u0259, bu, AB\u015e-da ba\u015f ver\u0259nl\u0259rd\u0259n f\u0259rql\u0259nmir\u201d.<\/p>\n<p>Bundan sonra m\u00fcxbir onlar\u0131n ham\u0131s\u0131n\u0131n demokratik v\u0259 \u015f\u0259ffaf \u015f\u0259kild\u0259 se\u00e7ildiyini bildirib:<\/p>\n<p>\u201cB\u0259li, x\u00fcsusil\u0259 AB\u015e Ali M\u0259hk\u0259m\u0259sinin q\u0259rar\u0131 il\u0259 se\u00e7ilmi\u015f Bu\u015f\u201d.<\/p>\n","protected":false},"excerpt":{"rendered":"<p>Prezident \u0130lham \u018fliyev AB\u015e-\u0131n \u201cFox News\u201d telekanal\u0131na m\u00fcsahib\u0259si zaman\u0131 bir s\u0131ra q\u0259r\u0259zli suallara tutarl\u0131 cavablar\u00a0verib. M\u00fcsahib\u0259 zaman\u0131 jurnalist d\u00f6vl\u0259t ba\u015f\u00e7\u0131m\u0131za Qaraba\u011fda d\u00f6y\u00fc\u015fl\u0259rin \u00f6lk\u0259 daxilind\u0259 sosial m\u0259s\u0259l\u0259l\u0259rd\u0259n, iqtisadi t\u0259n\u0259zz\u00fcl, korrupsiya, COVID-19-dan diqq\u0259ti yay\u0131nd\u0131rmaq \u00fc\u00e7\u00fcn istifad\u0259 etm\u0259k bar\u0259d\u0259 f\u0259rziyy\u0259l\u0259r ir\u0259li s\u00fcr\u00fcb. Prezident \u0130lham \u018fliyev bu f\u0259rziyy\u0259l\u0259rin q\u0259tiyy\u0259n h\u0259qiq\u0259t\u0259 uy\u011fun olmad\u0131\u011f\u0131n\u0131 bildirib: \u201cXeyr, xeyr. Bu, tamamil\u0259 yanl\u0131\u015fd\u0131r. Birincisi, bizim iqtisadi g\u00f6st\u0259ricil\u0259rimiz d\u00fcnyada \u0259n yax\u015f\u0131lardan biridir. On ay \u0259rzind\u0259 Az\u0259rbaycanda iqtisadi geril\u0259m\u0259 4 faizd\u0259n azd\u0131r. Siz bunu \u00f6z \u00f6lk\u0259niz v\u0259 ya Avropa \u00f6lk\u0259l\u0259ri il\u0259 m\u00fcqayis\u0259 ed\u0259 bil\u0259rsiniz. Az\u0259rbaycanda i\u015fsizlik s\u0259viyy\u0259si 7 faizdir. Bunu \u00f6z&hellip;<\/p>\n","protected":false},"author":2,"featured_media":230285,"comment_status":"closed","ping_status":"closed","sticky":false,"template":"","format":"standard","meta":{"om_disable_all_campaigns":false,"_monsterinsights_skip_tracking":false,"_monsterinsights_sitenote_active":false,"_monsterinsights_sitenote_note":"","_monsterinsights_sitenote_category":0},"categories":[19],"tags":[],"aioseo_notices":[],"gutentor_comment":0,"rttpg_featured_image_url":{"full":["https:\/\/arantv.az\/wp-content\/uploads\/2020\/10\/15982589223052812768_1000x669-2.jpg",620,457,false],"landscape":["https:\/\/arantv.az\/wp-content\/uploads\/2020\/10\/15982589223052812768_1000x669-2.jpg",620,457,false],"portraits":["https:\/\/arantv.az\/wp-content\/uploads\/2020\/10\/15982589223052812768_1000x669-2.jpg",620,457,false],"thumbnail":["https:\/\/arantv.az\/wp-content\/uploads\/2020\/10\/15982589223052812768_1000x669-2-150x150.jpg",150,150,true],"medium":["https:\/\/arantv.az\/wp-content\/uploads\/2020\/10\/15982589223052812768_1000x669-2-300x221.jpg",300,221,true],"large":["https:\/\/arantv.az\/wp-content\/uploads\/2020\/10\/15982589223052812768_1000x669-2.jpg",620,457,false],"1536x1536":["https:\/\/arantv.az\/wp-content\/uploads\/2020\/10\/15982589223052812768_1000x669-2.jpg",620,457,false],"2048x2048":["https:\/\/arantv.az\/wp-content\/uploads\/2020\/10\/15982589223052812768_1000x669-2.jpg",620,457,false],"post-thumbnail":["https:\/\/arantv.az\/wp-content\/uploads\/2020\/10\/15982589223052812768_1000x669-2-240x172.jpg",240,172,true],"advps-thumb-one":["https:\/\/arantv.az\/wp-content\/uploads\/2020\/10\/15982589223052812768_1000x669-2.jpg",620,457,false]},"rttpg_author":{"display_name":"V\u00fcsal Rafiqo\u011flu","author_link":"https:\/\/arantv.az\/?author=2"},"rttpg_comment":0,"rttpg_category":"<a href=\"https:\/\/arantv.az\/?cat=19\" rel=\"category\">G\u00fcnd\u0259m<\/a>","rttpg_excerpt":"Prezident \u0130lham \u018fliyev AB\u015e-\u0131n \u201cFox News\u201d telekanal\u0131na m\u00fcsahib\u0259si zaman\u0131 bir s\u0131ra q\u0259r\u0259zli suallara tutarl\u0131 cavablar\u00a0verib. M\u00fcsahib\u0259 zaman\u0131 jurnalist d\u00f6vl\u0259t ba\u015f\u00e7\u0131m\u0131za Qaraba\u011fda d\u00f6y\u00fc\u015fl\u0259rin \u00f6lk\u0259 daxilind\u0259 sosial m\u0259s\u0259l\u0259l\u0259rd\u0259n, iqtisadi t\u0259n\u0259zz\u00fcl, korrupsiya, COVID-19-dan diqq\u0259ti yay\u0131nd\u0131rmaq \u00fc\u00e7\u00fcn istifad\u0259 etm\u0259k bar\u0259d\u0259 f\u0259rziyy\u0259l\u0259r ir\u0259li s\u00fcr\u00fcb. Prezident \u0130lham \u018fliyev bu f\u0259rziyy\u0259l\u0259rin q\u0259tiyy\u0259n h\u0259qiq\u0259t\u0259 uy\u011fun olmad\u0131\u011f\u0131n\u0131 bildirib: \u201cXeyr, xeyr. Bu, tamamil\u0259 yanl\u0131\u015fd\u0131r. Birincisi,&hellip;","_links":{"self":[{"href":"https:\/\/arantv.az\/index.php?rest_route=\/wp\/v2\/posts\/230284"}],"collection":[{"href":"https:\/\/arantv.az\/index.php?rest_route=\/wp\/v2\/posts"}],"about":[{"href":"https:\/\/arantv.az\/index.php?rest_route=\/wp\/v2\/types\/post"}],"author":[{"embeddable":true,"href":"https:\/\/arantv.az\/index.php?rest_route=\/wp\/v2\/users\/2"}],"replies":[{"embeddable":true,"href":"https:\/\/arantv.az\/index.php?rest_route=%2Fwp%2Fv2%2Fcomments&post=230284"}],"version-history":[{"count":0,"href":"https:\/\/arantv.az\/index.php?rest_route=\/wp\/v2\/posts\/230284\/revisions"}],"wp:featuredmedia":[{"embeddable":true,"href":"https:\/\/arantv.az\/index.php?rest_route=\/wp\/v2\/media\/230285"}],"wp:attachment":[{"href":"https:\/\/arantv.az\/index.php?rest_route=%2Fwp%2Fv2%2Fmedia&parent=230284"}],"wp:term":[{"taxonomy":"category","embeddable":true,"href":"https:\/\/arantv.az\/index.php?rest_route=%2Fwp%2Fv2%2Fcategories&post=230284"},{"taxonomy":"post_tag","embeddable":true,"href":"https:\/\/arantv.az\/index.php?rest_route=%2Fwp%2Fv2%2Ftags&post=230284"}],"curies":[{"name":"wp","href":"https:\/\/api.w.org\/{rel}","templated":true}]}}