{"id":230292,"date":"2020-10-25T11:59:48","date_gmt":"2020-10-25T08:59:48","guid":{"rendered":"http:\/\/arantv.az\/?p=230292"},"modified":"2020-10-25T11:59:48","modified_gmt":"2020-10-25T08:59:48","slug":"turkiy%c9%99-prezidentinin-bas-musaviri-az%c9%99rbaycan-ordusu-isgalcilari-iti-qovan-kimi-qovur","status":"publish","type":"post","link":"https:\/\/arantv.az\/?p=230292","title":{"rendered":"T\u00fcrkiy\u0259 Prezidentinin ba\u015f m\u00fc\u015faviri: \u201cAz\u0259rbaycan Ordusu i\u015f\u011fal\u00e7\u0131lar\u0131 iti qovan kimi qovur\u201d"},"content":{"rendered":"<p>Az\u0259rbaycan\u0131n q\u0259hr\u0259man \u00f6vladlar\u0131 Ali Ba\u015f Komandan \u0130lham \u018fliyevin r\u0259hb\u0259rliyi alt\u0131nda g\u00fcc\u00fcn\u00fc xalqdan alaraq \u0259dal\u0259ti yenid\u0259n b\u0259rq\u0259rar edir<\/p>\n<p>Bunu Trend-\u0259 T\u00fcrkiy\u0259 Prezidentinin ba\u015f m\u00fc\u015faviri Yal\u00e7\u0131n Top\u00e7u deyib.<\/p>\n<p>O qeyd edib ki, \u015fanl\u0131 Az\u0259rbaycan Ordusu c\u0259bh\u0259d\u0259 bir m\u00fclki \u015f\u0259xs\u0259 z\u0259r\u0259r verm\u0259d\u0259n h\u0259r g\u00fcn yeni torpaqlar\u0131 i\u015f\u011faldan qurtarmaqla insanl\u0131\u011fa qar\u015f\u0131 cinay\u0259t t\u00f6r\u0259d\u0259n t\u0259cav\u00fczkar i\u015f\u011fal\u00e7\u0131 Erm\u0259nistana laz\u0131m\u0131 d\u0259rs verir:<\/p>\n<div id=\"AdviadNativeVideo0\" class=\"AdviadNativeVideo\"><\/div>\n<p>\u201cAz\u0259rbaycan Ordusu \u00f6lk\u0259nin i\u015f\u011fal olunmu\u015f torpaqlar\u0131n\u0131n h\u0259r qar\u0131\u015f\u0131n\u0131 geri ala bilir, \u00f6z problemini \u00f6z\u00fc h\u0259ll edir v\u0259 i\u015f\u011fal\u00e7\u0131lar\u0131 iti qovan kimi qovur\u201d.<\/p>\n<p>O \u0259lav\u0259 edib ki, Erm\u0259nistan\u0131n T\u00fcrkiy\u0259nin Az\u0259rbaycan \u0259razisind\u0259 h\u0259rbi baza qurmas\u0131 haqda iddialar\u0131n\u0131n m\u0259qs\u0259dy\u00f6nl\u00fc dezinformasiya oldu\u011funun \u015fahidi olduq.<\/p>\n<p>\u201cBu dezinformasiya v\u0259 qarayaxma kampaniyas\u0131n\u0131n qayna\u011f\u0131 b\u0259llidir. T\u00fcrkiy\u0259nin qarda\u015f Az\u0259rbaycana d\u0259st\u0259k verm\u0259si \u00fc\u00e7\u00fcn qarda\u015f d\u00f6vl\u0259tin \u0259razisind\u0259 h\u0259rbi baza qurmas\u0131na v\u0259 h\u0259r hans\u0131 x\u00fcsusi raz\u0131la\u015fmaya ehtiyac yoxdur\u201d.<\/p>\n<p>Y.Top\u00e7u onu da \u0259lav\u0259 edib ki, pandemiya olmas\u0131na baxmayaraq, bu il \u0259rzind\u0259 Az\u0259rbaycan v\u0259 T\u00fcrkiy\u0259 ordular\u0131 10-dan \u00e7ox birg\u0259 h\u0259rbi t\u0259lim ke\u00e7iribl\u0259r.<\/p>\n<p>T\u00fcrkiy\u0259 Prezidentinin ba\u015f m\u00fc\u015faviri qeyd edib ki , Erm\u0259nistan\u0131n ASALA-PKK-YPG terror t\u0259\u015fkilatlar\u0131ndan ald\u0131\u011f\u0131 d\u0259st\u0259kl\u0259 Az\u0259rbaycan\u0131n \u015f\u0259h\u0259rl\u0259rini raket at\u0259\u015fin\u0259 tutmas\u0131 bu \u00f6lk\u0259nin beyn\u0259lxalq h\u00fcququ he\u00e7\u0259 sayaraq insanl\u0131q \u0259leyhin\u0259 cinay\u0259t i\u015fl\u0259diyini g\u00f6st\u0259rir.<\/p>\n<p>\u201cAz\u0259rbaycan beyn\u0259lxalq h\u00fcquqa arxalanaraq m\u00fcdafi\u0259 haqq\u0131na sahib olmaqla xalq\u0131n\u0131 v\u0259 \u0259razi b\u00fct\u00f6vl\u00fcy\u00fcn\u00fc qorumaq \u0259zmini tam bir \u015f\u0259kild\u0259 ortaya qoyub. \u015eanl\u0131 Az\u0259rbaycan Ordusu beyn\u0259lxalq h\u00fcquq \u00e7\u0259r\u00e7iv\u0259sind\u0259, BMT T\u015e-nin q\u0259rarlar\u0131n\u0131n t\u0259l\u0259bin\u0259 uy\u011fun olaraq v\u0259t\u0259n torpaqlar\u0131n\u0131n i\u015f\u011fal\u0131na son qoymaq \u00fc\u00e7\u00fcn m\u0259rd \u015f\u0259kild\u0259 m\u00fcbariz\u0259 apar\u0131r\u201d.<\/p>\n<p>Onun s\u00f6zl\u0259rin\u0259 g\u00f6r\u0259, Erm\u0259nistan\u0131n Az\u0259rbaycan\u0131n \u015f\u0259h\u0259rl\u0259rini at\u0259\u015f\u0259 tutmas\u0131nda \u0259sas h\u0259d\u0259f Az\u0259rbaycan\u0131 eyni add\u0131ma t\u0259hrik etm\u0259kdir:<\/p>\n<p>\u201c\u0130\u015f\u011fal\u00e7\u0131 Erm\u0259nistan bu m\u00fcharib\u0259d\u0259 t\u0259k qalib g\u0259l\u0259 bilm\u0259y\u0259c\u0259yini \u00e7ox yax\u015f\u0131 bilir, xidm\u0259t etdiyi q\u00fcvv\u0259l\u0259r\u0259 v\u0259 erm\u0259ni diasporuna fayda g\u0259tirm\u0259k \u00fc\u00e7\u00fcn h\u0259r c\u00fcr haqs\u0131zl\u0131q, qanunsuzluq v\u0259 terrora \u0259l at\u0131r.<\/p>\n<p>\u201cT\u00fcrkiy\u0259 v\u0259 Az\u0259rbaycan ayr\u0131 be\u015fikl\u0259rd\u0259 b\u00f6y\u00fcm\u00fc\u015f bir anan\u0131n iki \u0259kiz \u00f6vlad\u0131d\u0131r. T\u00fcrkiy\u0259 Cumhuriyy\u0259tinin banisi Mustafa Kamal Atat\u00fcrk\u00fcn dediyi kimi: \u201cAz\u0259rbaycan\u0131n sevinci bizim sevincimiz, k\u0259d\u0259ri bizim k\u0259d\u0259rimizdir\u201d. Eyni zamanda \u00fcmummilli lider Heyd\u0259r \u018fliyevin dediyi kimi: \u201cBir mill\u0259t , iki d\u00f6vl\u0259tik\u201d.<\/p>\n<p>Y.Top\u00e7u bildirib ki, T\u00fcrkiy\u0259nin \u00f6z torpaqlar\u0131 xaricind\u0259 \u0259n \u00e7ox \u015f\u0259hid verdiyi torpaq Az\u0259rbaycand\u0131r:<br \/>\n\u201c\u0130ki qarda\u015f \u00f6lk\u0259 xalqlar\u0131 aras\u0131ndak\u0131 b\u00fct\u00fcn m\u00fcnasib\u0259tl\u0259r tarixdir, \u0259b\u0259didir v\u0259 eyni zamanda misilsizdir\u201d.<\/p>\n","protected":false},"excerpt":{"rendered":"<p>Az\u0259rbaycan\u0131n q\u0259hr\u0259man \u00f6vladlar\u0131 Ali Ba\u015f Komandan \u0130lham \u018fliyevin r\u0259hb\u0259rliyi alt\u0131nda g\u00fcc\u00fcn\u00fc xalqdan alaraq \u0259dal\u0259ti yenid\u0259n b\u0259rq\u0259rar edir Bunu Trend-\u0259 T\u00fcrkiy\u0259 Prezidentinin ba\u015f m\u00fc\u015faviri Yal\u00e7\u0131n Top\u00e7u deyib. O qeyd edib ki, \u015fanl\u0131 Az\u0259rbaycan Ordusu c\u0259bh\u0259d\u0259 bir m\u00fclki \u015f\u0259xs\u0259 z\u0259r\u0259r verm\u0259d\u0259n h\u0259r g\u00fcn yeni torpaqlar\u0131 i\u015f\u011faldan qurtarmaqla insanl\u0131\u011fa qar\u015f\u0131 cinay\u0259t t\u00f6r\u0259d\u0259n t\u0259cav\u00fczkar i\u015f\u011fal\u00e7\u0131 Erm\u0259nistana laz\u0131m\u0131 d\u0259rs verir: \u201cAz\u0259rbaycan Ordusu \u00f6lk\u0259nin i\u015f\u011fal olunmu\u015f torpaqlar\u0131n\u0131n h\u0259r qar\u0131\u015f\u0131n\u0131 geri ala bilir, \u00f6z problemini \u00f6z\u00fc h\u0259ll edir v\u0259 i\u015f\u011fal\u00e7\u0131lar\u0131 iti qovan kimi qovur\u201d. O \u0259lav\u0259 edib ki, Erm\u0259nistan\u0131n T\u00fcrkiy\u0259nin Az\u0259rbaycan \u0259razisind\u0259 h\u0259rbi baza qurmas\u0131 haqda iddialar\u0131n\u0131n&hellip;<\/p>\n","protected":false},"author":2,"featured_media":230293,"comment_status":"closed","ping_status":"closed","sticky":false,"template":"","format":"standard","meta":{"om_disable_all_campaigns":false,"_monsterinsights_skip_tracking":false,"_monsterinsights_sitenote_active":false,"_monsterinsights_sitenote_note":"","_monsterinsights_sitenote_category":0},"categories":[4],"tags":[],"aioseo_notices":[],"gutentor_comment":0,"rttpg_featured_image_url":{"full":["https:\/\/arantv.az\/wp-content\/uploads\/2020\/10\/26149_yalcin-topcu-turk-demokrasi-tarihi-ve-darbeler-konferansinda_830211.jpg",620,413,false],"landscape":["https:\/\/arantv.az\/wp-content\/uploads\/2020\/10\/26149_yalcin-topcu-turk-demokrasi-tarihi-ve-darbeler-konferansinda_830211.jpg",620,413,false],"portraits":["https:\/\/arantv.az\/wp-content\/uploads\/2020\/10\/26149_yalcin-topcu-turk-demokrasi-tarihi-ve-darbeler-konferansinda_830211.jpg",620,413,false],"thumbnail":["https:\/\/arantv.az\/wp-content\/uploads\/2020\/10\/26149_yalcin-topcu-turk-demokrasi-tarihi-ve-darbeler-konferansinda_830211-150x150.jpg",150,150,true],"medium":["https:\/\/arantv.az\/wp-content\/uploads\/2020\/10\/26149_yalcin-topcu-turk-demokrasi-tarihi-ve-darbeler-konferansinda_830211-300x200.jpg",300,200,true],"large":["https:\/\/arantv.az\/wp-content\/uploads\/2020\/10\/26149_yalcin-topcu-turk-demokrasi-tarihi-ve-darbeler-konferansinda_830211.jpg",620,413,false],"1536x1536":["https:\/\/arantv.az\/wp-content\/uploads\/2020\/10\/26149_yalcin-topcu-turk-demokrasi-tarihi-ve-darbeler-konferansinda_830211.jpg",620,413,false],"2048x2048":["https:\/\/arantv.az\/wp-content\/uploads\/2020\/10\/26149_yalcin-topcu-turk-demokrasi-tarihi-ve-darbeler-konferansinda_830211.jpg",620,413,false],"post-thumbnail":["https:\/\/arantv.az\/wp-content\/uploads\/2020\/10\/26149_yalcin-topcu-turk-demokrasi-tarihi-ve-darbeler-konferansinda_830211-240x172.jpg",240,172,true],"advps-thumb-one":["https:\/\/arantv.az\/wp-content\/uploads\/2020\/10\/26149_yalcin-topcu-turk-demokrasi-tarihi-ve-darbeler-konferansinda_830211.jpg",620,413,false]},"rttpg_author":{"display_name":"V\u00fcsal Rafiqo\u011flu","author_link":"https:\/\/arantv.az\/?author=2"},"rttpg_comment":0,"rttpg_category":"<a href=\"https:\/\/arantv.az\/?cat=4\" rel=\"category\">Siyas\u0259t<\/a>","rttpg_excerpt":"Az\u0259rbaycan\u0131n q\u0259hr\u0259man \u00f6vladlar\u0131 Ali Ba\u015f Komandan \u0130lham \u018fliyevin r\u0259hb\u0259rliyi alt\u0131nda g\u00fcc\u00fcn\u00fc xalqdan alaraq \u0259dal\u0259ti yenid\u0259n b\u0259rq\u0259rar edir Bunu Trend-\u0259 T\u00fcrkiy\u0259 Prezidentinin ba\u015f m\u00fc\u015faviri Yal\u00e7\u0131n Top\u00e7u deyib. O qeyd edib ki, \u015fanl\u0131 Az\u0259rbaycan Ordusu c\u0259bh\u0259d\u0259 bir m\u00fclki \u015f\u0259xs\u0259 z\u0259r\u0259r verm\u0259d\u0259n h\u0259r g\u00fcn yeni torpaqlar\u0131 i\u015f\u011faldan qurtarmaqla insanl\u0131\u011fa qar\u015f\u0131 cinay\u0259t t\u00f6r\u0259d\u0259n t\u0259cav\u00fczkar i\u015f\u011fal\u00e7\u0131 Erm\u0259nistana laz\u0131m\u0131 d\u0259rs verir:&hellip;","_links":{"self":[{"href":"https:\/\/arantv.az\/index.php?rest_route=\/wp\/v2\/posts\/230292"}],"collection":[{"href":"https:\/\/arantv.az\/index.php?rest_route=\/wp\/v2\/posts"}],"about":[{"href":"https:\/\/arantv.az\/index.php?rest_route=\/wp\/v2\/types\/post"}],"author":[{"embeddable":true,"href":"https:\/\/arantv.az\/index.php?rest_route=\/wp\/v2\/users\/2"}],"replies":[{"embeddable":true,"href":"https:\/\/arantv.az\/index.php?rest_route=%2Fwp%2Fv2%2Fcomments&post=230292"}],"version-history":[{"count":0,"href":"https:\/\/arantv.az\/index.php?rest_route=\/wp\/v2\/posts\/230292\/revisions"}],"wp:featuredmedia":[{"embeddable":true,"href":"https:\/\/arantv.az\/index.php?rest_route=\/wp\/v2\/media\/230293"}],"wp:attachment":[{"href":"https:\/\/arantv.az\/index.php?rest_route=%2Fwp%2Fv2%2Fmedia&parent=230292"}],"wp:term":[{"taxonomy":"category","embeddable":true,"href":"https:\/\/arantv.az\/index.php?rest_route=%2Fwp%2Fv2%2Fcategories&post=230292"},{"taxonomy":"post_tag","embeddable":true,"href":"https:\/\/arantv.az\/index.php?rest_route=%2Fwp%2Fv2%2Ftags&post=230292"}],"curies":[{"name":"wp","href":"https:\/\/api.w.org\/{rel}","templated":true}]}}