{"id":23030,"date":"2018-11-13T11:20:16","date_gmt":"2018-11-13T08:20:16","guid":{"rendered":"http:\/\/arantv.az\/?p=23030"},"modified":"2018-11-13T11:20:16","modified_gmt":"2018-11-13T08:20:16","slug":"oqtay-%c9%99s%c9%99dov-g%c9%99l%c9%99n-il-koklu-islahatlarin-kecirilm%c9%99si-n%c9%99z%c9%99rd%c9%99-tutulub","status":"publish","type":"post","link":"https:\/\/arantv.az\/?p=23030","title":{"rendered":"Oqtay \u018fs\u0259dov: \u201cG\u0259l\u0259n il k\u00f6kl\u00fc islahatlar\u0131n ke\u00e7irilm\u0259si n\u0259z\u0259rd\u0259 tutulub\u201d"},"content":{"rendered":"<div class=\"spot\">&#8220;Bu ilin 9 ay\u0131nda makro iqtisadi g\u00f6st\u0259ric\u0259l\u0259r art\u0131b. Valyuta ehtiyat\u0131m\u0131z 45 milyard dollar olub, \u0259halinin g\u0259lirl\u0259ri inflyasiyan\u0131 \u00fcst\u0259liyib&#8221;.<\/div>\n<p><strong>ARANTV.AZ<\/strong> x\u0259b\u0259r verir ki, bu fikirl\u0259ri Milli M\u0259clisin s\u0259dri Oqtay \u018fs\u0259dov parlamentin iclas\u0131nda deyib.<\/p>\n<p>Spiker bildirib ki, 2019-cu ilin b\u00fcdc\u0259si sosial xarakterini qoruyub saxlayacaq:<\/p>\n<p>\u201cB\u00fcdc\u0259 s\u0259n\u0259dind\u0259n ac\u0131q g\u00f6r\u00fcn\u00fcr ki, \u0259halinin sa\u011flaml\u0131\u011f\u0131na proritet kimi bax\u0131l\u0131r. S\u0259hiyy\u0259 sistemin\u0259 ayr\u0131lan v\u0259sait cari ill\u0259 m\u00fcqayis\u0259d\u0259 309 milyon manat, y\u0259ni 32 faiz \u00e7oxdur. \u0130cbari s\u0131\u011forta \u00fc\u00e7\u00fcn 223 milyon manat ayr\u0131l\u0131b.<br \/>\n2019-ci ild\u0259 t\u0259hsil b\u00fcdc\u0259si cari ill\u0259 m\u00fcqayis\u0259d\u0259 11 faiz \u00e7oxdur. Biz\u0259 t\u0259qdim edil\u0259n s\u0259n\u0259dl\u0259rd\u0259n g\u00f6r\u00fcn\u00fcr ki, iqtisadi art\u0131m davam ed\u0259c\u0259k. \u00dcmum daxili m\u0259hsulun 2019-cu ild\u0259 3,6 faiz art\u0131m\u0131 proqnozla\u015fd\u0131r\u0131l\u0131r\u201d.<\/p>\n<div id=\"AdributorNativeVideo0\" class=\"AdributorNativeVideo\"><\/div>\n<p>Oqtay \u018fs\u0259dov \u0259lav\u0259 edib ki, 2019-cu ild\u0259 k\u00f6kl\u00fc islahatlar\u0131n ke\u00e7irilm\u0259si n\u0259z\u0259rd\u0259 tutulub:<\/p>\n<p>\u201cPrezidentin t\u0259qdimatlar\u0131 Milli M\u0259clis\u0259 daxil olub. Y\u0259qin ki, g\u0259l\u0259n iclaslarda biz bu bar\u0259d\u0259 m\u00fczakir\u0259l\u0259r aparaca\u011f\u0131q. Vergil\u0259r M\u0259c\u0259ll\u0259sin\u0259 v\u0259 dig\u0259r qanunlara d\u0259yi\u015fiklikl\u0259r n\u0259z\u0259rd\u0259 tutulur\u201d.<\/p>\n<p><em><br \/>\n\u00d6lk\u0259.Az<\/em><\/p>\n","protected":false},"excerpt":{"rendered":"<p>&#8220;Bu ilin 9 ay\u0131nda makro iqtisadi g\u00f6st\u0259ric\u0259l\u0259r art\u0131b. Valyuta ehtiyat\u0131m\u0131z 45 milyard dollar olub, \u0259halinin g\u0259lirl\u0259ri inflyasiyan\u0131 \u00fcst\u0259liyib&#8221;. ARANTV.AZ x\u0259b\u0259r verir ki, bu fikirl\u0259ri Milli M\u0259clisin s\u0259dri Oqtay \u018fs\u0259dov parlamentin iclas\u0131nda deyib. Spiker bildirib ki, 2019-cu ilin b\u00fcdc\u0259si sosial xarakterini qoruyub saxlayacaq: \u201cB\u00fcdc\u0259 s\u0259n\u0259dind\u0259n ac\u0131q g\u00f6r\u00fcn\u00fcr ki, \u0259halinin sa\u011flaml\u0131\u011f\u0131na proritet kimi bax\u0131l\u0131r. S\u0259hiyy\u0259 sistemin\u0259 ayr\u0131lan v\u0259sait cari ill\u0259 m\u00fcqayis\u0259d\u0259 309 milyon manat, y\u0259ni 32 faiz \u00e7oxdur. \u0130cbari s\u0131\u011forta \u00fc\u00e7\u00fcn 223 milyon manat ayr\u0131l\u0131b. 2019-ci ild\u0259 t\u0259hsil b\u00fcdc\u0259si cari ill\u0259 m\u00fcqayis\u0259d\u0259 11 faiz \u00e7oxdur. Biz\u0259 t\u0259qdim edil\u0259n s\u0259n\u0259dl\u0259rd\u0259n g\u00f6r\u00fcn\u00fcr ki, iqtisadi&hellip;<\/p>\n","protected":false},"author":2,"featured_media":23031,"comment_status":"closed","ping_status":"closed","sticky":false,"template":"","format":"standard","meta":{"om_disable_all_campaigns":false,"_monsterinsights_skip_tracking":false,"_monsterinsights_sitenote_active":false,"_monsterinsights_sitenote_note":"","_monsterinsights_sitenote_category":0},"categories":[4],"tags":[],"aioseo_notices":[],"gutentor_comment":0,"rttpg_featured_image_url":{"full":["https:\/\/arantv.az\/wp-content\/uploads\/2018\/11\/oqtay.jpg",620,375,false],"landscape":["https:\/\/arantv.az\/wp-content\/uploads\/2018\/11\/oqtay.jpg",620,375,false],"portraits":["https:\/\/arantv.az\/wp-content\/uploads\/2018\/11\/oqtay.jpg",620,375,false],"thumbnail":["https:\/\/arantv.az\/wp-content\/uploads\/2018\/11\/oqtay-150x150.jpg",150,150,true],"medium":["https:\/\/arantv.az\/wp-content\/uploads\/2018\/11\/oqtay-300x181.jpg",300,181,true],"large":["https:\/\/arantv.az\/wp-content\/uploads\/2018\/11\/oqtay.jpg",620,375,false],"1536x1536":["https:\/\/arantv.az\/wp-content\/uploads\/2018\/11\/oqtay.jpg",620,375,false],"2048x2048":["https:\/\/arantv.az\/wp-content\/uploads\/2018\/11\/oqtay.jpg",620,375,false],"post-thumbnail":["https:\/\/arantv.az\/wp-content\/uploads\/2018\/11\/oqtay-240x172.jpg",240,172,true],"advps-thumb-one":["https:\/\/arantv.az\/wp-content\/uploads\/2018\/11\/oqtay.jpg",620,375,false]},"rttpg_author":{"display_name":"V\u00fcsal Rafiqo\u011flu","author_link":"https:\/\/arantv.az\/?author=2"},"rttpg_comment":0,"rttpg_category":"<a href=\"https:\/\/arantv.az\/?cat=4\" rel=\"category\">Siyas\u0259t<\/a>","rttpg_excerpt":"&#8220;Bu ilin 9 ay\u0131nda makro iqtisadi g\u00f6st\u0259ric\u0259l\u0259r art\u0131b. Valyuta ehtiyat\u0131m\u0131z 45 milyard dollar olub, \u0259halinin g\u0259lirl\u0259ri inflyasiyan\u0131 \u00fcst\u0259liyib&#8221;. ARANTV.AZ x\u0259b\u0259r verir ki, bu fikirl\u0259ri Milli M\u0259clisin s\u0259dri Oqtay \u018fs\u0259dov parlamentin iclas\u0131nda deyib. Spiker bildirib ki, 2019-cu ilin b\u00fcdc\u0259si sosial xarakterini qoruyub saxlayacaq: \u201cB\u00fcdc\u0259 s\u0259n\u0259dind\u0259n ac\u0131q g\u00f6r\u00fcn\u00fcr ki, \u0259halinin sa\u011flaml\u0131\u011f\u0131na proritet kimi bax\u0131l\u0131r. S\u0259hiyy\u0259 sistemin\u0259 ayr\u0131lan&hellip;","_links":{"self":[{"href":"https:\/\/arantv.az\/index.php?rest_route=\/wp\/v2\/posts\/23030"}],"collection":[{"href":"https:\/\/arantv.az\/index.php?rest_route=\/wp\/v2\/posts"}],"about":[{"href":"https:\/\/arantv.az\/index.php?rest_route=\/wp\/v2\/types\/post"}],"author":[{"embeddable":true,"href":"https:\/\/arantv.az\/index.php?rest_route=\/wp\/v2\/users\/2"}],"replies":[{"embeddable":true,"href":"https:\/\/arantv.az\/index.php?rest_route=%2Fwp%2Fv2%2Fcomments&post=23030"}],"version-history":[{"count":0,"href":"https:\/\/arantv.az\/index.php?rest_route=\/wp\/v2\/posts\/23030\/revisions"}],"wp:featuredmedia":[{"embeddable":true,"href":"https:\/\/arantv.az\/index.php?rest_route=\/wp\/v2\/media\/23031"}],"wp:attachment":[{"href":"https:\/\/arantv.az\/index.php?rest_route=%2Fwp%2Fv2%2Fmedia&parent=23030"}],"wp:term":[{"taxonomy":"category","embeddable":true,"href":"https:\/\/arantv.az\/index.php?rest_route=%2Fwp%2Fv2%2Fcategories&post=23030"},{"taxonomy":"post_tag","embeddable":true,"href":"https:\/\/arantv.az\/index.php?rest_route=%2Fwp%2Fv2%2Ftags&post=23030"}],"curies":[{"name":"wp","href":"https:\/\/api.w.org\/{rel}","templated":true}]}}