{"id":23033,"date":"2018-11-13T11:23:59","date_gmt":"2018-11-13T08:23:59","guid":{"rendered":"http:\/\/arantv.az\/?p=23033"},"modified":"2018-11-13T11:23:59","modified_gmt":"2018-11-13T08:23:59","slug":"%c9%99rdogan-trampla-muzakir%c9%99-etdiyi-m%c9%99s%c9%99l%c9%99l%c9%99ri-aciqladi","status":"publish","type":"post","link":"https:\/\/arantv.az\/?p=23033","title":{"rendered":"\u018frdo\u011fan Trampla m\u00fczakir\u0259 etdiyi m\u0259s\u0259l\u0259l\u0259ri a\u00e7\u0131qlad\u0131"},"content":{"rendered":"<blockquote><p><strong>AB\u015e prezidenti Donald Trampla g\u00f6r\u00fc\u015f\u00fcm\u00fczd\u0259 Suriya, PKK\/YPG-PYD, F\u0259tullah\u00e7\u0131 Terror T\u0259\u015fkilat\u0131, &#8220;Halkbank&#8221; m\u0259s\u0259l\u0259l\u0259rini m\u00fczakir\u0259 etdik.<\/strong><\/p><\/blockquote>\n<p><strong>ARANTV.AZ<\/strong> report-a istinad\u0259n bildirir ki,\u00a0bunu T\u00fcrkiy\u0259 prezidenti\u00a0<strong>R\u0259c\u0259b Tayyib \u018frdo\u011fan<\/strong>\u00a0Fransaya s\u0259f\u0259rd\u0259n geri d\u00f6n\u0259rk\u0259n, t\u0259yyar\u0259d\u0259 jurnalistl\u0259r\u0259 a\u00e7\u0131qlamas\u0131nda bildirib.<\/p>\n<p>Onun s\u00f6zl\u0259rin\u0259 g\u00f6r\u0259, D.Trampla sonuncu telefon dan\u0131\u015f\u0131qlar\u0131 zaman\u0131 da &#8220;Halkbank&#8221; m\u0259s\u0259l\u0259sini m\u00fczakir\u0259 edibl\u0259rmi\u015f:\u00a0<em>&#8220;&#8221;Halkbank&#8221;la \u0259laq\u0259dar telefon dan\u0131\u015f\u0131\u011f\u0131m\u0131zdan sonra c\u0259nab Donald Tramp \u00f6lk\u0259sinin X\u0259zin\u0259 v\u0259 Maliyy\u0259 Nazirliyin\u0259 24 saat \u0259rzind\u0259 t\u0259limat verdi v\u0259 nazir d\u0259 bizim x\u0259zin\u0259 v\u0259 maliyy\u0259 nazirimiz Berat Albayraka z\u0259ng el\u0259di. Bu m\u0259s\u0259l\u0259nin h\u0259lli \u00fc\u00e7\u00fcn at\u0131lacaq add\u0131mlar\u0131, g\u00f6r\u00fcl\u0259c\u0259k i\u015fl\u0259ri m\u00fczakir\u0259 etdil\u0259r. M\u0259s\u0259l\u0259nin h\u0259lli il\u0259 ba\u011fl\u0131 f\u0259rqli m\u0259nz\u0259r\u0259 yaranan kimi xarici i\u015fl\u0259r nazirimiz M\u00f6vlud \u00c7avu\u015fo\u011flu AB\u015e-\u0131n d\u00f6vl\u0259t katibi Maykl Pompeo il\u0259 \u0259laq\u0259 saxlad\u0131. M\u0259n m\u0259s\u0259l\u0259ni Trampa dey\u0259nd\u0259n sonra o, AB\u015e-a d\u00f6n\u0259n kimi x\u0259zin\u0259 v\u0259 maliyy\u0259 nazirin\u0259 t\u0259limat ver\u0259c\u0259yinin s\u00f6yl\u0259di. Donald Tramp\u00a0 &#8220;m\u0259n bu i\u015fin ba\u00e7a \u00e7atd\u0131\u011f\u0131n\u0131 z\u0259nn edirdim, niy\u0259 bu q\u0259d\u0259r uzand\u0131?&#8221; cavab\u0131n\u0131 verdi&#8221;.<\/em><\/p>\n<div id=\"AdributorNativeVideo0\" class=\"AdributorNativeVideo\"><\/div>\n<p>\u0130ki \u00f6lk\u0259 lideri YPG m\u0259s\u0259l\u0259sini d\u0259 n\u0259z\u0259rd\u0259n ke\u00e7iribl\u0259r:\u00a0<em>&#8220;M\u0259nd\u0259 YPG m\u0259s\u0259l\u0259sind\u0259 d\u0259 \u00f6z aralar\u0131nda \u0259laq\u0259nin olmamas\u0131 t\u0259\u0259ss\u00fcrat\u0131 yaran\u0131b. C\u0259nab Donald Trampa bu m\u0259s\u0259l\u0259d\u0259 b\u0259rab\u0259r g\u00f6r\u0259 bil\u0259c\u0259yimiz \u00e7ox i\u015fl\u0259rin oldu\u011funu dedim. M\u0259s\u0259l\u0259 il\u0259 ba\u011fl\u0131 M\u00f6vlud \u00c7avu\u015fo\u011flu v\u0259 m\u00fcdafi\u0259 naziri Hulusi Akar\u0131n amerikal\u0131 h\u0259mkarlar\u0131 il\u0259 g\u00f6r\u0259 bil\u0259c\u0259kl\u0259ri i\u015fl\u0259r \u00e7oxdur&#8221;.<\/em><\/p>\n<p>Qeyd ed\u0259k ki, &#8220;Halkbank&#8221;\u0131n ba\u015f direktorunun ke\u00e7mi\u015f m\u00fcavini Hakan Atilla haz\u0131rda AB\u015e-da h\u0259bsd\u0259dir. A\u011f ev onu \u0130rana qar\u015f\u0131 sanksiyalar\u0131 pozmaqda ittiham edir.<\/p>\n","protected":false},"excerpt":{"rendered":"<p>AB\u015e prezidenti Donald Trampla g\u00f6r\u00fc\u015f\u00fcm\u00fczd\u0259 Suriya, PKK\/YPG-PYD, F\u0259tullah\u00e7\u0131 Terror T\u0259\u015fkilat\u0131, &#8220;Halkbank&#8221; m\u0259s\u0259l\u0259l\u0259rini m\u00fczakir\u0259 etdik. ARANTV.AZ report-a istinad\u0259n bildirir ki,\u00a0bunu T\u00fcrkiy\u0259 prezidenti\u00a0R\u0259c\u0259b Tayyib \u018frdo\u011fan\u00a0Fransaya s\u0259f\u0259rd\u0259n geri d\u00f6n\u0259rk\u0259n, t\u0259yyar\u0259d\u0259 jurnalistl\u0259r\u0259 a\u00e7\u0131qlamas\u0131nda bildirib. Onun s\u00f6zl\u0259rin\u0259 g\u00f6r\u0259, D.Trampla sonuncu telefon dan\u0131\u015f\u0131qlar\u0131 zaman\u0131 da &#8220;Halkbank&#8221; m\u0259s\u0259l\u0259sini m\u00fczakir\u0259 edibl\u0259rmi\u015f:\u00a0&#8220;&#8221;Halkbank&#8221;la \u0259laq\u0259dar telefon dan\u0131\u015f\u0131\u011f\u0131m\u0131zdan sonra c\u0259nab Donald Tramp \u00f6lk\u0259sinin X\u0259zin\u0259 v\u0259 Maliyy\u0259 Nazirliyin\u0259 24 saat \u0259rzind\u0259 t\u0259limat verdi v\u0259 nazir d\u0259 bizim x\u0259zin\u0259 v\u0259 maliyy\u0259 nazirimiz Berat Albayraka z\u0259ng el\u0259di. Bu m\u0259s\u0259l\u0259nin h\u0259lli \u00fc\u00e7\u00fcn at\u0131lacaq add\u0131mlar\u0131, g\u00f6r\u00fcl\u0259c\u0259k i\u015fl\u0259ri m\u00fczakir\u0259 etdil\u0259r. M\u0259s\u0259l\u0259nin h\u0259lli il\u0259 ba\u011fl\u0131 f\u0259rqli m\u0259nz\u0259r\u0259 yaranan kimi&hellip;<\/p>\n","protected":false},"author":2,"featured_media":23034,"comment_status":"closed","ping_status":"closed","sticky":false,"template":"","format":"standard","meta":{"om_disable_all_campaigns":false,"_monsterinsights_skip_tracking":false,"_monsterinsights_sitenote_active":false,"_monsterinsights_sitenote_note":"","_monsterinsights_sitenote_category":0},"categories":[7],"tags":[],"aioseo_notices":[],"gutentor_comment":0,"rttpg_featured_image_url":{"full":["https:\/\/arantv.az\/wp-content\/uploads\/2018\/11\/686094.jpg",800,600,false],"landscape":["https:\/\/arantv.az\/wp-content\/uploads\/2018\/11\/686094.jpg",800,600,false],"portraits":["https:\/\/arantv.az\/wp-content\/uploads\/2018\/11\/686094.jpg",800,600,false],"thumbnail":["https:\/\/arantv.az\/wp-content\/uploads\/2018\/11\/686094-150x150.jpg",150,150,true],"medium":["https:\/\/arantv.az\/wp-content\/uploads\/2018\/11\/686094-300x225.jpg",300,225,true],"large":["https:\/\/arantv.az\/wp-content\/uploads\/2018\/11\/686094.jpg",640,480,false],"1536x1536":["https:\/\/arantv.az\/wp-content\/uploads\/2018\/11\/686094.jpg",800,600,false],"2048x2048":["https:\/\/arantv.az\/wp-content\/uploads\/2018\/11\/686094.jpg",800,600,false],"post-thumbnail":["https:\/\/arantv.az\/wp-content\/uploads\/2018\/11\/686094-240x172.jpg",240,172,true],"advps-thumb-one":["https:\/\/arantv.az\/wp-content\/uploads\/2018\/11\/686094.jpg",800,600,false]},"rttpg_author":{"display_name":"V\u00fcsal Rafiqo\u011flu","author_link":"https:\/\/arantv.az\/?author=2"},"rttpg_comment":0,"rttpg_category":"<a href=\"https:\/\/arantv.az\/?cat=7\" rel=\"category\">D\u00fcnya<\/a>","rttpg_excerpt":"AB\u015e prezidenti Donald Trampla g\u00f6r\u00fc\u015f\u00fcm\u00fczd\u0259 Suriya, PKK\/YPG-PYD, F\u0259tullah\u00e7\u0131 Terror T\u0259\u015fkilat\u0131, &#8220;Halkbank&#8221; m\u0259s\u0259l\u0259l\u0259rini m\u00fczakir\u0259 etdik. ARANTV.AZ report-a istinad\u0259n bildirir ki,\u00a0bunu T\u00fcrkiy\u0259 prezidenti\u00a0R\u0259c\u0259b Tayyib \u018frdo\u011fan\u00a0Fransaya s\u0259f\u0259rd\u0259n geri d\u00f6n\u0259rk\u0259n, t\u0259yyar\u0259d\u0259 jurnalistl\u0259r\u0259 a\u00e7\u0131qlamas\u0131nda bildirib. Onun s\u00f6zl\u0259rin\u0259 g\u00f6r\u0259, D.Trampla sonuncu telefon dan\u0131\u015f\u0131qlar\u0131 zaman\u0131 da &#8220;Halkbank&#8221; m\u0259s\u0259l\u0259sini m\u00fczakir\u0259 edibl\u0259rmi\u015f:\u00a0&#8220;&#8221;Halkbank&#8221;la \u0259laq\u0259dar telefon dan\u0131\u015f\u0131\u011f\u0131m\u0131zdan sonra c\u0259nab Donald Tramp \u00f6lk\u0259sinin X\u0259zin\u0259 v\u0259 Maliyy\u0259 Nazirliyin\u0259&hellip;","_links":{"self":[{"href":"https:\/\/arantv.az\/index.php?rest_route=\/wp\/v2\/posts\/23033"}],"collection":[{"href":"https:\/\/arantv.az\/index.php?rest_route=\/wp\/v2\/posts"}],"about":[{"href":"https:\/\/arantv.az\/index.php?rest_route=\/wp\/v2\/types\/post"}],"author":[{"embeddable":true,"href":"https:\/\/arantv.az\/index.php?rest_route=\/wp\/v2\/users\/2"}],"replies":[{"embeddable":true,"href":"https:\/\/arantv.az\/index.php?rest_route=%2Fwp%2Fv2%2Fcomments&post=23033"}],"version-history":[{"count":0,"href":"https:\/\/arantv.az\/index.php?rest_route=\/wp\/v2\/posts\/23033\/revisions"}],"wp:featuredmedia":[{"embeddable":true,"href":"https:\/\/arantv.az\/index.php?rest_route=\/wp\/v2\/media\/23034"}],"wp:attachment":[{"href":"https:\/\/arantv.az\/index.php?rest_route=%2Fwp%2Fv2%2Fmedia&parent=23033"}],"wp:term":[{"taxonomy":"category","embeddable":true,"href":"https:\/\/arantv.az\/index.php?rest_route=%2Fwp%2Fv2%2Fcategories&post=23033"},{"taxonomy":"post_tag","embeddable":true,"href":"https:\/\/arantv.az\/index.php?rest_route=%2Fwp%2Fv2%2Ftags&post=23033"}],"curies":[{"name":"wp","href":"https:\/\/api.w.org\/{rel}","templated":true}]}}