{"id":230362,"date":"2020-10-25T13:36:27","date_gmt":"2020-10-25T10:36:27","guid":{"rendered":"http:\/\/arantv.az\/?p=230362"},"modified":"2020-10-25T13:36:27","modified_gmt":"2020-10-25T10:36:27","slug":"erm%c9%99nistan-cixilmaz-v%c9%99ziyy%c9%99td%c9%99-ordumuza-qarsi-indi-d%c9%99-qiz-usaqlarini-silahlandirir-foto","status":"publish","type":"post","link":"https:\/\/arantv.az\/?p=230362","title":{"rendered":"Erm\u0259nistan \u00e7\u0131x\u0131lmaz v\u0259ziyy\u0259td\u0259: Ordumuza qar\u015f\u0131 indi d\u0259 q\u0131z u\u015faqlar\u0131n\u0131 silahland\u0131r\u0131r &#8211; FOTO"},"content":{"rendered":"<p>\u00d6t\u0259n g\u00fcn Erm\u0259nistan silahl\u0131 q\u00fcvv\u0259l\u0259rinin h\u0259rb\u00e7i q\u0131tl\u0131\u011f\u0131 s\u0259b\u0259bind\u0259n artilleriya at\u0131\u015f\u0131 zaman\u0131 topdan istifad\u0259 \u00fc\u00e7\u00fcn azya\u015fl\u0131n\u0131n \u0259m\u0259yind\u0259n istifad\u0259 etdiyinin s\u00fcbutu olan\u00a0<a href=\"https:\/\/oxu.az\/war\/434252\" target=\"_blank\" rel=\"noopener\">video payla\u015f\u0131lm\u0131\u015fd\u0131<\/a>.<\/p>\n<p>Sosial \u015f\u0259b\u0259k\u0259l\u0259rd\u0259 erm\u0259nil\u0259rin Az\u0259rbaycan ordusuna qar\u015f\u0131 m\u00fcharib\u0259d\u0259 istifad\u0259 etm\u0259si \u00fc\u00e7\u00fcn azya\u015fl\u0131 q\u0131zlar\u0131\u00a0silahland\u0131rd\u0131\u011f\u0131n\u0131 g\u00f6st\u0259r\u0259n daha bir foto yay\u0131l\u0131b.<\/p>\n<p>Qeyd ed\u0259k ki, bu g\u00f6r\u00fcnt\u00fc Erm\u0259nistan\u0131n U\u015faq h\u00fcquqlar\u0131 \u00fczr\u0259 BMT Konvensiyas\u0131n\u0131n v\u0259 UNICEF-in Paris Konvensiyas\u0131n\u0131n normalar\u0131n\u0131 pozmas\u0131n\u0131n s\u00fcbutudur.<\/p>\n<div id=\"AdviadNativeVideo0\" class=\"AdviadNativeVideo\"><\/div>\n<p>Qeyd ed\u0259k ki, bir m\u00fcdd\u0259t \u0259vv\u0259l Erm\u0259nistan silahl\u0131 q\u00fcvv\u0259l\u0259ri qocalardan ibar\u0259t\u00a0\u201ck\u00f6n\u00fcll\u00fcl\u0259ri\u201d i\u015f\u011fal etdikl\u0259ri Az\u0259rbaycan torpaqlar\u0131na g\u00f6nd\u0259rmi\u015fdi. S\u00f6zg\u00fcd\u0259n d\u0259st\u0259d\u0259ki qocan\u0131n is\u0259 u\u015faqlara silahla ba\u011fl\u0131 t\u0259lim ke\u00e7diyi g\u00f6r\u00fcn\u00fcr.<\/p>\n<div class=\"gallery\">\n<div class=\"gallery-i\"><img src=\"https:\/\/cdn.oxu.az\/uploads\/W1siZiIsIjIwMjAvMTAvMjUvMTMvMzQvMDIvYTQzYWFlNDQtYzA5NC00ODJiLTgwZDUtZjkyZGY1MzkxMTUxL0ZvdG9KZXQgKDQpLmpwZyJdLFsicCIsImVuY29kZSIsImpwZyIsIi1xdWFsaXR5IDgwIl0sWyJwIiwidGh1bWIiLCI1OTB4NTkwXHUwMDNlIl1d?sha=2cfefa9164abbf1f\" alt=\"\" \/><\/p>\n<div class=\"gallery-i-caption\"><\/div>\n<\/div>\n<\/div>\n<p>Xat\u0131rladaq ki, Az\u0259rbaycan ordusunun qar\u015f\u0131s\u0131nda aciz qalan Erm\u0259nistan\u0131n siyasi-h\u0259rbi\u00a0r\u0259hb\u0259rliyi \u00f6lk\u0259d\u0259ki ya\u015fl\u0131lar\u0131 v\u0259 qad\u0131nlar\u0131 da m\u00fcharib\u0259d\u0259 i\u015ftirak etm\u0259si \u00fc\u00e7\u00fcn orduya c\u0259lb edib.<\/p>\n","protected":false},"excerpt":{"rendered":"<p>\u00d6t\u0259n g\u00fcn Erm\u0259nistan silahl\u0131 q\u00fcvv\u0259l\u0259rinin h\u0259rb\u00e7i q\u0131tl\u0131\u011f\u0131 s\u0259b\u0259bind\u0259n artilleriya at\u0131\u015f\u0131 zaman\u0131 topdan istifad\u0259 \u00fc\u00e7\u00fcn azya\u015fl\u0131n\u0131n \u0259m\u0259yind\u0259n istifad\u0259 etdiyinin s\u00fcbutu olan\u00a0video payla\u015f\u0131lm\u0131\u015fd\u0131. Sosial \u015f\u0259b\u0259k\u0259l\u0259rd\u0259 erm\u0259nil\u0259rin Az\u0259rbaycan ordusuna qar\u015f\u0131 m\u00fcharib\u0259d\u0259 istifad\u0259 etm\u0259si \u00fc\u00e7\u00fcn azya\u015fl\u0131 q\u0131zlar\u0131\u00a0silahland\u0131rd\u0131\u011f\u0131n\u0131 g\u00f6st\u0259r\u0259n daha bir foto yay\u0131l\u0131b. Qeyd ed\u0259k ki, bu g\u00f6r\u00fcnt\u00fc Erm\u0259nistan\u0131n U\u015faq h\u00fcquqlar\u0131 \u00fczr\u0259 BMT Konvensiyas\u0131n\u0131n v\u0259 UNICEF-in Paris Konvensiyas\u0131n\u0131n normalar\u0131n\u0131 pozmas\u0131n\u0131n s\u00fcbutudur. Qeyd ed\u0259k ki, bir m\u00fcdd\u0259t \u0259vv\u0259l Erm\u0259nistan silahl\u0131 q\u00fcvv\u0259l\u0259ri qocalardan ibar\u0259t\u00a0\u201ck\u00f6n\u00fcll\u00fcl\u0259ri\u201d i\u015f\u011fal etdikl\u0259ri Az\u0259rbaycan torpaqlar\u0131na g\u00f6nd\u0259rmi\u015fdi. S\u00f6zg\u00fcd\u0259n d\u0259st\u0259d\u0259ki qocan\u0131n is\u0259 u\u015faqlara silahla ba\u011fl\u0131 t\u0259lim ke\u00e7diyi g\u00f6r\u00fcn\u00fcr. Xat\u0131rladaq ki, Az\u0259rbaycan ordusunun qar\u015f\u0131s\u0131nda aciz qalan Erm\u0259nistan\u0131n&hellip;<\/p>\n","protected":false},"author":2,"featured_media":230363,"comment_status":"closed","ping_status":"closed","sticky":false,"template":"","format":"standard","meta":{"om_disable_all_campaigns":false,"_monsterinsights_skip_tracking":false,"_monsterinsights_sitenote_active":false,"_monsterinsights_sitenote_note":"","_monsterinsights_sitenote_category":0},"categories":[7],"tags":[],"aioseo_notices":[],"gutentor_comment":0,"rttpg_featured_image_url":{"full":["https:\/\/arantv.az\/wp-content\/uploads\/2020\/10\/122794291_3523781491022749_7308176542280258460_n.jpg",620,346,false],"landscape":["https:\/\/arantv.az\/wp-content\/uploads\/2020\/10\/122794291_3523781491022749_7308176542280258460_n.jpg",620,346,false],"portraits":["https:\/\/arantv.az\/wp-content\/uploads\/2020\/10\/122794291_3523781491022749_7308176542280258460_n.jpg",620,346,false],"thumbnail":["https:\/\/arantv.az\/wp-content\/uploads\/2020\/10\/122794291_3523781491022749_7308176542280258460_n-150x150.jpg",150,150,true],"medium":["https:\/\/arantv.az\/wp-content\/uploads\/2020\/10\/122794291_3523781491022749_7308176542280258460_n-300x167.jpg",300,167,true],"large":["https:\/\/arantv.az\/wp-content\/uploads\/2020\/10\/122794291_3523781491022749_7308176542280258460_n.jpg",620,346,false],"1536x1536":["https:\/\/arantv.az\/wp-content\/uploads\/2020\/10\/122794291_3523781491022749_7308176542280258460_n.jpg",620,346,false],"2048x2048":["https:\/\/arantv.az\/wp-content\/uploads\/2020\/10\/122794291_3523781491022749_7308176542280258460_n.jpg",620,346,false],"post-thumbnail":["https:\/\/arantv.az\/wp-content\/uploads\/2020\/10\/122794291_3523781491022749_7308176542280258460_n-240x172.jpg",240,172,true],"advps-thumb-one":["https:\/\/arantv.az\/wp-content\/uploads\/2020\/10\/122794291_3523781491022749_7308176542280258460_n.jpg",620,346,false]},"rttpg_author":{"display_name":"V\u00fcsal Rafiqo\u011flu","author_link":"https:\/\/arantv.az\/?author=2"},"rttpg_comment":0,"rttpg_category":"<a href=\"https:\/\/arantv.az\/?cat=7\" rel=\"category\">D\u00fcnya<\/a>","rttpg_excerpt":"\u00d6t\u0259n g\u00fcn Erm\u0259nistan silahl\u0131 q\u00fcvv\u0259l\u0259rinin h\u0259rb\u00e7i q\u0131tl\u0131\u011f\u0131 s\u0259b\u0259bind\u0259n artilleriya at\u0131\u015f\u0131 zaman\u0131 topdan istifad\u0259 \u00fc\u00e7\u00fcn azya\u015fl\u0131n\u0131n \u0259m\u0259yind\u0259n istifad\u0259 etdiyinin s\u00fcbutu olan\u00a0video payla\u015f\u0131lm\u0131\u015fd\u0131. Sosial \u015f\u0259b\u0259k\u0259l\u0259rd\u0259 erm\u0259nil\u0259rin Az\u0259rbaycan ordusuna qar\u015f\u0131 m\u00fcharib\u0259d\u0259 istifad\u0259 etm\u0259si \u00fc\u00e7\u00fcn azya\u015fl\u0131 q\u0131zlar\u0131\u00a0silahland\u0131rd\u0131\u011f\u0131n\u0131 g\u00f6st\u0259r\u0259n daha bir foto yay\u0131l\u0131b. Qeyd ed\u0259k ki, bu g\u00f6r\u00fcnt\u00fc Erm\u0259nistan\u0131n U\u015faq h\u00fcquqlar\u0131 \u00fczr\u0259 BMT Konvensiyas\u0131n\u0131n v\u0259 UNICEF-in Paris Konvensiyas\u0131n\u0131n normalar\u0131n\u0131 pozmas\u0131n\u0131n&hellip;","_links":{"self":[{"href":"https:\/\/arantv.az\/index.php?rest_route=\/wp\/v2\/posts\/230362"}],"collection":[{"href":"https:\/\/arantv.az\/index.php?rest_route=\/wp\/v2\/posts"}],"about":[{"href":"https:\/\/arantv.az\/index.php?rest_route=\/wp\/v2\/types\/post"}],"author":[{"embeddable":true,"href":"https:\/\/arantv.az\/index.php?rest_route=\/wp\/v2\/users\/2"}],"replies":[{"embeddable":true,"href":"https:\/\/arantv.az\/index.php?rest_route=%2Fwp%2Fv2%2Fcomments&post=230362"}],"version-history":[{"count":0,"href":"https:\/\/arantv.az\/index.php?rest_route=\/wp\/v2\/posts\/230362\/revisions"}],"wp:featuredmedia":[{"embeddable":true,"href":"https:\/\/arantv.az\/index.php?rest_route=\/wp\/v2\/media\/230363"}],"wp:attachment":[{"href":"https:\/\/arantv.az\/index.php?rest_route=%2Fwp%2Fv2%2Fmedia&parent=230362"}],"wp:term":[{"taxonomy":"category","embeddable":true,"href":"https:\/\/arantv.az\/index.php?rest_route=%2Fwp%2Fv2%2Fcategories&post=230362"},{"taxonomy":"post_tag","embeddable":true,"href":"https:\/\/arantv.az\/index.php?rest_route=%2Fwp%2Fv2%2Ftags&post=230362"}],"curies":[{"name":"wp","href":"https:\/\/api.w.org\/{rel}","templated":true}]}}