{"id":230378,"date":"2020-10-25T15:36:00","date_gmt":"2020-10-25T12:36:00","guid":{"rendered":"http:\/\/arantv.az\/?p=230378"},"modified":"2020-10-25T15:36:00","modified_gmt":"2020-10-25T12:36:00","slug":"agb%c9%99ndd%c9%99n-yeni-goruntul%c9%99r-azyasli-soydaslarimiz-h%c9%99rbcil%c9%99rimiz-ucun-sovql%c9%99-mahni-oxudular-video","status":"publish","type":"post","link":"https:\/\/arantv.az\/?p=230378","title":{"rendered":"A\u011fb\u0259ndd\u0259n yeni g\u00f6r\u00fcnt\u00fcl\u0259r: Azya\u015fl\u0131 soyda\u015flar\u0131m\u0131z h\u0259rb\u00e7il\u0259rimiz \u00fc\u00e7\u00fcn \u015f\u00f6vql\u0259 mahn\u0131 oxudular &#8211; V\u0130DEO"},"content":{"rendered":"<p>Az\u0259rbaycan Ordusunun oktyabr\u0131n 22-d\u0259 Z\u0259ngilan rayonunun A\u011fb\u0259nd s\u0259rh\u0259d zastavas\u0131nda Az\u0259rbaycan bayra\u011f\u0131n\u0131 sancmas\u0131 \u0130randa ya\u015fayan \u00e7ox sayda soyda\u015flar\u0131m\u0131z\u0131n sevincin\u0259 s\u0259b\u0259b olub.<\/p>\n<p>\u201cBiz v\u0259t\u0259n a\u015fiqi, yoxdur qorxumuz, Az\u0259rbaycana qurband\u0131r can\u0131m\u0131z, v\u0259t\u0259n biz\u0259 ana, biz \u0259sg\u0259rik ona\u201d mahn\u0131s\u0131n\u0131 oxuyan azya\u015fl\u0131lar Az\u0259rbaycan h\u0259rb\u00e7il\u0259rini b\u00f6y\u00fck sevincl\u0259 qar\u015f\u0131lay\u0131blar.<\/p>\n<div id=\"AdviadNativeVideo0\" class=\"AdviadNativeVideo\"><\/div>\n<p>H\u0259min g\u00f6r\u00fcnt\u00fcl\u0259ri t\u0259qdim edirik:<\/p>\n<div><iframe loading=\"lazy\" src=\"https:\/\/player.baku.tv\/embed\/26764\" width=\"560\" height=\"315\" frameborder=\"0\" allowfullscreen=\"allowfullscreen\" data-mce-fragment=\"1\"><\/iframe><\/div>\n<p>Qeyd ed\u0259k ki, A\u011fb\u0259nd q\u0259s\u0259b\u0259sinin azad edilm\u0259si il\u0259 Az\u0259rbaycan v\u0259 \u0130ran \u0130slam Respublikas\u0131 d\u00f6vl\u0259t s\u0259rh\u0259dinin tam n\u0259zar\u0259t\u0259 g\u00f6t\u00fcr\u00fclm\u0259si t\u0259min olunub.<\/p>\n","protected":false},"excerpt":{"rendered":"<p>Az\u0259rbaycan Ordusunun oktyabr\u0131n 22-d\u0259 Z\u0259ngilan rayonunun A\u011fb\u0259nd s\u0259rh\u0259d zastavas\u0131nda Az\u0259rbaycan bayra\u011f\u0131n\u0131 sancmas\u0131 \u0130randa ya\u015fayan \u00e7ox sayda soyda\u015flar\u0131m\u0131z\u0131n sevincin\u0259 s\u0259b\u0259b olub. \u201cBiz v\u0259t\u0259n a\u015fiqi, yoxdur qorxumuz, Az\u0259rbaycana qurband\u0131r can\u0131m\u0131z, v\u0259t\u0259n biz\u0259 ana, biz \u0259sg\u0259rik ona\u201d mahn\u0131s\u0131n\u0131 oxuyan azya\u015fl\u0131lar Az\u0259rbaycan h\u0259rb\u00e7il\u0259rini b\u00f6y\u00fck sevincl\u0259 qar\u015f\u0131lay\u0131blar. H\u0259min g\u00f6r\u00fcnt\u00fcl\u0259ri t\u0259qdim edirik: Qeyd ed\u0259k ki, A\u011fb\u0259nd q\u0259s\u0259b\u0259sinin azad edilm\u0259si il\u0259 Az\u0259rbaycan v\u0259 \u0130ran \u0130slam Respublikas\u0131 d\u00f6vl\u0259t s\u0259rh\u0259dinin tam n\u0259zar\u0259t\u0259 g\u00f6t\u00fcr\u00fclm\u0259si t\u0259min olunub.<\/p>\n","protected":false},"author":2,"featured_media":230379,"comment_status":"closed","ping_status":"closed","sticky":false,"template":"","format":"standard","meta":{"om_disable_all_campaigns":false,"_monsterinsights_skip_tracking":false,"_monsterinsights_sitenote_active":false,"_monsterinsights_sitenote_note":"","_monsterinsights_sitenote_category":0},"categories":[2],"tags":[],"aioseo_notices":[],"gutentor_comment":0,"rttpg_featured_image_url":{"full":["https:\/\/arantv.az\/wp-content\/uploads\/2020\/10\/azerbaycan-tek-yurek-azerbaycan-askerlerini-13690657_959_o.jpg",566,465,false],"landscape":["https:\/\/arantv.az\/wp-content\/uploads\/2020\/10\/azerbaycan-tek-yurek-azerbaycan-askerlerini-13690657_959_o.jpg",566,465,false],"portraits":["https:\/\/arantv.az\/wp-content\/uploads\/2020\/10\/azerbaycan-tek-yurek-azerbaycan-askerlerini-13690657_959_o.jpg",566,465,false],"thumbnail":["https:\/\/arantv.az\/wp-content\/uploads\/2020\/10\/azerbaycan-tek-yurek-azerbaycan-askerlerini-13690657_959_o-150x150.jpg",150,150,true],"medium":["https:\/\/arantv.az\/wp-content\/uploads\/2020\/10\/azerbaycan-tek-yurek-azerbaycan-askerlerini-13690657_959_o-300x246.jpg",300,246,true],"large":["https:\/\/arantv.az\/wp-content\/uploads\/2020\/10\/azerbaycan-tek-yurek-azerbaycan-askerlerini-13690657_959_o.jpg",566,465,false],"1536x1536":["https:\/\/arantv.az\/wp-content\/uploads\/2020\/10\/azerbaycan-tek-yurek-azerbaycan-askerlerini-13690657_959_o.jpg",566,465,false],"2048x2048":["https:\/\/arantv.az\/wp-content\/uploads\/2020\/10\/azerbaycan-tek-yurek-azerbaycan-askerlerini-13690657_959_o.jpg",566,465,false],"post-thumbnail":["https:\/\/arantv.az\/wp-content\/uploads\/2020\/10\/azerbaycan-tek-yurek-azerbaycan-askerlerini-13690657_959_o-240x172.jpg",240,172,true],"advps-thumb-one":["https:\/\/arantv.az\/wp-content\/uploads\/2020\/10\/azerbaycan-tek-yurek-azerbaycan-askerlerini-13690657_959_o.jpg",566,465,false]},"rttpg_author":{"display_name":"V\u00fcsal Rafiqo\u011flu","author_link":"https:\/\/arantv.az\/?author=2"},"rttpg_comment":0,"rttpg_category":"<a href=\"https:\/\/arantv.az\/?cat=2\" rel=\"category\">Region X\u0259b\u0259rl\u0259ri<\/a>","rttpg_excerpt":"Az\u0259rbaycan Ordusunun oktyabr\u0131n 22-d\u0259 Z\u0259ngilan rayonunun A\u011fb\u0259nd s\u0259rh\u0259d zastavas\u0131nda Az\u0259rbaycan bayra\u011f\u0131n\u0131 sancmas\u0131 \u0130randa ya\u015fayan \u00e7ox sayda soyda\u015flar\u0131m\u0131z\u0131n sevincin\u0259 s\u0259b\u0259b olub. \u201cBiz v\u0259t\u0259n a\u015fiqi, yoxdur qorxumuz, Az\u0259rbaycana qurband\u0131r can\u0131m\u0131z, v\u0259t\u0259n biz\u0259 ana, biz \u0259sg\u0259rik ona\u201d mahn\u0131s\u0131n\u0131 oxuyan azya\u015fl\u0131lar Az\u0259rbaycan h\u0259rb\u00e7il\u0259rini b\u00f6y\u00fck sevincl\u0259 qar\u015f\u0131lay\u0131blar. H\u0259min g\u00f6r\u00fcnt\u00fcl\u0259ri t\u0259qdim edirik: Qeyd ed\u0259k ki, A\u011fb\u0259nd q\u0259s\u0259b\u0259sinin azad edilm\u0259si il\u0259 Az\u0259rbaycan&hellip;","_links":{"self":[{"href":"https:\/\/arantv.az\/index.php?rest_route=\/wp\/v2\/posts\/230378"}],"collection":[{"href":"https:\/\/arantv.az\/index.php?rest_route=\/wp\/v2\/posts"}],"about":[{"href":"https:\/\/arantv.az\/index.php?rest_route=\/wp\/v2\/types\/post"}],"author":[{"embeddable":true,"href":"https:\/\/arantv.az\/index.php?rest_route=\/wp\/v2\/users\/2"}],"replies":[{"embeddable":true,"href":"https:\/\/arantv.az\/index.php?rest_route=%2Fwp%2Fv2%2Fcomments&post=230378"}],"version-history":[{"count":0,"href":"https:\/\/arantv.az\/index.php?rest_route=\/wp\/v2\/posts\/230378\/revisions"}],"wp:featuredmedia":[{"embeddable":true,"href":"https:\/\/arantv.az\/index.php?rest_route=\/wp\/v2\/media\/230379"}],"wp:attachment":[{"href":"https:\/\/arantv.az\/index.php?rest_route=%2Fwp%2Fv2%2Fmedia&parent=230378"}],"wp:term":[{"taxonomy":"category","embeddable":true,"href":"https:\/\/arantv.az\/index.php?rest_route=%2Fwp%2Fv2%2Fcategories&post=230378"},{"taxonomy":"post_tag","embeddable":true,"href":"https:\/\/arantv.az\/index.php?rest_route=%2Fwp%2Fv2%2Ftags&post=230378"}],"curies":[{"name":"wp","href":"https:\/\/api.w.org\/{rel}","templated":true}]}}