{"id":230395,"date":"2020-10-25T15:39:49","date_gmt":"2020-10-25T12:39:49","guid":{"rendered":"http:\/\/arantv.az\/?p=230395"},"modified":"2020-10-25T15:39:49","modified_gmt":"2020-10-25T12:39:49","slug":"fransiz-deputatlarin-lacin-d%c9%99hlizind%c9%99-n%c9%99-olumu-var-makron","status":"publish","type":"post","link":"https:\/\/arantv.az\/?p=230395","title":{"rendered":"Frans\u0131z deputatlar\u0131n La\u00e7\u0131n d\u0259hlizind\u0259 n\u0259 \u00f6l\u00fcm\u00fc var, Makron?!"},"content":{"rendered":"<div class=\"news-content\">\n<div>\n<p><strong>Fransa il\u0259 T\u00fcrkiy\u0259 aras\u0131nda yen\u0259 d\u0259 soyuq k\u00fcl\u0259kl\u0259r \u0259sir. Paris Ankaradak\u0131 f\u00f6vq\u0259lad\u0259 v\u0259 s\u0259lahiyy\u0259tli s\u0259fir Herve Magronu m\u0259sl\u0259h\u0259tl\u0259\u015fm\u0259k ad\u0131 il\u0259 geri \u00e7a\u011f\u0131r\u0131b. S\u0259b\u0259b T\u00fcrkiy\u0259 Prezidenti R\u0259c\u0259b Tayyib \u018frdo\u011fan\u0131n frans\u0131z h\u0259mkar\u0131 Emmanuel Makron haqq\u0131nda dedikl\u0259ridir.<\/strong><\/p>\n<p>T\u00fcrkiy\u0259 lideri Fransa prezidentinin \u0130slam dinin\u0259 v\u0259 T\u00fcrkiy\u0259y\u0259 qar\u015f\u0131 q\u0259r\u0259zinin anla\u015f\u0131lmad\u0131\u011f\u0131n\u0131 deyib v\u0259 psixoloji problemin\u0259 g\u00f6r\u0259, m\u00fcalic\u0259y\u0259 ehtiyac\u0131 oldu\u011funu bildirib.<\/p>\n<p>Statistikaya g\u00f6r\u0259, 70 milyonluq Fransan\u0131n t\u0259xmin\u0259n 7,5 milyon n\u0259f\u0259rini m\u00fcs\u0259lman \u0259hali t\u0259\u015fkil edir, t\u0259qrib\u0259n 8,9 faiz! Amma \u00f6z\u00fcn\u00fc \u201cdemokrat\u201d, \u201ctolerant\u201d adland\u0131ran bu \u00f6lk\u0259d\u0259 \u0130slam Pey\u011f\u0259mb\u0259rinin t\u0259hqir olunmas\u0131 az qala adi hala \u00e7evrilib. \u0130nsanlar\u0131n heysiyy\u0259tin\u0259 toxunan, inanc\u0131n\u0131 t\u0259hqir ed\u0259nl\u0259ri nec\u0259 himay\u0259 etm\u0259k olar, bu, psixoloji poz\u011funlu\u011fun \u0259lam\u0259ti deyilmi?<\/p>\n<p>\u018fslind\u0259 Fransadak\u0131 anti-T\u00fcrkiy\u0259 ovqat\u0131 yeni deyil. Guya \u015eirak, ya Sarkozinin zaman\u0131nda indikind\u0259n yax\u015f\u0131 idimi? 2012-ci ild\u0259 Fransa parlamentinin \u201cerm\u0259ni soyq\u0131r\u0131m\u0131\u201dn\u0131 inkar ed\u0259n \u015f\u0259xsl\u0259r\u0259 qar\u015f\u0131 45 min avro m\u0259bl\u0259\u011find\u0259 c\u0259rim\u0259 v\u0259 ya 1 il m\u00fcdd\u0259tin\u0259 azadl\u0131qdan m\u0259hrum edilm\u0259 c\u0259zas\u0131n\u0131 n\u0259z\u0259rd\u0259 tutan qanunu q\u0259bul etm\u0259si d\u0259 Ankara v\u0259 Paris aras\u0131nda b\u00f6y\u00fck bir g\u0259rginliy\u0259 s\u0259b\u0259b olmu\u015fdu. Sonradan Konstitusiya M\u0259hk\u0259m\u0259si q\u0259rar\u0131 l\u0259\u011fv ets\u0259 d\u0259, Fransa hakimiyy\u0259tind\u0259 anti-t\u00fcrk m\u00f6vqeyi aradan qalxmay\u0131b. D\u00fczd\u00fcr, bir \u00e7ox hallarda bunu Fransadak\u0131 600 minlik erm\u0259ni icmas\u0131n\u0131n se\u00e7kil\u0259r\u0259 t\u0259siri il\u0259 izah edirl\u0259r.<\/p>\n<p>Nec\u0259 olur yar\u0131m milyon erm\u0259ni amili n\u0259z\u0259r\u0259 al\u0131n\u0131r, amma on d\u0259f\u0259 \u00e7ox m\u00fcs\u0259lman \u0259halinin heysiyy\u0259ti il\u0259 oynay\u0131rlar? M\u0259g\u0259r onlar\u0131n s\u0259si s\u0259s deyil?!<\/p>\n<p><img loading=\"lazy\" src=\"https:\/\/cdn.musavat.com\/news\/thumbnails\/446897720cddf280a6e0e2d6de58817c.jpg\" alt=\"kjbjkbjb684684.jpg (67 KB)\" width=\"650\" height=\"364\" \/><\/p>\n<p>He\u00e7 \u015f\u00fcbh\u0259siz, burada erm\u0259nil\u0259r\u0259 s\u0131x ba\u011fl\u0131l\u0131q, T\u00fcrkiy\u0259y\u0259 d\u0259rin nifr\u0259t amili var. R\u0259c\u0259b Tayyib \u018frdo\u011fan deyib ki, haz\u0131rda Az\u0259rbaycandak\u0131 f\u0259lak\u0259tl\u0259rin arxas\u0131nda Fransa var. Haql\u0131 deyilmi? \u0130ndi-indi m\u0259lum olur ki, Qaraba\u011fdak\u0131 terror yuvalar\u0131n\u0131n, betondan tikilmi\u015f yeralt\u0131 tunell\u0259rin \u201cmemar\u0131\u201d frans\u0131zlard\u0131r. Fransa d\u00f6vl\u0259ti h\u0259ms\u0259drlik prinsipi il\u0259 uy\u011fun g\u0259lm\u0259y\u0259n f\u0259aliyy\u0259tl\u0259 m\u0259\u015f\u011ful olub. Bu 30 ild\u0259 gah frans\u0131z deputatlar\u0131n, gah \u015firk\u0259tl\u0259rin, gah turistl\u0259rin s\u0259sini Qaraba\u011fdan e\u015fitdik, gah da Qaraba\u011fdak\u0131 erm\u0259ni terror\u00e7ular\u0131n\u0131n ba\u015f\u00e7\u0131lar\u0131 Fransada peyda oldular. Qaraba\u011fa qeyri-qanuni s\u0259f\u0259r ed\u0259n \u0259cn\u0259bi v\u0259t\u0259nda\u015flara Fransa daxil, h\u0259ms\u0259dr \u00f6lk\u0259l\u0259rin n\u00fcmay\u0259nd\u0259l\u0259ri liderlik edirdil\u0259r.<\/p>\n<p><img loading=\"lazy\" src=\"https:\/\/cdn.musavat.com\/news\/thumbnails\/d95b4770d420c7ef40e821df9d5d6e80.jpg\" alt=\"1545075744_makron.jpg (23 KB)\" width=\"640\" height=\"363\" \/><\/p>\n<p>Son ill\u0259rd\u0259 Fransa \u015f\u0259h\u0259rl\u0259ri il\u0259 i\u015f\u011fal alt\u0131ndak\u0131 Az\u0259rbaycan \u015f\u0259h\u0259rl\u0259ri aras\u0131nda \u201cqarda\u015fl\u0131q sazi\u015fl\u0259ri\u201d imzalan\u0131rd\u0131. Yaln\u0131z r\u0259smi Bak\u0131n\u0131n s\u0259rt etiraz\u0131ndan sonra Fransa m\u0259hk\u0259m\u0259l\u0259ri terror\u00e7ularla \u201csazi\u015f\u201dl\u0259rin l\u0259\u011fvin\u0259 q\u0259rar verdi. Amma terror\u00e7u rejiml\u0259 \u0259m\u0259kda\u015fl\u0131q ed\u0259nl\u0259r, Az\u0259rbaycan\u0131n \u0259razil\u0259rin\u0259 qanunsuz soxulanlar c\u0259zaland\u0131r\u0131ld\u0131m\u0131? T\u0259bii ki, yox.<\/p>\n<p>C\u0259nab \u018frdo\u011fan demi\u015fk\u0259n, \u018flc\u0259zird\u0259, Ruandada minl\u0259rl\u0259 insan\u0131 \u00f6ld\u00fcr\u0259nl\u0259r bu g\u00fcn \u00f6z \u0259razil\u0259rini terror\u00e7ulardan, narkotik v\u0259 silah qa\u00e7aqmal\u00e7\u0131lar\u0131ndan t\u0259mizl\u0259y\u0259n Az\u0259rbaycan\u0131 ittiham edir. 27 sentyabrdan indiy\u0259d\u0259k 64 dinc sakinimizi \u2013 8 u\u015fa\u011f\u0131 &#8211; q\u0259tl\u0259 yetirib terror\u00e7u Erm\u0259nistan d\u00f6vl\u0259ti, amma Fransan\u0131n bir qrup deputat\u0131 G\u0259nc\u0259y\u0259 yox, \u0130r\u0259vana gedib. Erm\u0259nil\u0259rin \u0259lind\u0259n su i\u00e7\u0259nl\u0259rin fotolar\u0131n\u0131 g\u00f6rd\u00fcm, saxta \u201cerm\u0259ni soyq\u0131r\u0131m\u0131\u201d abid\u0259sinin qar\u015f\u0131s\u0131nda d\u00fcz\u00fclm\u00fc\u015fd\u00fcl\u0259r, \u0259ll\u0259rind\u0259 g\u00fcll\u0259r, g\u00f6zl\u0259rind\u0259 k\u0259d\u0259r. Olmayan\u0131 yad ed\u0259nl\u0259r g\u00f6zl\u0259rinin qaba\u011f\u0131nda q\u0259tl\u0259 yetiril\u0259n az\u0259rbaycanl\u0131 u\u015faqlar\u0131n faci\u0259sin\u0259 kor olurlar, budur Makronun siyas\u0259ti!<\/p>\n<p><strong>T\u00fcrkiy\u0259 Prezidentinin frans\u0131z h\u0259mkar\u0131na xitab\u0259n dediyi bu s\u00f6zl\u0259ri d\u0259 yerind\u0259dir:<\/strong>\u00a0\u201cTarixd\u0259n bilgin yoxdur, t\u00fcrk mill\u0259tiyl\u0259 m\u0259\u015f\u011ful olma!\u201d Yax\u015f\u0131 m\u0259sl\u0259h\u0259tdir. Makronun tarixd\u0259n x\u0259b\u0259ri yoxdursa da, he\u00e7 olmasa 1920-ci ilin yanvar\u0131nda Paris S\u00fclh Konfrans\u0131nda r\u0259sm\u0259n tan\u0131nm\u0131\u015f Az\u0259rbaycan Xalq C\u00fcmhuriyy\u0259tinin x\u0259rit\u0259sini a\u00e7\u0131b, qar\u015f\u0131s\u0131na qoysun. G\u00f6rs\u00fcn ki, o zaman bizim d\u00f6vl\u0259timizin s\u0259rh\u0259dl\u0259ri daxilind\u0259 n\u0259inki Qaraba\u011f, h\u0259tta Z\u0259ng\u0259zur da olub, d\u00f6vl\u0259timizin \u00fcmumi \u0259razisi 113,9 min kv. km idi. He\u00e7 olmasa, 1992-ci ilin mart\u0131nda Az\u0259rbaycan\u0131n BMT \u00fczvl\u00fcy\u00fcn\u0259 86,6 min kv. km-lik \u0259razi il\u0259 q\u0259bul olundu\u011fu haqda tarixi s\u0259n\u0259dl\u0259rl\u0259 tan\u0131\u015f olsun. B\u0259lk\u0259 o zaman vicdan\u0131 oyand\u0131&#8230; Amma \u00e7\u0259tin, terror\u00e7u \u00f6lk\u0259y\u0259 \u201cbac\u0131\u201d dey\u0259nd\u0259n n\u0259 g\u00f6zl\u0259y\u0259s\u0259n?<\/p>\n<p>G\u00f6r\u00fcn Qaraba\u011f\u0131n taleyini on ill\u0259r \u0259rzind\u0259 kiml\u0259r\u0259 h\u0259val\u0259 etmi\u015fik.<strong>\u00a0Sitat:<\/strong>\u00a0\u201cFransa T\u00fcrkiy\u0259nin Da\u011fl\u0131q Qaraba\u011f\u0131n Az\u0259rbaycan t\u0259r\u0259find\u0259n al\u0131naca\u011f\u0131 bar\u0259d\u0259 son saatlarda s\u0259sl\u0259ndirdiyi h\u0259rbi \u00e7a\u011f\u0131r\u0131\u015flardan narahatd\u0131r. Biz buna imkan verm\u0259y\u0259c\u0259yik. S\u00f6z\u00fcm Erm\u0259nistana v\u0259 erm\u0259nil\u0259r\u0259dir\u201d. A\u00e7\u0131q \u015f\u0259kild\u0259 terroru, terror\u00e7unu, i\u015f\u011fal\u0131 d\u0259st\u0259kl\u0259yir. Bel\u0259sinin vasit\u0259\u00e7ilik etdiyi dan\u0131\u015f\u0131qlar masas\u0131 yerli-dibli olmaz olsun!<\/p>\n<p><strong>17 oktyabrda humanitar at\u0259\u015fk\u0259sl\u0259 ba\u011fl\u0131 raz\u0131la\u015fma t\u0259klifi m\u0259hz Parisin vasit\u0259\u00e7iliyi il\u0259 q\u0259bul olunmu\u015fdu. Amma Prezident \u0130lham \u018fliyevin dediyi kimi, raz\u0131la\u015fma q\u00fcvv\u0259y\u0259 mindikd\u0259n iki d\u0259qiq\u0259 sonra Erm\u0259nistan t\u0259r\u0259fd\u0259n pozuldu. M\u0259ntiql\u0259 Makron ona h\u0259qar\u0259t ed\u0259n t\u0259r\u0259fi c\u0259zaland\u0131rmal\u0131yd\u0131. Amma \u0259v\u0259zind\u0259 T\u00fcrkiy\u0259 il\u0259 u\u011fra\u015f\u0131r, Az\u0259rbaycan\u0131 haqs\u0131z \u00e7\u0131xartma\u011fa \u00e7al\u0131\u015f\u0131r, h\u0259r v\u0259cdl\u0259 terror\u00e7u d\u00f6vl\u0259ti xilas etm\u0259k ist\u0259yir, \u201chumanitar y\u00fck\u201d ad\u0131 alt\u0131nda \u0130r\u0259vana silah-sursat g\u00f6nd\u0259rir \u018flc\u0259zird\u0259, Ruandada minl\u0259rl\u0259 insan\u0131 q\u0259tl ed\u0259nl\u0259rin s\u0259l\u0259fi&#8230;<\/strong><\/p>\n<p>El\u0259 frans\u0131z deputatlar\u0131n Erm\u0259nistana s\u0259f\u0259ri d\u0259 bu narahatl\u0131qdan ir\u0259li g\u0259lir. Erm\u0259nil\u0259r\u0259 ikinci d\u00f6vl\u0259t yaratma projesi iflasa u\u011fray\u0131b. Nec\u0259 olur 100 min Qaraba\u011f erm\u0259nisin\u0259 \u201cd\u00f6vl\u0259t\u201d yaratmaq ist\u0259yirsiniz, amma 600 minlik Fransa erm\u0259nisin\u0259 yox? Buyurun, yarad\u0131n \u00f6z \u00f6lk\u0259nizd\u0259, olsun ikinci \u201cbac\u0131n\u0131z\u201d.<\/p>\n<p>Erm\u0259ni m\u0259tbuat\u0131 yaz\u0131b ki, \u0130r\u0259vandak\u0131 frans\u0131z deputatlar Xank\u0259ndin\u0259 d\u0259 ged\u0259c\u0259kl\u0259r. Sual olunur, kimd\u0259n icaz\u0259 al\u0131blar? Bu m\u0259kan\u0131n t\u0259k sahibi var: Az\u0259rbaycan, o da bel\u0259 s\u0259f\u0259rl\u0259r\u0259 \u201cyox\u201d deyir! Bu g\u00fcn b\u00f6lg\u0259d\u0259 g\u0259rgin d\u00f6y\u00fc\u015fl\u0259r gedir. Frans\u0131z deputatlar La\u00e7\u0131n d\u0259hlizind\u0259 Az\u0259rbaycan ordusunun h\u0259d\u0259fin\u0259 tu\u015f g\u0259ls\u0259, buna g\u00f6r\u0259 kim cavab ver\u0259c\u0259k?! \u00dcmumiyy\u0259tl\u0259, frans\u0131z deputatlar\u0131n La\u00e7\u0131n d\u0259hlizind\u0259 n\u0259 \u00f6l\u00fcm\u00fc var, c\u0259nab Makron?!<\/p>\n<\/div>\n<\/div>\n<div class=\"news-author text-left\"><a href=\"https:\/\/musavat.com\/author\/elsad-pasasoy_10\"><img class=\"img-responsive img-author\" src=\"https:\/\/cdn.musavat.com\/authors\/thumbnails\/b52f034f59e1ae85be1f07948bf193a2.jpg\" \/>El\u015fad PA\u015eASOY<\/a><\/div>\n","protected":false},"excerpt":{"rendered":"<p>Fransa il\u0259 T\u00fcrkiy\u0259 aras\u0131nda yen\u0259 d\u0259 soyuq k\u00fcl\u0259kl\u0259r \u0259sir. Paris Ankaradak\u0131 f\u00f6vq\u0259lad\u0259 v\u0259 s\u0259lahiyy\u0259tli s\u0259fir Herve Magronu m\u0259sl\u0259h\u0259tl\u0259\u015fm\u0259k ad\u0131 il\u0259 geri \u00e7a\u011f\u0131r\u0131b. S\u0259b\u0259b T\u00fcrkiy\u0259 Prezidenti R\u0259c\u0259b Tayyib \u018frdo\u011fan\u0131n frans\u0131z h\u0259mkar\u0131 Emmanuel Makron haqq\u0131nda dedikl\u0259ridir. T\u00fcrkiy\u0259 lideri Fransa prezidentinin \u0130slam dinin\u0259 v\u0259 T\u00fcrkiy\u0259y\u0259 qar\u015f\u0131 q\u0259r\u0259zinin anla\u015f\u0131lmad\u0131\u011f\u0131n\u0131 deyib v\u0259 psixoloji problemin\u0259 g\u00f6r\u0259, m\u00fcalic\u0259y\u0259 ehtiyac\u0131 oldu\u011funu bildirib. Statistikaya g\u00f6r\u0259, 70 milyonluq Fransan\u0131n t\u0259xmin\u0259n 7,5 milyon n\u0259f\u0259rini m\u00fcs\u0259lman \u0259hali t\u0259\u015fkil edir, t\u0259qrib\u0259n 8,9 faiz! Amma \u00f6z\u00fcn\u00fc \u201cdemokrat\u201d, \u201ctolerant\u201d adland\u0131ran bu \u00f6lk\u0259d\u0259 \u0130slam Pey\u011f\u0259mb\u0259rinin t\u0259hqir olunmas\u0131 az qala adi hala \u00e7evrilib. \u0130nsanlar\u0131n heysiyy\u0259tin\u0259 toxunan, inanc\u0131n\u0131&hellip;<\/p>\n","protected":false},"author":2,"featured_media":230396,"comment_status":"closed","ping_status":"closed","sticky":false,"template":"","format":"standard","meta":{"om_disable_all_campaigns":false,"_monsterinsights_skip_tracking":false,"_monsterinsights_sitenote_active":false,"_monsterinsights_sitenote_note":"","_monsterinsights_sitenote_category":0},"categories":[4],"tags":[],"aioseo_notices":[],"gutentor_comment":0,"rttpg_featured_image_url":{"full":["https:\/\/arantv.az\/wp-content\/uploads\/2020\/10\/bf9bfa8b7a4bc1e9cadd269e57f138fc.jpg",450,300,false],"landscape":["https:\/\/arantv.az\/wp-content\/uploads\/2020\/10\/bf9bfa8b7a4bc1e9cadd269e57f138fc.jpg",450,300,false],"portraits":["https:\/\/arantv.az\/wp-content\/uploads\/2020\/10\/bf9bfa8b7a4bc1e9cadd269e57f138fc.jpg",450,300,false],"thumbnail":["https:\/\/arantv.az\/wp-content\/uploads\/2020\/10\/bf9bfa8b7a4bc1e9cadd269e57f138fc-150x150.jpg",150,150,true],"medium":["https:\/\/arantv.az\/wp-content\/uploads\/2020\/10\/bf9bfa8b7a4bc1e9cadd269e57f138fc-300x200.jpg",300,200,true],"large":["https:\/\/arantv.az\/wp-content\/uploads\/2020\/10\/bf9bfa8b7a4bc1e9cadd269e57f138fc.jpg",450,300,false],"1536x1536":["https:\/\/arantv.az\/wp-content\/uploads\/2020\/10\/bf9bfa8b7a4bc1e9cadd269e57f138fc.jpg",450,300,false],"2048x2048":["https:\/\/arantv.az\/wp-content\/uploads\/2020\/10\/bf9bfa8b7a4bc1e9cadd269e57f138fc.jpg",450,300,false],"post-thumbnail":["https:\/\/arantv.az\/wp-content\/uploads\/2020\/10\/bf9bfa8b7a4bc1e9cadd269e57f138fc-240x172.jpg",240,172,true],"advps-thumb-one":["https:\/\/arantv.az\/wp-content\/uploads\/2020\/10\/bf9bfa8b7a4bc1e9cadd269e57f138fc.jpg",450,300,false]},"rttpg_author":{"display_name":"V\u00fcsal Rafiqo\u011flu","author_link":"https:\/\/arantv.az\/?author=2"},"rttpg_comment":0,"rttpg_category":"<a href=\"https:\/\/arantv.az\/?cat=4\" rel=\"category\">Siyas\u0259t<\/a>","rttpg_excerpt":"Fransa il\u0259 T\u00fcrkiy\u0259 aras\u0131nda yen\u0259 d\u0259 soyuq k\u00fcl\u0259kl\u0259r \u0259sir. Paris Ankaradak\u0131 f\u00f6vq\u0259lad\u0259 v\u0259 s\u0259lahiyy\u0259tli s\u0259fir Herve Magronu m\u0259sl\u0259h\u0259tl\u0259\u015fm\u0259k ad\u0131 il\u0259 geri \u00e7a\u011f\u0131r\u0131b. S\u0259b\u0259b T\u00fcrkiy\u0259 Prezidenti R\u0259c\u0259b Tayyib \u018frdo\u011fan\u0131n frans\u0131z h\u0259mkar\u0131 Emmanuel Makron haqq\u0131nda dedikl\u0259ridir. T\u00fcrkiy\u0259 lideri Fransa prezidentinin \u0130slam dinin\u0259 v\u0259 T\u00fcrkiy\u0259y\u0259 qar\u015f\u0131 q\u0259r\u0259zinin anla\u015f\u0131lmad\u0131\u011f\u0131n\u0131 deyib v\u0259 psixoloji problemin\u0259 g\u00f6r\u0259, m\u00fcalic\u0259y\u0259 ehtiyac\u0131 oldu\u011funu bildirib. Statistikaya&hellip;","_links":{"self":[{"href":"https:\/\/arantv.az\/index.php?rest_route=\/wp\/v2\/posts\/230395"}],"collection":[{"href":"https:\/\/arantv.az\/index.php?rest_route=\/wp\/v2\/posts"}],"about":[{"href":"https:\/\/arantv.az\/index.php?rest_route=\/wp\/v2\/types\/post"}],"author":[{"embeddable":true,"href":"https:\/\/arantv.az\/index.php?rest_route=\/wp\/v2\/users\/2"}],"replies":[{"embeddable":true,"href":"https:\/\/arantv.az\/index.php?rest_route=%2Fwp%2Fv2%2Fcomments&post=230395"}],"version-history":[{"count":0,"href":"https:\/\/arantv.az\/index.php?rest_route=\/wp\/v2\/posts\/230395\/revisions"}],"wp:featuredmedia":[{"embeddable":true,"href":"https:\/\/arantv.az\/index.php?rest_route=\/wp\/v2\/media\/230396"}],"wp:attachment":[{"href":"https:\/\/arantv.az\/index.php?rest_route=%2Fwp%2Fv2%2Fmedia&parent=230395"}],"wp:term":[{"taxonomy":"category","embeddable":true,"href":"https:\/\/arantv.az\/index.php?rest_route=%2Fwp%2Fv2%2Fcategories&post=230395"},{"taxonomy":"post_tag","embeddable":true,"href":"https:\/\/arantv.az\/index.php?rest_route=%2Fwp%2Fv2%2Ftags&post=230395"}],"curies":[{"name":"wp","href":"https:\/\/api.w.org\/{rel}","templated":true}]}}