{"id":230410,"date":"2020-10-25T15:48:18","date_gmt":"2020-10-25T12:48:18","guid":{"rendered":"http:\/\/arantv.az\/?p=230410"},"modified":"2020-10-25T15:49:18","modified_gmt":"2020-10-25T12:49:18","slug":"virtual-karabakhyuxari-ilham-%c9%99liyevin-nikkeiy%c9%99-musahib%c9%99si-%c9%99n-cox-oxunan-m%c9%99qal%c9%99-oldu-foto","status":"publish","type":"post","link":"https:\/\/arantv.az\/?p=230410","title":{"rendered":"\u0130lham \u018fliyevin \u201cNikkei\u201dy\u0259 m\u00fcsahib\u0259si \u0259n \u00e7ox oxunan m\u0259qal\u0259 oldu &#8211; FOTO"},"content":{"rendered":"<p>Az\u0259rbaycan Respublikas\u0131n\u0131n Prezidenti \u0130lham \u018fliyevin Yaponiyan\u0131n \u201cNikkei\u201d q\u0259zetin\u0259 m\u00fcsahib\u0259si bu h\u0259ft\u0259nin \u0259n \u00e7ox oxunan m\u0259qal\u0259si olub.<\/p>\n<p>Bu bar\u0259d\u0259 \u201cNikkei Asia\u201dn\u0131n \u201cTwitter\u201d hesab\u0131nda payla\u015f\u0131m edilib.<\/p>\n<div id=\"AdviadNativeVideo0\" class=\"AdviadNativeVideo\"><\/div>\n<p>Bildirilib ki, \u0130.\u018fliyev q\u0259zet\u0259 m\u00fcsahib\u0259sind\u0259 m\u00fcharib\u0259, s\u00fclh v\u0259 boru k\u0259m\u0259rl\u0259rind\u0259n dan\u0131\u015f\u0131b.<\/p>\n<div>\n<blockquote class=\"twitter-tweet\">\n<p dir=\"ltr\" lang=\"en\">MOST READ OF THE WEEK | THE NAGORNO-KARABAKH EXCLUSIVE<\/p>\n<p>In an exclusive interview with Nikkei from Baku, the Azerbaijan president talks war, peace and pipelines.<a href=\"https:\/\/t.co\/TwQJQ7mx71\">https:\/\/t.co\/TwQJQ7mx71<\/a><\/p>\n<p>\u2014 Nikkei Asia (@NikkeiAsia)\u00a0<a href=\"https:\/\/twitter.com\/NikkeiAsia\/status\/1320160684190191621?ref_src=twsrc%5Etfw\">October 25, 2020<\/a><\/p><\/blockquote>\n<\/div>\n","protected":false},"excerpt":{"rendered":"<p>Az\u0259rbaycan Respublikas\u0131n\u0131n Prezidenti \u0130lham \u018fliyevin Yaponiyan\u0131n \u201cNikkei\u201d q\u0259zetin\u0259 m\u00fcsahib\u0259si bu h\u0259ft\u0259nin \u0259n \u00e7ox oxunan m\u0259qal\u0259si olub. Bu bar\u0259d\u0259 \u201cNikkei Asia\u201dn\u0131n \u201cTwitter\u201d hesab\u0131nda payla\u015f\u0131m edilib. Bildirilib ki, \u0130.\u018fliyev q\u0259zet\u0259 m\u00fcsahib\u0259sind\u0259 m\u00fcharib\u0259, s\u00fclh v\u0259 boru k\u0259m\u0259rl\u0259rind\u0259n dan\u0131\u015f\u0131b. MOST READ OF THE WEEK | THE NAGORNO-KARABAKH EXCLUSIVE In an exclusive interview with Nikkei from Baku, the Azerbaijan president talks war, peace and pipelines.https:\/\/t.co\/TwQJQ7mx71 \u2014 Nikkei Asia (@NikkeiAsia)\u00a0October 25, 2020<\/p>\n","protected":false},"author":2,"featured_media":230411,"comment_status":"closed","ping_status":"closed","sticky":false,"template":"","format":"standard","meta":{"om_disable_all_campaigns":false,"_monsterinsights_skip_tracking":false,"_monsterinsights_sitenote_active":false,"_monsterinsights_sitenote_note":"","_monsterinsights_sitenote_category":0},"categories":[1],"tags":[],"aioseo_notices":[],"gutentor_comment":0,"rttpg_featured_image_url":{"full":["https:\/\/arantv.az\/wp-content\/uploads\/2020\/10\/prezident-2.jpg",620,457,false],"landscape":["https:\/\/arantv.az\/wp-content\/uploads\/2020\/10\/prezident-2.jpg",620,457,false],"portraits":["https:\/\/arantv.az\/wp-content\/uploads\/2020\/10\/prezident-2.jpg",620,457,false],"thumbnail":["https:\/\/arantv.az\/wp-content\/uploads\/2020\/10\/prezident-2-150x150.jpg",150,150,true],"medium":["https:\/\/arantv.az\/wp-content\/uploads\/2020\/10\/prezident-2-300x221.jpg",300,221,true],"large":["https:\/\/arantv.az\/wp-content\/uploads\/2020\/10\/prezident-2.jpg",620,457,false],"1536x1536":["https:\/\/arantv.az\/wp-content\/uploads\/2020\/10\/prezident-2.jpg",620,457,false],"2048x2048":["https:\/\/arantv.az\/wp-content\/uploads\/2020\/10\/prezident-2.jpg",620,457,false],"post-thumbnail":["https:\/\/arantv.az\/wp-content\/uploads\/2020\/10\/prezident-2-240x172.jpg",240,172,true],"advps-thumb-one":["https:\/\/arantv.az\/wp-content\/uploads\/2020\/10\/prezident-2.jpg",620,457,false]},"rttpg_author":{"display_name":"V\u00fcsal Rafiqo\u011flu","author_link":"https:\/\/arantv.az\/?author=2"},"rttpg_comment":0,"rttpg_category":"<a href=\"https:\/\/arantv.az\/?cat=1\" rel=\"category\">C\u0259miyy\u0259t<\/a>","rttpg_excerpt":"Az\u0259rbaycan Respublikas\u0131n\u0131n Prezidenti \u0130lham \u018fliyevin Yaponiyan\u0131n \u201cNikkei\u201d q\u0259zetin\u0259 m\u00fcsahib\u0259si bu h\u0259ft\u0259nin \u0259n \u00e7ox oxunan m\u0259qal\u0259si olub. Bu bar\u0259d\u0259 \u201cNikkei Asia\u201dn\u0131n \u201cTwitter\u201d hesab\u0131nda payla\u015f\u0131m edilib. Bildirilib ki, \u0130.\u018fliyev q\u0259zet\u0259 m\u00fcsahib\u0259sind\u0259 m\u00fcharib\u0259, s\u00fclh v\u0259 boru k\u0259m\u0259rl\u0259rind\u0259n dan\u0131\u015f\u0131b. MOST READ OF THE WEEK | THE NAGORNO-KARABAKH EXCLUSIVE In an exclusive interview with Nikkei from Baku, the Azerbaijan president&hellip;","_links":{"self":[{"href":"https:\/\/arantv.az\/index.php?rest_route=\/wp\/v2\/posts\/230410"}],"collection":[{"href":"https:\/\/arantv.az\/index.php?rest_route=\/wp\/v2\/posts"}],"about":[{"href":"https:\/\/arantv.az\/index.php?rest_route=\/wp\/v2\/types\/post"}],"author":[{"embeddable":true,"href":"https:\/\/arantv.az\/index.php?rest_route=\/wp\/v2\/users\/2"}],"replies":[{"embeddable":true,"href":"https:\/\/arantv.az\/index.php?rest_route=%2Fwp%2Fv2%2Fcomments&post=230410"}],"version-history":[{"count":0,"href":"https:\/\/arantv.az\/index.php?rest_route=\/wp\/v2\/posts\/230410\/revisions"}],"wp:featuredmedia":[{"embeddable":true,"href":"https:\/\/arantv.az\/index.php?rest_route=\/wp\/v2\/media\/230411"}],"wp:attachment":[{"href":"https:\/\/arantv.az\/index.php?rest_route=%2Fwp%2Fv2%2Fmedia&parent=230410"}],"wp:term":[{"taxonomy":"category","embeddable":true,"href":"https:\/\/arantv.az\/index.php?rest_route=%2Fwp%2Fv2%2Fcategories&post=230410"},{"taxonomy":"post_tag","embeddable":true,"href":"https:\/\/arantv.az\/index.php?rest_route=%2Fwp%2Fv2%2Ftags&post=230410"}],"curies":[{"name":"wp","href":"https:\/\/api.w.org\/{rel}","templated":true}]}}