{"id":230416,"date":"2020-10-25T17:07:46","date_gmt":"2020-10-25T14:07:46","guid":{"rendered":"http:\/\/arantv.az\/?p=230416"},"modified":"2020-10-26T08:42:11","modified_gmt":"2020-10-26T05:42:11","slug":"virtual-karabakhyuxari-ordumuzdan-dusm%c9%99n%c9%99-sarsidici-z%c9%99rb%c9%99-komanda-idar%c9%99etm%c9%99-m%c9%99nt%c9%99q%c9%99si-v%c9%99-at%c9%99s-noqt%c9%99l%c9%99ri-m%c9%99hv-edildi-video","status":"publish","type":"post","link":"https:\/\/arantv.az\/?p=230416","title":{"rendered":"Ordumuzdan d\u00fc\u015fm\u0259n\u0259 sars\u0131d\u0131c\u0131 z\u0259rb\u0259: Komanda idar\u0259etm\u0259 m\u0259nt\u0259q\u0259si v\u0259 at\u0259\u015f n\u00f6qt\u0259l\u0259ri m\u0259hv edildi &#8211; V\u0130DEO"},"content":{"rendered":"<p>C\u0259bh\u0259nin m\u00fcxt\u0259lif istiqam\u0259tl\u0259rind\u0259 ged\u0259n d\u00f6y\u00fc\u015fl\u0259rd\u0259 Az\u0259rbaycan Ordusunun b\u00f6lm\u0259l\u0259ri \u00f6z \u00fcst\u00fcnl\u00fcy\u00fcn\u00fc qoruyub.<\/p>\n<p>Bu bar\u0259d\u0259 Az\u0259rbaycan\u0131n M\u00fcdafi\u0259 Nazirliyi m\u0259lumat yay\u0131b.<\/p>\n<p>Bildirilib ki, oktyabr\u0131n 25-d\u0259 apar\u0131lan u\u011furlu d\u00f6y\u00fc\u015f \u0259m\u0259liyyatlar\u0131 zaman\u0131 d\u00fc\u015fm\u0259nin iki artilleriya qur\u011fusu, iki BM-21 \u201cQrad\u201d, bir komanda q\u0259rargah ma\u015f\u0131n\u0131, bir komanda idar\u0259etm\u0259 m\u0259nt\u0259q\u0259si, iki\u00a0y\u00fck ma\u015f\u0131n\u0131, bir tank v\u0259 bir ne\u00e7\u0259 at\u0259\u015f n\u00f6qt\u0259si m\u0259hv edilib.<\/p>\n<div><iframe loading=\"lazy\" src=\"https:\/\/player.baku.tv\/embed\/26773\" width=\"560\" height=\"315\" frameborder=\"0\" allowfullscreen=\"allowfullscreen\" data-mce-fragment=\"1\"><\/iframe><\/div>\n<p>\u00a0<\/p>\n","protected":false},"excerpt":{"rendered":"<p>C\u0259bh\u0259nin m\u00fcxt\u0259lif istiqam\u0259tl\u0259rind\u0259 ged\u0259n d\u00f6y\u00fc\u015fl\u0259rd\u0259 Az\u0259rbaycan Ordusunun b\u00f6lm\u0259l\u0259ri \u00f6z \u00fcst\u00fcnl\u00fcy\u00fcn\u00fc qoruyub. Bu bar\u0259d\u0259 Az\u0259rbaycan\u0131n M\u00fcdafi\u0259 Nazirliyi m\u0259lumat yay\u0131b. Bildirilib ki, oktyabr\u0131n 25-d\u0259 apar\u0131lan u\u011furlu d\u00f6y\u00fc\u015f \u0259m\u0259liyyatlar\u0131 zaman\u0131 d\u00fc\u015fm\u0259nin iki artilleriya qur\u011fusu, iki BM-21 \u201cQrad\u201d, bir komanda q\u0259rargah ma\u015f\u0131n\u0131, bir komanda idar\u0259etm\u0259 m\u0259nt\u0259q\u0259si, iki\u00a0y\u00fck ma\u015f\u0131n\u0131, bir tank v\u0259 bir ne\u00e7\u0259 at\u0259\u015f n\u00f6qt\u0259si m\u0259hv edilib. \u00a0<\/p>\n","protected":false},"author":2,"featured_media":230417,"comment_status":"closed","ping_status":"closed","sticky":false,"template":"","format":"standard","meta":{"om_disable_all_campaigns":false,"_monsterinsights_skip_tracking":false,"_monsterinsights_sitenote_active":false,"_monsterinsights_sitenote_note":"","_monsterinsights_sitenote_category":0},"categories":[19],"tags":[],"aioseo_notices":[],"gutentor_comment":0,"rttpg_featured_image_url":{"full":["https:\/\/arantv.az\/wp-content\/uploads\/2020\/10\/FotoJet-2-4.jpg",620,431,false],"landscape":["https:\/\/arantv.az\/wp-content\/uploads\/2020\/10\/FotoJet-2-4.jpg",620,431,false],"portraits":["https:\/\/arantv.az\/wp-content\/uploads\/2020\/10\/FotoJet-2-4.jpg",620,431,false],"thumbnail":["https:\/\/arantv.az\/wp-content\/uploads\/2020\/10\/FotoJet-2-4-150x150.jpg",150,150,true],"medium":["https:\/\/arantv.az\/wp-content\/uploads\/2020\/10\/FotoJet-2-4-300x209.jpg",300,209,true],"large":["https:\/\/arantv.az\/wp-content\/uploads\/2020\/10\/FotoJet-2-4.jpg",620,431,false],"1536x1536":["https:\/\/arantv.az\/wp-content\/uploads\/2020\/10\/FotoJet-2-4.jpg",620,431,false],"2048x2048":["https:\/\/arantv.az\/wp-content\/uploads\/2020\/10\/FotoJet-2-4.jpg",620,431,false],"post-thumbnail":["https:\/\/arantv.az\/wp-content\/uploads\/2020\/10\/FotoJet-2-4-240x172.jpg",240,172,true],"advps-thumb-one":["https:\/\/arantv.az\/wp-content\/uploads\/2020\/10\/FotoJet-2-4.jpg",620,431,false]},"rttpg_author":{"display_name":"V\u00fcsal Rafiqo\u011flu","author_link":"https:\/\/arantv.az\/?author=2"},"rttpg_comment":0,"rttpg_category":"<a href=\"https:\/\/arantv.az\/?cat=19\" rel=\"category\">G\u00fcnd\u0259m<\/a>","rttpg_excerpt":"C\u0259bh\u0259nin m\u00fcxt\u0259lif istiqam\u0259tl\u0259rind\u0259 ged\u0259n d\u00f6y\u00fc\u015fl\u0259rd\u0259 Az\u0259rbaycan Ordusunun b\u00f6lm\u0259l\u0259ri \u00f6z \u00fcst\u00fcnl\u00fcy\u00fcn\u00fc qoruyub. Bu bar\u0259d\u0259 Az\u0259rbaycan\u0131n M\u00fcdafi\u0259 Nazirliyi m\u0259lumat yay\u0131b. Bildirilib ki, oktyabr\u0131n 25-d\u0259 apar\u0131lan u\u011furlu d\u00f6y\u00fc\u015f \u0259m\u0259liyyatlar\u0131 zaman\u0131 d\u00fc\u015fm\u0259nin iki artilleriya qur\u011fusu, iki BM-21 \u201cQrad\u201d, bir komanda q\u0259rargah ma\u015f\u0131n\u0131, bir komanda idar\u0259etm\u0259 m\u0259nt\u0259q\u0259si, iki\u00a0y\u00fck ma\u015f\u0131n\u0131, bir tank v\u0259 bir ne\u00e7\u0259 at\u0259\u015f n\u00f6qt\u0259si m\u0259hv edilib. \u00a0","_links":{"self":[{"href":"https:\/\/arantv.az\/index.php?rest_route=\/wp\/v2\/posts\/230416"}],"collection":[{"href":"https:\/\/arantv.az\/index.php?rest_route=\/wp\/v2\/posts"}],"about":[{"href":"https:\/\/arantv.az\/index.php?rest_route=\/wp\/v2\/types\/post"}],"author":[{"embeddable":true,"href":"https:\/\/arantv.az\/index.php?rest_route=\/wp\/v2\/users\/2"}],"replies":[{"embeddable":true,"href":"https:\/\/arantv.az\/index.php?rest_route=%2Fwp%2Fv2%2Fcomments&post=230416"}],"version-history":[{"count":0,"href":"https:\/\/arantv.az\/index.php?rest_route=\/wp\/v2\/posts\/230416\/revisions"}],"wp:featuredmedia":[{"embeddable":true,"href":"https:\/\/arantv.az\/index.php?rest_route=\/wp\/v2\/media\/230417"}],"wp:attachment":[{"href":"https:\/\/arantv.az\/index.php?rest_route=%2Fwp%2Fv2%2Fmedia&parent=230416"}],"wp:term":[{"taxonomy":"category","embeddable":true,"href":"https:\/\/arantv.az\/index.php?rest_route=%2Fwp%2Fv2%2Fcategories&post=230416"},{"taxonomy":"post_tag","embeddable":true,"href":"https:\/\/arantv.az\/index.php?rest_route=%2Fwp%2Fv2%2Ftags&post=230416"}],"curies":[{"name":"wp","href":"https:\/\/api.w.org\/{rel}","templated":true}]}}