{"id":230420,"date":"2020-10-25T17:08:59","date_gmt":"2020-10-25T14:08:59","guid":{"rendered":"http:\/\/arantv.az\/?p=230420"},"modified":"2020-10-25T17:08:59","modified_gmt":"2020-10-25T14:08:59","slug":"%c9%99rdogan-oz-torpaqlarini-isgaldan-azad-ed%c9%99n-az%c9%99rbaycanin-yanindayiq","status":"publish","type":"post","link":"https:\/\/arantv.az\/?p=230420","title":{"rendered":"\u018frdo\u011fan: \u201c\u00d6z torpaqlar\u0131n\u0131 i\u015f\u011faldan azad ed\u0259n Az\u0259rbaycan\u0131n yan\u0131nday\u0131q\u201d"},"content":{"rendered":"<p>T\u00fcrkiy\u0259 Prezidenti R\u0259c\u0259b Tayyib \u018frdo\u011fan Malatyada \u00e7\u0131x\u0131\u015f\u0131 zaman\u0131 Az\u0259rbaycan\u0131n yan\u0131nda oldu\u011funu a\u00e7\u0131qlay\u0131b.<\/p>\n<p>Bu bar\u0259d\u0259 \u201cHaber Global\u201d m\u0259lumat yay\u0131b.<\/p>\n<p>\u201c\u00d6z torpaqlar\u0131n\u0131 i\u015f\u011faldan azad ed\u0259n Az\u0259rbaycan\u0131n yan\u0131nday\u0131q\u201d, &#8211; dey\u0259 T\u00fcrkiy\u0259 prezidenti vur\u011fulay\u0131b.<\/p>\n<p>Qeyd ed\u0259k ki, R\u0259c\u0259b Tayyib \u018frdo\u011fan h\u0259r zaman\u00a0Qaraba\u011f m\u0259s\u0259l\u0259sind\u0259 Bak\u0131ya d\u0259st\u0259yini ifad\u0259 edib. Bundan \u0259vv\u0259lki \u00e7\u0131x\u0131\u015f\u0131 zaman\u0131 o, Az\u0259rbaycan\u0131n i\u015f\u011fal alt\u0131ndak\u0131 torpaqlar\u0131n\u0131 xilas etm\u0259k m\u00fcbariz\u0259sin\u0259 b\u00fct\u00fcn q\u0259lbi\u00a0v\u0259 imkanlar\u0131 il\u0259\u00a0d\u0259st\u0259k verdikl\u0259rini v\u0259 bundan sonra da verm\u0259y\u0259 davam ed\u0259c\u0259kl\u0259rini bildirmi\u015fdi.<\/p>\n","protected":false},"excerpt":{"rendered":"<p>T\u00fcrkiy\u0259 Prezidenti R\u0259c\u0259b Tayyib \u018frdo\u011fan Malatyada \u00e7\u0131x\u0131\u015f\u0131 zaman\u0131 Az\u0259rbaycan\u0131n yan\u0131nda oldu\u011funu a\u00e7\u0131qlay\u0131b. Bu bar\u0259d\u0259 \u201cHaber Global\u201d m\u0259lumat yay\u0131b. \u201c\u00d6z torpaqlar\u0131n\u0131 i\u015f\u011faldan azad ed\u0259n Az\u0259rbaycan\u0131n yan\u0131nday\u0131q\u201d, &#8211; dey\u0259 T\u00fcrkiy\u0259 prezidenti vur\u011fulay\u0131b. Qeyd ed\u0259k ki, R\u0259c\u0259b Tayyib \u018frdo\u011fan h\u0259r zaman\u00a0Qaraba\u011f m\u0259s\u0259l\u0259sind\u0259 Bak\u0131ya d\u0259st\u0259yini ifad\u0259 edib. Bundan \u0259vv\u0259lki \u00e7\u0131x\u0131\u015f\u0131 zaman\u0131 o, Az\u0259rbaycan\u0131n i\u015f\u011fal alt\u0131ndak\u0131 torpaqlar\u0131n\u0131 xilas etm\u0259k m\u00fcbariz\u0259sin\u0259 b\u00fct\u00fcn q\u0259lbi\u00a0v\u0259 imkanlar\u0131 il\u0259\u00a0d\u0259st\u0259k verdikl\u0259rini v\u0259 bundan sonra da verm\u0259y\u0259 davam ed\u0259c\u0259kl\u0259rini bildirmi\u015fdi.<\/p>\n","protected":false},"author":2,"featured_media":230421,"comment_status":"closed","ping_status":"closed","sticky":false,"template":"","format":"standard","meta":{"om_disable_all_campaigns":false,"_monsterinsights_skip_tracking":false,"_monsterinsights_sitenote_active":false,"_monsterinsights_sitenote_note":"","_monsterinsights_sitenote_category":0},"categories":[4],"tags":[],"aioseo_notices":[],"gutentor_comment":0,"rttpg_featured_image_url":{"full":["https:\/\/arantv.az\/wp-content\/uploads\/2020\/10\/Untitled-5.jpg",620,370,false],"landscape":["https:\/\/arantv.az\/wp-content\/uploads\/2020\/10\/Untitled-5.jpg",620,370,false],"portraits":["https:\/\/arantv.az\/wp-content\/uploads\/2020\/10\/Untitled-5.jpg",620,370,false],"thumbnail":["https:\/\/arantv.az\/wp-content\/uploads\/2020\/10\/Untitled-5-150x150.jpg",150,150,true],"medium":["https:\/\/arantv.az\/wp-content\/uploads\/2020\/10\/Untitled-5-300x179.jpg",300,179,true],"large":["https:\/\/arantv.az\/wp-content\/uploads\/2020\/10\/Untitled-5.jpg",620,370,false],"1536x1536":["https:\/\/arantv.az\/wp-content\/uploads\/2020\/10\/Untitled-5.jpg",620,370,false],"2048x2048":["https:\/\/arantv.az\/wp-content\/uploads\/2020\/10\/Untitled-5.jpg",620,370,false],"post-thumbnail":["https:\/\/arantv.az\/wp-content\/uploads\/2020\/10\/Untitled-5-240x172.jpg",240,172,true],"advps-thumb-one":["https:\/\/arantv.az\/wp-content\/uploads\/2020\/10\/Untitled-5.jpg",620,370,false]},"rttpg_author":{"display_name":"V\u00fcsal Rafiqo\u011flu","author_link":"https:\/\/arantv.az\/?author=2"},"rttpg_comment":0,"rttpg_category":"<a href=\"https:\/\/arantv.az\/?cat=4\" rel=\"category\">Siyas\u0259t<\/a>","rttpg_excerpt":"T\u00fcrkiy\u0259 Prezidenti R\u0259c\u0259b Tayyib \u018frdo\u011fan Malatyada \u00e7\u0131x\u0131\u015f\u0131 zaman\u0131 Az\u0259rbaycan\u0131n yan\u0131nda oldu\u011funu a\u00e7\u0131qlay\u0131b. Bu bar\u0259d\u0259 \u201cHaber Global\u201d m\u0259lumat yay\u0131b. \u201c\u00d6z torpaqlar\u0131n\u0131 i\u015f\u011faldan azad ed\u0259n Az\u0259rbaycan\u0131n yan\u0131nday\u0131q\u201d, &#8211; dey\u0259 T\u00fcrkiy\u0259 prezidenti vur\u011fulay\u0131b. Qeyd ed\u0259k ki, R\u0259c\u0259b Tayyib \u018frdo\u011fan h\u0259r zaman\u00a0Qaraba\u011f m\u0259s\u0259l\u0259sind\u0259 Bak\u0131ya d\u0259st\u0259yini ifad\u0259 edib. Bundan \u0259vv\u0259lki \u00e7\u0131x\u0131\u015f\u0131 zaman\u0131 o, Az\u0259rbaycan\u0131n i\u015f\u011fal alt\u0131ndak\u0131 torpaqlar\u0131n\u0131 xilas etm\u0259k m\u00fcbariz\u0259sin\u0259&hellip;","_links":{"self":[{"href":"https:\/\/arantv.az\/index.php?rest_route=\/wp\/v2\/posts\/230420"}],"collection":[{"href":"https:\/\/arantv.az\/index.php?rest_route=\/wp\/v2\/posts"}],"about":[{"href":"https:\/\/arantv.az\/index.php?rest_route=\/wp\/v2\/types\/post"}],"author":[{"embeddable":true,"href":"https:\/\/arantv.az\/index.php?rest_route=\/wp\/v2\/users\/2"}],"replies":[{"embeddable":true,"href":"https:\/\/arantv.az\/index.php?rest_route=%2Fwp%2Fv2%2Fcomments&post=230420"}],"version-history":[{"count":0,"href":"https:\/\/arantv.az\/index.php?rest_route=\/wp\/v2\/posts\/230420\/revisions"}],"wp:featuredmedia":[{"embeddable":true,"href":"https:\/\/arantv.az\/index.php?rest_route=\/wp\/v2\/media\/230421"}],"wp:attachment":[{"href":"https:\/\/arantv.az\/index.php?rest_route=%2Fwp%2Fv2%2Fmedia&parent=230420"}],"wp:term":[{"taxonomy":"category","embeddable":true,"href":"https:\/\/arantv.az\/index.php?rest_route=%2Fwp%2Fv2%2Fcategories&post=230420"},{"taxonomy":"post_tag","embeddable":true,"href":"https:\/\/arantv.az\/index.php?rest_route=%2Fwp%2Fv2%2Ftags&post=230420"}],"curies":[{"name":"wp","href":"https:\/\/api.w.org\/{rel}","templated":true}]}}