{"id":230428,"date":"2020-10-25T17:15:08","date_gmt":"2020-10-25T14:15:08","guid":{"rendered":"http:\/\/arantv.az\/?p=230428"},"modified":"2020-10-25T17:15:08","modified_gmt":"2020-10-25T14:15:08","slug":"az%c9%99rbaycan-ordusu-yuks%c9%99krutb%c9%99li-erm%c9%99ni-h%c9%99rbcisini-m%c9%99hv-etdi","status":"publish","type":"post","link":"https:\/\/arantv.az\/?p=230428","title":{"rendered":"Az\u0259rbaycan ordusu y\u00fcks\u0259kr\u00fctb\u0259li erm\u0259ni h\u0259rb\u00e7isini m\u0259hv etdi"},"content":{"rendered":"<p><strong>Az\u0259rbaycan ordusu Qar\u015f\u0131 h\u00fccum \u0259m\u0259liyyat\u0131 zaman\u0131 \u0259ks-h\u0259ml\u0259 \u0259m\u0259liyyatlar\u0131 n\u0259tic\u0259sind\u0259 Erm\u0259nistan silahl\u0131 q\u00fcvv\u0259l\u0259rinin daha bir y\u00fcks\u0259k r\u00fctb\u0259li h\u0259rb\u00e7isini m\u0259hv edib.<\/strong><\/p>\n<p><strong>ARANTV.AZ<\/strong>\u00a0 bildirir ki,\u00a0<a href=\"http:\/\/trend.az\/\" target=\"_blank\" rel=\"noopener\">Trend<\/a>-in erm\u0259ni K\u0130V-l\u0259rin\u0259 istinad\u0259n verdiyi m\u0259lumata g\u00f6r\u0259, m\u0259hv edil\u0259n \u015f\u0259xs &#8211; 1978-ci ild\u0259 G\u00fcrc\u00fcstan\u0131n Cavaxeti regionunun Ninotsmindsk rayonunun Orocalar k\u0259ndind\u0259 anadan olan polkovnik-leytenant A\u015fot \u00c7obanyand\u0131r.<\/p>\n<p>M\u0259lumata \u0259sas\u0259n, A.\u00c7obanyan 22 il Erm\u0259nistan ordusunda xidm\u0259t edib. O oktybar\u0131n 15-i Az\u0259rbaycan ordusu t\u0259r\u0259find\u0259n m\u0259hv edilib.<\/p>\n","protected":false},"excerpt":{"rendered":"<p>Az\u0259rbaycan ordusu Qar\u015f\u0131 h\u00fccum \u0259m\u0259liyyat\u0131 zaman\u0131 \u0259ks-h\u0259ml\u0259 \u0259m\u0259liyyatlar\u0131 n\u0259tic\u0259sind\u0259 Erm\u0259nistan silahl\u0131 q\u00fcvv\u0259l\u0259rinin daha bir y\u00fcks\u0259k r\u00fctb\u0259li h\u0259rb\u00e7isini m\u0259hv edib. ARANTV.AZ\u00a0 bildirir ki,\u00a0Trend-in erm\u0259ni K\u0130V-l\u0259rin\u0259 istinad\u0259n verdiyi m\u0259lumata g\u00f6r\u0259, m\u0259hv edil\u0259n \u015f\u0259xs &#8211; 1978-ci ild\u0259 G\u00fcrc\u00fcstan\u0131n Cavaxeti regionunun Ninotsmindsk rayonunun Orocalar k\u0259ndind\u0259 anadan olan polkovnik-leytenant A\u015fot \u00c7obanyand\u0131r. M\u0259lumata \u0259sas\u0259n, A.\u00c7obanyan 22 il Erm\u0259nistan ordusunda xidm\u0259t edib. O oktybar\u0131n 15-i Az\u0259rbaycan ordusu t\u0259r\u0259find\u0259n m\u0259hv edilib.<\/p>\n","protected":false},"author":2,"featured_media":230429,"comment_status":"closed","ping_status":"closed","sticky":false,"template":"","format":"standard","meta":{"om_disable_all_campaigns":false,"_monsterinsights_skip_tracking":false,"_monsterinsights_sitenote_active":false,"_monsterinsights_sitenote_note":"","_monsterinsights_sitenote_category":0},"categories":[4],"tags":[],"aioseo_notices":[],"gutentor_comment":0,"rttpg_featured_image_url":{"full":["https:\/\/arantv.az\/wp-content\/uploads\/2020\/10\/892174.jpg",800,550,false],"landscape":["https:\/\/arantv.az\/wp-content\/uploads\/2020\/10\/892174.jpg",800,550,false],"portraits":["https:\/\/arantv.az\/wp-content\/uploads\/2020\/10\/892174.jpg",800,550,false],"thumbnail":["https:\/\/arantv.az\/wp-content\/uploads\/2020\/10\/892174-150x150.jpg",150,150,true],"medium":["https:\/\/arantv.az\/wp-content\/uploads\/2020\/10\/892174-300x206.jpg",300,206,true],"large":["https:\/\/arantv.az\/wp-content\/uploads\/2020\/10\/892174.jpg",640,440,false],"1536x1536":["https:\/\/arantv.az\/wp-content\/uploads\/2020\/10\/892174.jpg",800,550,false],"2048x2048":["https:\/\/arantv.az\/wp-content\/uploads\/2020\/10\/892174.jpg",800,550,false],"post-thumbnail":["https:\/\/arantv.az\/wp-content\/uploads\/2020\/10\/892174-240x172.jpg",240,172,true],"advps-thumb-one":["https:\/\/arantv.az\/wp-content\/uploads\/2020\/10\/892174.jpg",800,550,false]},"rttpg_author":{"display_name":"V\u00fcsal Rafiqo\u011flu","author_link":"https:\/\/arantv.az\/?author=2"},"rttpg_comment":0,"rttpg_category":"<a href=\"https:\/\/arantv.az\/?cat=4\" rel=\"category\">Siyas\u0259t<\/a>","rttpg_excerpt":"Az\u0259rbaycan ordusu Qar\u015f\u0131 h\u00fccum \u0259m\u0259liyyat\u0131 zaman\u0131 \u0259ks-h\u0259ml\u0259 \u0259m\u0259liyyatlar\u0131 n\u0259tic\u0259sind\u0259 Erm\u0259nistan silahl\u0131 q\u00fcvv\u0259l\u0259rinin daha bir y\u00fcks\u0259k r\u00fctb\u0259li h\u0259rb\u00e7isini m\u0259hv edib. ARANTV.AZ\u00a0 bildirir ki,\u00a0Trend-in erm\u0259ni K\u0130V-l\u0259rin\u0259 istinad\u0259n verdiyi m\u0259lumata g\u00f6r\u0259, m\u0259hv edil\u0259n \u015f\u0259xs &#8211; 1978-ci ild\u0259 G\u00fcrc\u00fcstan\u0131n Cavaxeti regionunun Ninotsmindsk rayonunun Orocalar k\u0259ndind\u0259 anadan olan polkovnik-leytenant A\u015fot \u00c7obanyand\u0131r. M\u0259lumata \u0259sas\u0259n, A.\u00c7obanyan 22 il Erm\u0259nistan ordusunda xidm\u0259t edib.&hellip;","_links":{"self":[{"href":"https:\/\/arantv.az\/index.php?rest_route=\/wp\/v2\/posts\/230428"}],"collection":[{"href":"https:\/\/arantv.az\/index.php?rest_route=\/wp\/v2\/posts"}],"about":[{"href":"https:\/\/arantv.az\/index.php?rest_route=\/wp\/v2\/types\/post"}],"author":[{"embeddable":true,"href":"https:\/\/arantv.az\/index.php?rest_route=\/wp\/v2\/users\/2"}],"replies":[{"embeddable":true,"href":"https:\/\/arantv.az\/index.php?rest_route=%2Fwp%2Fv2%2Fcomments&post=230428"}],"version-history":[{"count":0,"href":"https:\/\/arantv.az\/index.php?rest_route=\/wp\/v2\/posts\/230428\/revisions"}],"wp:featuredmedia":[{"embeddable":true,"href":"https:\/\/arantv.az\/index.php?rest_route=\/wp\/v2\/media\/230429"}],"wp:attachment":[{"href":"https:\/\/arantv.az\/index.php?rest_route=%2Fwp%2Fv2%2Fmedia&parent=230428"}],"wp:term":[{"taxonomy":"category","embeddable":true,"href":"https:\/\/arantv.az\/index.php?rest_route=%2Fwp%2Fv2%2Fcategories&post=230428"},{"taxonomy":"post_tag","embeddable":true,"href":"https:\/\/arantv.az\/index.php?rest_route=%2Fwp%2Fv2%2Ftags&post=230428"}],"curies":[{"name":"wp","href":"https:\/\/api.w.org\/{rel}","templated":true}]}}