{"id":230432,"date":"2020-10-25T17:21:28","date_gmt":"2020-10-25T14:21:28","guid":{"rendered":"http:\/\/arantv.az\/?p=230432"},"modified":"2020-10-25T17:21:28","modified_gmt":"2020-10-25T14:21:28","slug":"prezident-ilham-%c9%99liyev-az%c9%99rbaycanin-movqeyini-d%c9%99st%c9%99kl%c9%99y%c9%99n-olk%c9%99l%c9%99rin-dovl%c9%99t-v%c9%99-hokum%c9%99t-bascilarina-m%c9%99ktublar-unvanlayib","status":"publish","type":"post","link":"https:\/\/arantv.az\/?p=230432","title":{"rendered":"Prezident \u0130lham \u018fliyev Az\u0259rbaycan\u0131n m\u00f6vqeyini d\u0259st\u0259kl\u0259y\u0259n \u00f6lk\u0259l\u0259rin d\u00f6vl\u0259t v\u0259 h\u00f6kum\u0259t ba\u015f\u00e7\u0131lar\u0131na m\u0259ktublar \u00fcnvanlay\u0131b"},"content":{"rendered":"<p>M\u0259lum oldu\u011fu kimi, bu g\u00fcnl\u0259rd\u0259 BMT T\u0259hl\u00fck\u0259sizlik \u015euras\u0131nda Erm\u0259nistan-Az\u0259rbaycan m\u00fcnaqi\u015f\u0259si il\u0259 ba\u011fl\u0131 ba\u015f tutmu\u015f m\u00fczakir\u0259l\u0259rd\u0259 Qo\u015fulmama H\u0259r\u0259kat\u0131n\u0131n v\u0259 eyni zamanda, haz\u0131rda T\u0259hl\u00fck\u0259sizlik \u015euras\u0131n\u0131n \u00fczv\u00fc olan \u00f6lk\u0259l\u0259r &#8211; \u0130ndoneziya, Tunis, Niger, Dominikan Respublikas\u0131, Vyetnam, C\u0259nubi Afrika Respublikas\u0131 v\u0259 Sent-Vinsent v\u0259 Qrenadin t\u0259klif edil\u0259n s\u0259n\u0259d layih\u0259sin\u0259 T\u0259hl\u00fck\u0259sizlik \u015euras\u0131n\u0131n 1993-c\u00fc ild\u0259 q\u0259bul edilmi\u015f 822, 853, 874, 884 sayl\u0131 q\u0259tnam\u0259l\u0259rin\u0259 istinad\u0131n daxil edilm\u0259sin\u0259 dair israrl\u0131 m\u00f6vqe n\u00fcmayi\u015f etdiribl\u0259r. N\u0259tic\u0259d\u0259 T\u0259hl\u00fck\u0259sizlik \u015euras\u0131n\u0131n daimi \u00fczvl\u0259ri olan AT\u018fT-in Minsk qrupunun h\u0259ms\u0259dr \u00f6lk\u0259l\u0259ri haz\u0131rlad\u0131qlar\u0131 b\u0259yanat layih\u0259sini geri g\u00f6t\u00fcrm\u0259y\u0259 m\u0259cbur olublar.<\/p>\n<p><strong>ARANTV.AZ<\/strong>\u00a0\u00a0<a href=\"http:\/\/azertag.az\/\" target=\"_blank\" rel=\"noopener\">AZ\u018fRTAC<\/a>-a istinad\u0259n bildirir ki, bununla \u0259laq\u0259dar, Az\u0259rbaycan Respublikas\u0131n\u0131n Prezidenti \u0130lham \u018fliyev t\u0259r\u0259find\u0259n \u0130ndoneziya, Tunis, Niger, Dominikan Respublikas\u0131, Vyetnam, C\u0259nubi Afrika Respublikas\u0131 v\u0259 Sent-Vinsent v\u0259 Qrenadinin d\u00f6vl\u0259t v\u0259 h\u00f6kum\u0259t ba\u015f\u00e7\u0131lar\u0131na m\u0259ktublar \u00fcnvanlan\u0131b.<\/p>\n<p>M\u0259ktublarda BMT T\u0259hl\u00fck\u0259sizlik \u015euras\u0131nda ke\u00e7irilmi\u015f m\u00fczakir\u0259l\u0259r zaman\u0131 g\u00f6st\u0259rdikl\u0259ri prinsipial m\u00f6vqey\u0259 g\u00f6r\u0259 s\u00f6z\u00fcged\u0259n \u00f6lk\u0259l\u0259r\u0259 t\u0259\u015f\u0259kk\u00fcr ifad\u0259 olunub.<\/p>\n<p>M\u0259ktublarda qeyd edilib ki, bu \u00f6lk\u0259l\u0259rin bel\u0259 q\u0259ti m\u00f6vqe s\u0259rgil\u0259m\u0259l\u0259ri onlar\u0131n Bandunq prinsipl\u0259rin\u0259, Qo\u015fulmama H\u0259r\u0259kat\u0131n\u0131n d\u0259y\u0259rl\u0259rin\u0259 sadiqliyini, multilateralizm\u0259 v\u0259 beyn\u0259lxalq h\u00fcquqa olan h\u00f6rm\u0259tini n\u00fcmayi\u015f etdirir. Bu m\u00f6vqe ikit\u0259r\u0259fli m\u00fcnasib\u0259tl\u0259rimizd\u0259 tarixi dostluq \u0259lam\u0259ti kimi q\u0259bul olunur.<\/p>\n<p>Daha sonra m\u0259ktublarda bildirilir ki, h\u0259min \u00f6lk\u0259l\u0259rin davaml\u0131 d\u0259st\u0259yi m\u00fcnaqi\u015f\u0259nin beyn\u0259lxalq h\u00fcquq v\u0259 T\u0259hl\u00fck\u0259sizlik \u015euras\u0131n\u0131n m\u0259lum q\u0259tnam\u0259l\u0259ri \u0259sas\u0131nda h\u0259llin\u0259 t\u00f6hf\u0259 ver\u0259c\u0259k.<\/p>\n<p>Sonda is\u0259 ikit\u0259r\u0259fli m\u00fcnasib\u0259tl\u0259rimizin, el\u0259c\u0259 d\u0259 BMT v\u0259 Qo\u015fulmama H\u0259r\u0259kat\u0131 \u00e7\u0259r\u00e7iv\u0259sind\u0259 \u00e7oxt\u0259r\u0259fli \u0259m\u0259kda\u015fl\u0131\u011f\u0131m\u0131z\u0131n u\u011furla inki\u015faf ed\u0259c\u0259yin\u0259 \u0259minlik ifad\u0259 olunub.<\/p>\n","protected":false},"excerpt":{"rendered":"<p>M\u0259lum oldu\u011fu kimi, bu g\u00fcnl\u0259rd\u0259 BMT T\u0259hl\u00fck\u0259sizlik \u015euras\u0131nda Erm\u0259nistan-Az\u0259rbaycan m\u00fcnaqi\u015f\u0259si il\u0259 ba\u011fl\u0131 ba\u015f tutmu\u015f m\u00fczakir\u0259l\u0259rd\u0259 Qo\u015fulmama H\u0259r\u0259kat\u0131n\u0131n v\u0259 eyni zamanda, haz\u0131rda T\u0259hl\u00fck\u0259sizlik \u015euras\u0131n\u0131n \u00fczv\u00fc olan \u00f6lk\u0259l\u0259r &#8211; \u0130ndoneziya, Tunis, Niger, Dominikan Respublikas\u0131, Vyetnam, C\u0259nubi Afrika Respublikas\u0131 v\u0259 Sent-Vinsent v\u0259 Qrenadin t\u0259klif edil\u0259n s\u0259n\u0259d layih\u0259sin\u0259 T\u0259hl\u00fck\u0259sizlik \u015euras\u0131n\u0131n 1993-c\u00fc ild\u0259 q\u0259bul edilmi\u015f 822, 853, 874, 884 sayl\u0131 q\u0259tnam\u0259l\u0259rin\u0259 istinad\u0131n daxil edilm\u0259sin\u0259 dair israrl\u0131 m\u00f6vqe n\u00fcmayi\u015f etdiribl\u0259r. N\u0259tic\u0259d\u0259 T\u0259hl\u00fck\u0259sizlik \u015euras\u0131n\u0131n daimi \u00fczvl\u0259ri olan AT\u018fT-in Minsk qrupunun h\u0259ms\u0259dr \u00f6lk\u0259l\u0259ri haz\u0131rlad\u0131qlar\u0131 b\u0259yanat layih\u0259sini geri g\u00f6t\u00fcrm\u0259y\u0259 m\u0259cbur olublar. ARANTV.AZ\u00a0\u00a0AZ\u018fRTAC-a istinad\u0259n bildirir ki, bununla \u0259laq\u0259dar, Az\u0259rbaycan Respublikas\u0131n\u0131n&hellip;<\/p>\n","protected":false},"author":2,"featured_media":230433,"comment_status":"closed","ping_status":"closed","sticky":false,"template":"","format":"standard","meta":{"om_disable_all_campaigns":false,"_monsterinsights_skip_tracking":false,"_monsterinsights_sitenote_active":false,"_monsterinsights_sitenote_note":"","_monsterinsights_sitenote_category":0},"categories":[8],"tags":[],"aioseo_notices":[],"gutentor_comment":0,"rttpg_featured_image_url":{"full":["https:\/\/arantv.az\/wp-content\/uploads\/2020\/10\/ilham_aliyev_2020_002.jpg",800,550,false],"landscape":["https:\/\/arantv.az\/wp-content\/uploads\/2020\/10\/ilham_aliyev_2020_002.jpg",800,550,false],"portraits":["https:\/\/arantv.az\/wp-content\/uploads\/2020\/10\/ilham_aliyev_2020_002.jpg",800,550,false],"thumbnail":["https:\/\/arantv.az\/wp-content\/uploads\/2020\/10\/ilham_aliyev_2020_002-150x150.jpg",150,150,true],"medium":["https:\/\/arantv.az\/wp-content\/uploads\/2020\/10\/ilham_aliyev_2020_002-300x206.jpg",300,206,true],"large":["https:\/\/arantv.az\/wp-content\/uploads\/2020\/10\/ilham_aliyev_2020_002.jpg",640,440,false],"1536x1536":["https:\/\/arantv.az\/wp-content\/uploads\/2020\/10\/ilham_aliyev_2020_002.jpg",800,550,false],"2048x2048":["https:\/\/arantv.az\/wp-content\/uploads\/2020\/10\/ilham_aliyev_2020_002.jpg",800,550,false],"post-thumbnail":["https:\/\/arantv.az\/wp-content\/uploads\/2020\/10\/ilham_aliyev_2020_002-240x172.jpg",240,172,true],"advps-thumb-one":["https:\/\/arantv.az\/wp-content\/uploads\/2020\/10\/ilham_aliyev_2020_002.jpg",800,550,false]},"rttpg_author":{"display_name":"V\u00fcsal Rafiqo\u011flu","author_link":"https:\/\/arantv.az\/?author=2"},"rttpg_comment":0,"rttpg_category":"<a href=\"https:\/\/arantv.az\/?cat=8\" rel=\"category\">\u018fsas s\u0259hif\u0259<\/a>","rttpg_excerpt":"M\u0259lum oldu\u011fu kimi, bu g\u00fcnl\u0259rd\u0259 BMT T\u0259hl\u00fck\u0259sizlik \u015euras\u0131nda Erm\u0259nistan-Az\u0259rbaycan m\u00fcnaqi\u015f\u0259si il\u0259 ba\u011fl\u0131 ba\u015f tutmu\u015f m\u00fczakir\u0259l\u0259rd\u0259 Qo\u015fulmama H\u0259r\u0259kat\u0131n\u0131n v\u0259 eyni zamanda, haz\u0131rda T\u0259hl\u00fck\u0259sizlik \u015euras\u0131n\u0131n \u00fczv\u00fc olan \u00f6lk\u0259l\u0259r &#8211; \u0130ndoneziya, Tunis, Niger, Dominikan Respublikas\u0131, Vyetnam, C\u0259nubi Afrika Respublikas\u0131 v\u0259 Sent-Vinsent v\u0259 Qrenadin t\u0259klif edil\u0259n s\u0259n\u0259d layih\u0259sin\u0259 T\u0259hl\u00fck\u0259sizlik \u015euras\u0131n\u0131n 1993-c\u00fc ild\u0259 q\u0259bul edilmi\u015f 822, 853, 874, 884 sayl\u0131&hellip;","_links":{"self":[{"href":"https:\/\/arantv.az\/index.php?rest_route=\/wp\/v2\/posts\/230432"}],"collection":[{"href":"https:\/\/arantv.az\/index.php?rest_route=\/wp\/v2\/posts"}],"about":[{"href":"https:\/\/arantv.az\/index.php?rest_route=\/wp\/v2\/types\/post"}],"author":[{"embeddable":true,"href":"https:\/\/arantv.az\/index.php?rest_route=\/wp\/v2\/users\/2"}],"replies":[{"embeddable":true,"href":"https:\/\/arantv.az\/index.php?rest_route=%2Fwp%2Fv2%2Fcomments&post=230432"}],"version-history":[{"count":0,"href":"https:\/\/arantv.az\/index.php?rest_route=\/wp\/v2\/posts\/230432\/revisions"}],"wp:featuredmedia":[{"embeddable":true,"href":"https:\/\/arantv.az\/index.php?rest_route=\/wp\/v2\/media\/230433"}],"wp:attachment":[{"href":"https:\/\/arantv.az\/index.php?rest_route=%2Fwp%2Fv2%2Fmedia&parent=230432"}],"wp:term":[{"taxonomy":"category","embeddable":true,"href":"https:\/\/arantv.az\/index.php?rest_route=%2Fwp%2Fv2%2Fcategories&post=230432"},{"taxonomy":"post_tag","embeddable":true,"href":"https:\/\/arantv.az\/index.php?rest_route=%2Fwp%2Fv2%2Ftags&post=230432"}],"curies":[{"name":"wp","href":"https:\/\/api.w.org\/{rel}","templated":true}]}}