{"id":230436,"date":"2020-10-25T17:23:16","date_gmt":"2020-10-25T14:23:16","guid":{"rendered":"http:\/\/arantv.az\/?p=230436"},"modified":"2020-10-25T17:23:16","modified_gmt":"2020-10-25T14:23:16","slug":"kopenhagend%c9%99-g%c9%99nc%c9%99-terroru-q%c9%99tiyy%c9%99tl%c9%99-pisl%c9%99nib-foto","status":"publish","type":"post","link":"https:\/\/arantv.az\/?p=230436","title":{"rendered":"Kopenhagend\u0259 G\u0259nc\u0259 terroru q\u0259tiyy\u0259tl\u0259 pisl\u0259nib &#8211; FOTO"},"content":{"rendered":"<p>Danimarkada ya\u015fayan az\u0259rbaycanl\u0131lar Kophenhagen \u015f\u0259h\u0259r b\u0259l\u0259diyy\u0259sinin binas\u0131 qar\u015f\u0131s\u0131ndak\u0131 \u201cRadhuspladsen\u201d meydan\u0131nda icaz\u0259li aksiya ke\u00e7irib.<\/p>\n<p>Bu bar\u0259d\u0259 Diasporla \u0130\u015f \u00fczr\u0259 D\u00f6vl\u0259t Komit\u0259si m\u0259lumat yay\u0131b.<\/p>\n<p>Aksiya i\u015ftirak\u00e7\u0131lar\u0131 G\u0259nc\u0259 \u015f\u0259h\u0259rind\u0259 v\u0259 \u00f6lk\u0259mizin dig\u0259r ya\u015fay\u0131\u015f m\u0259nt\u0259q\u0259l\u0259rind\u0259 Erm\u0259nistan silahl\u0131 q\u00fcvv\u0259l\u0259rinin vandalizm aktlar\u0131 t\u00f6r\u0259tm\u0259sini, m\u00fclki \u015f\u0259xsl\u0259rin, o c\u00fcml\u0259d\u0259n,\u00a0azya\u015fl\u0131 u\u015faqlar\u0131n v\u0259 qad\u0131nlar\u0131n q\u0259tl\u0259 yetirilm\u0259sini pisl\u0259yibl\u0259r.<\/p>\n<div id=\"AdviadNativeVideo0\" class=\"AdviadNativeVideo\"><\/div>\n<p>Soyda\u015flar\u0131m\u0131z\u0131n t\u0259\u015f\u0259bb\u00fcs\u00fc il\u0259 ke\u00e7iril\u0259n aksiyada t\u00fcrk icmas\u0131n\u0131n n\u00fcmay\u0259nd\u0259l\u0259ri d\u0259 i\u015ftirak edib.<\/p>\n<p>Aksiyada Kopenhagen Universitetinin professoru, Beyn\u0259lxalq Ba\u015fa\u011fr\u0131lar\u0131 C\u0259miyy\u0259tinin r\u0259hb\u0259ri M\u0259sud A\u015fina, V\u0259t\u0259n C\u0259miyy\u0259tinin r\u0259hb\u0259ri S\u0259f\u0259r Sadiqi, h\u00fcquq\u015f\u00fcnas Emil \u0130gidov, Aytac \u0130manova, Leyla H\u00fcseynova, Skandinaviya T\u00fcrk Federasiyalar\u0131 ba\u015fqan\u0131 \u0130lhan Esen, T\u00fcrkiy\u0259nin Danimardak\u0131 s\u0259firi U\u011fur K\u0259nan \u0130p\u0259k\u00a0\u00e7\u0131x\u0131\u015f ed\u0259r\u0259k, Qaraba\u011f h\u0259qiq\u0259tl\u0259ri, Xocal\u0131 soyq\u0131r\u0131m\u0131, G\u0259nc\u0259 terroru bar\u0259d\u0259 dan\u0131\u015f\u0131b,\u00a0d\u00fcnya ictimaiyy\u0259tini g\u00fcnahs\u0131z u\u015faqlar\u0131n \u00f6l\u00fcm\u00fcn\u0259 bigan\u0259 qalmama\u011fa s\u0259sl\u0259yibl\u0259r.<\/p>\n<p>G\u0259nc\u0259 \u015f\u0259h\u0259rinin raket at\u0259\u015fin\u0259 tutulmas\u0131 n\u0259tic\u0259sind\u0259 isti yataqlar\u0131nda yatark\u0259n q\u0259tl\u0259 yetiril\u0259n m\u0259sum k\u00f6rp\u0259l\u0259rin xatir\u0259sini yad etm\u0259k \u00fc\u00e7\u00fcn meydana r\u0259mzi olaraq u\u015faq yataqlar\u0131 d\u00fcz\u00fcl\u00fcb.<\/p>\n<p>Yataqlar\u0131n \u00fcz\u0259rind\u0259 \u015famlar yand\u0131r\u0131l\u0131b, oyuncaqlar v\u0259 g\u00fcl d\u0259st\u0259l\u0259ri qoyulub.<\/p>\n<p>Az\u0259rbaycan, T\u00fcrkiy\u0259 v\u0259 Danimarka bayraqlar\u0131n\u0131n dal\u011faland\u0131\u011f\u0131 meydanda Az\u0259rbaycan Respublikas\u0131n\u0131n D\u00f6vl\u0259t Himni oxunub, m\u00fcxt\u0259lif dill\u0259rd\u0259 \u201cQaraba\u011f Az\u0259rbaycand\u0131r!\u201d, \u201cG\u0259nc\u0259 c\u0259bh\u0259 zonas\u0131 deyil!\u201d, \u201cErm\u0259ni terror\u00e7ulu\u011funa son qoy!\u201d, \u201cU\u015faq \u00f6l\u00fcm\u00fcn\u0259 son qoy!\u201d, \u201cBiz terrora yox deyirik\u201d, \u201c\u0130\u015f\u011fal\u00e7\u0131 d\u00f6vl\u0259ti d\u0259st\u0259kl\u0259m\u0259yin!\u201d, \u201cErm\u0259nistan, BMT q\u0259tnam\u0259l\u0259rin\u0259 \u0259m\u0259l et!\u201d kimi \u015f\u00fcarlar s\u0259sl\u0259ndirilib.<\/p>\n<div class=\"gallery\">\n<div class=\"gallery-i\"><img src=\"https:\/\/cdn.oxu.az\/uploads\/W1siZiIsIjIwMjAvMTAvMjUvMTcvMTAvMTUvMzRmMTgwOTUtMmZjMS00OGJkLWI1ZjUtZGJjYWRhNmY1YTA1LzMgKDEpLmpwZyJdLFsicCIsImVuY29kZSIsImpwZyIsIi1xdWFsaXR5IDgwIl0sWyJwIiwidGh1bWIiLCI1OTB4NTkwXHUwMDNlIl1d?sha=bfeafaa4c4af9d8a\" alt=\"\" \/><\/p>\n<div class=\"gallery-i-caption\"><\/div>\n<\/div>\n<div class=\"gallery-i\"><img src=\"https:\/\/cdn.oxu.az\/uploads\/W1siZiIsIjIwMjAvMTAvMjUvMTcvMTAvMTUvY2RjZGE5Y2MtMDNkNS00NWY3LWI2ZTMtY2E4OTAzMzRlM2JiLzQuanBnIl0sWyJwIiwiZW5jb2RlIiwianBnIiwiLXF1YWxpdHkgODAiXSxbInAiLCJ0aHVtYiIsIjU5MHg1OTBcdTAwM2UiXV0?sha=4515a2a511070d88\" alt=\"\" \/><\/p>\n<div class=\"gallery-i-caption\"><\/div>\n<\/div>\n<div class=\"gallery-i\"><img src=\"https:\/\/cdn.oxu.az\/uploads\/W1siZiIsIjIwMjAvMTAvMjUvMTcvMTAvMTUvOTZjYjg5NzUtNTdiMi00MDE2LTlkZTUtYTU0YWExNzQwYmZjLzUuanBnIl0sWyJwIiwiZW5jb2RlIiwianBnIiwiLXF1YWxpdHkgODAiXSxbInAiLCJ0aHVtYiIsIjU5MHg1OTBcdTAwM2UiXV0?sha=2335d0e020356493\" alt=\"\" \/><\/p>\n<div class=\"gallery-i-caption\"><\/div>\n<\/div>\n<div class=\"gallery-i\"><img src=\"https:\/\/cdn.oxu.az\/uploads\/W1siZiIsIjIwMjAvMTAvMjUvMTcvMTAvMTUvNzQzMDc2YWQtMmVmMC00NjJkLWFiZjUtN2NjNjY0OTk0NjJiLzIgKDEpLmpwZyJdLFsicCIsImVuY29kZSIsImpwZyIsIi1xdWFsaXR5IDgwIl0sWyJwIiwidGh1bWIiLCI1OTB4NTkwXHUwMDNlIl1d?sha=70967b2b30b8edcd\" alt=\"\" \/><\/p>\n<div class=\"gallery-i-caption\"><\/div>\n<\/div>\n<div class=\"gallery-i\"><img src=\"https:\/\/cdn.oxu.az\/uploads\/W1siZiIsIjIwMjAvMTAvMjUvMTcvMTAvMTUvMmQ3YjYzYTMtMjVlZC00NjhhLWE2ODktY2Y0OGNmMmViYTMwLzEgKDEpLmpwZyJdLFsicCIsImVuY29kZSIsImpwZyIsIi1xdWFsaXR5IDgwIl0sWyJwIiwidGh1bWIiLCI1OTB4NTkwXHUwMDNlIl1d?sha=7c094060ef5e304b\" alt=\"\" \/><\/div>\n<\/div>\n","protected":false},"excerpt":{"rendered":"<p>Danimarkada ya\u015fayan az\u0259rbaycanl\u0131lar Kophenhagen \u015f\u0259h\u0259r b\u0259l\u0259diyy\u0259sinin binas\u0131 qar\u015f\u0131s\u0131ndak\u0131 \u201cRadhuspladsen\u201d meydan\u0131nda icaz\u0259li aksiya ke\u00e7irib. Bu bar\u0259d\u0259 Diasporla \u0130\u015f \u00fczr\u0259 D\u00f6vl\u0259t Komit\u0259si m\u0259lumat yay\u0131b. Aksiya i\u015ftirak\u00e7\u0131lar\u0131 G\u0259nc\u0259 \u015f\u0259h\u0259rind\u0259 v\u0259 \u00f6lk\u0259mizin dig\u0259r ya\u015fay\u0131\u015f m\u0259nt\u0259q\u0259l\u0259rind\u0259 Erm\u0259nistan silahl\u0131 q\u00fcvv\u0259l\u0259rinin vandalizm aktlar\u0131 t\u00f6r\u0259tm\u0259sini, m\u00fclki \u015f\u0259xsl\u0259rin, o c\u00fcml\u0259d\u0259n,\u00a0azya\u015fl\u0131 u\u015faqlar\u0131n v\u0259 qad\u0131nlar\u0131n q\u0259tl\u0259 yetirilm\u0259sini pisl\u0259yibl\u0259r. Soyda\u015flar\u0131m\u0131z\u0131n t\u0259\u015f\u0259bb\u00fcs\u00fc il\u0259 ke\u00e7iril\u0259n aksiyada t\u00fcrk icmas\u0131n\u0131n n\u00fcmay\u0259nd\u0259l\u0259ri d\u0259 i\u015ftirak edib. Aksiyada Kopenhagen Universitetinin professoru, Beyn\u0259lxalq Ba\u015fa\u011fr\u0131lar\u0131 C\u0259miyy\u0259tinin r\u0259hb\u0259ri M\u0259sud A\u015fina, V\u0259t\u0259n C\u0259miyy\u0259tinin r\u0259hb\u0259ri S\u0259f\u0259r Sadiqi, h\u00fcquq\u015f\u00fcnas Emil \u0130gidov, Aytac \u0130manova, Leyla H\u00fcseynova, Skandinaviya T\u00fcrk Federasiyalar\u0131 ba\u015fqan\u0131 \u0130lhan Esen, T\u00fcrkiy\u0259nin Danimardak\u0131 s\u0259firi U\u011fur&hellip;<\/p>\n","protected":false},"author":2,"featured_media":230437,"comment_status":"closed","ping_status":"closed","sticky":false,"template":"","format":"standard","meta":{"om_disable_all_campaigns":false,"_monsterinsights_skip_tracking":false,"_monsterinsights_sitenote_active":false,"_monsterinsights_sitenote_note":"","_monsterinsights_sitenote_category":0},"categories":[19],"tags":[],"aioseo_notices":[],"gutentor_comment":0,"rttpg_featured_image_url":{"full":["https:\/\/arantv.az\/wp-content\/uploads\/2020\/10\/2-1-1.jpg",620,465,false],"landscape":["https:\/\/arantv.az\/wp-content\/uploads\/2020\/10\/2-1-1.jpg",620,465,false],"portraits":["https:\/\/arantv.az\/wp-content\/uploads\/2020\/10\/2-1-1.jpg",620,465,false],"thumbnail":["https:\/\/arantv.az\/wp-content\/uploads\/2020\/10\/2-1-1-150x150.jpg",150,150,true],"medium":["https:\/\/arantv.az\/wp-content\/uploads\/2020\/10\/2-1-1-300x225.jpg",300,225,true],"large":["https:\/\/arantv.az\/wp-content\/uploads\/2020\/10\/2-1-1.jpg",620,465,false],"1536x1536":["https:\/\/arantv.az\/wp-content\/uploads\/2020\/10\/2-1-1.jpg",620,465,false],"2048x2048":["https:\/\/arantv.az\/wp-content\/uploads\/2020\/10\/2-1-1.jpg",620,465,false],"post-thumbnail":["https:\/\/arantv.az\/wp-content\/uploads\/2020\/10\/2-1-1-240x172.jpg",240,172,true],"advps-thumb-one":["https:\/\/arantv.az\/wp-content\/uploads\/2020\/10\/2-1-1.jpg",620,465,false]},"rttpg_author":{"display_name":"V\u00fcsal Rafiqo\u011flu","author_link":"https:\/\/arantv.az\/?author=2"},"rttpg_comment":0,"rttpg_category":"<a href=\"https:\/\/arantv.az\/?cat=19\" rel=\"category\">G\u00fcnd\u0259m<\/a>","rttpg_excerpt":"Danimarkada ya\u015fayan az\u0259rbaycanl\u0131lar Kophenhagen \u015f\u0259h\u0259r b\u0259l\u0259diyy\u0259sinin binas\u0131 qar\u015f\u0131s\u0131ndak\u0131 \u201cRadhuspladsen\u201d meydan\u0131nda icaz\u0259li aksiya ke\u00e7irib. Bu bar\u0259d\u0259 Diasporla \u0130\u015f \u00fczr\u0259 D\u00f6vl\u0259t Komit\u0259si m\u0259lumat yay\u0131b. Aksiya i\u015ftirak\u00e7\u0131lar\u0131 G\u0259nc\u0259 \u015f\u0259h\u0259rind\u0259 v\u0259 \u00f6lk\u0259mizin dig\u0259r ya\u015fay\u0131\u015f m\u0259nt\u0259q\u0259l\u0259rind\u0259 Erm\u0259nistan silahl\u0131 q\u00fcvv\u0259l\u0259rinin vandalizm aktlar\u0131 t\u00f6r\u0259tm\u0259sini, m\u00fclki \u015f\u0259xsl\u0259rin, o c\u00fcml\u0259d\u0259n,\u00a0azya\u015fl\u0131 u\u015faqlar\u0131n v\u0259 qad\u0131nlar\u0131n q\u0259tl\u0259 yetirilm\u0259sini pisl\u0259yibl\u0259r. Soyda\u015flar\u0131m\u0131z\u0131n t\u0259\u015f\u0259bb\u00fcs\u00fc il\u0259 ke\u00e7iril\u0259n aksiyada t\u00fcrk icmas\u0131n\u0131n n\u00fcmay\u0259nd\u0259l\u0259ri&hellip;","_links":{"self":[{"href":"https:\/\/arantv.az\/index.php?rest_route=\/wp\/v2\/posts\/230436"}],"collection":[{"href":"https:\/\/arantv.az\/index.php?rest_route=\/wp\/v2\/posts"}],"about":[{"href":"https:\/\/arantv.az\/index.php?rest_route=\/wp\/v2\/types\/post"}],"author":[{"embeddable":true,"href":"https:\/\/arantv.az\/index.php?rest_route=\/wp\/v2\/users\/2"}],"replies":[{"embeddable":true,"href":"https:\/\/arantv.az\/index.php?rest_route=%2Fwp%2Fv2%2Fcomments&post=230436"}],"version-history":[{"count":0,"href":"https:\/\/arantv.az\/index.php?rest_route=\/wp\/v2\/posts\/230436\/revisions"}],"wp:featuredmedia":[{"embeddable":true,"href":"https:\/\/arantv.az\/index.php?rest_route=\/wp\/v2\/media\/230437"}],"wp:attachment":[{"href":"https:\/\/arantv.az\/index.php?rest_route=%2Fwp%2Fv2%2Fmedia&parent=230436"}],"wp:term":[{"taxonomy":"category","embeddable":true,"href":"https:\/\/arantv.az\/index.php?rest_route=%2Fwp%2Fv2%2Fcategories&post=230436"},{"taxonomy":"post_tag","embeddable":true,"href":"https:\/\/arantv.az\/index.php?rest_route=%2Fwp%2Fv2%2Ftags&post=230436"}],"curies":[{"name":"wp","href":"https:\/\/api.w.org\/{rel}","templated":true}]}}