{"id":230440,"date":"2020-10-25T17:24:17","date_gmt":"2020-10-25T14:24:17","guid":{"rendered":"http:\/\/arantv.az\/?p=230440"},"modified":"2020-10-25T17:24:17","modified_gmt":"2020-10-25T14:24:17","slug":"g%c9%99nc%c9%99d%c9%99ki-erm%c9%99ni-terrorunun-qurbanlari-stokholmda-anildi-video","status":"publish","type":"post","link":"https:\/\/arantv.az\/?p=230440","title":{"rendered":"G\u0259nc\u0259d\u0259ki erm\u0259ni terrorunun qurbanlar\u0131 Stokholmda an\u0131ld\u0131 &#8211; V\u0130DEO"},"content":{"rendered":"<article class=\"news\">\n<div class=\"news-inner\">\n<p>\u0130sve\u00e7in paytaxt\u0131 Stokholmda G\u0259nc\u0259d\u0259 erm\u0259ni vandalizmi n\u0259tic\u0259sind\u0259 h\u0259lak olanlar\u0131n xatir\u0259si an\u0131l\u0131b.<\/p>\n<p>Bununla ba\u011fl\u0131 sosial \u015f\u0259b\u0259k\u0259d\u0259 video yay\u0131l\u0131b.<\/p>\n<div id=\"AdviadNativeVideo0\" class=\"AdviadNativeVideo\"><\/div>\n<p>Orada ya\u015fayan h\u0259mv\u0259t\u0259nl\u0259rimiz Az\u0259rbaycan\u00a0bayra\u011f\u0131\u00a0asaraq, h\u0259lak olanlar\u0131 yad edibl\u0259r.<\/p>\n<p>Eyni zamanda, u\u015faq \u00f6l\u00fcml\u0259rini vur\u011fulamaq m\u0259qs\u0259dil\u0259 u\u015faq oyuncaqlar\u0131 v\u0259 g\u00fcll\u0259r d\u00fcz\u00fcbl\u0259r.<\/p>\n<div><iframe loading=\"lazy\" src=\"https:\/\/player.baku.tv\/embed\/26769\" width=\"560\" height=\"315\" frameborder=\"0\" allowfullscreen=\"allowfullscreen\" data-mce-fragment=\"1\"><\/iframe><\/div>\n<\/div>\n<\/article>\n<h2 class=\"news-share-title\"><\/h2>\n","protected":false},"excerpt":{"rendered":"<p>\u0130sve\u00e7in paytaxt\u0131 Stokholmda G\u0259nc\u0259d\u0259 erm\u0259ni vandalizmi n\u0259tic\u0259sind\u0259 h\u0259lak olanlar\u0131n xatir\u0259si an\u0131l\u0131b. Bununla ba\u011fl\u0131 sosial \u015f\u0259b\u0259k\u0259d\u0259 video yay\u0131l\u0131b. Orada ya\u015fayan h\u0259mv\u0259t\u0259nl\u0259rimiz Az\u0259rbaycan\u00a0bayra\u011f\u0131\u00a0asaraq, h\u0259lak olanlar\u0131 yad edibl\u0259r. Eyni zamanda, u\u015faq \u00f6l\u00fcml\u0259rini vur\u011fulamaq m\u0259qs\u0259dil\u0259 u\u015faq oyuncaqlar\u0131 v\u0259 g\u00fcll\u0259r d\u00fcz\u00fcbl\u0259r.<\/p>\n","protected":false},"author":2,"featured_media":230441,"comment_status":"closed","ping_status":"closed","sticky":false,"template":"","format":"standard","meta":{"om_disable_all_campaigns":false,"_monsterinsights_skip_tracking":false,"_monsterinsights_sitenote_active":false,"_monsterinsights_sitenote_note":"","_monsterinsights_sitenote_category":0},"categories":[19],"tags":[],"aioseo_notices":[],"gutentor_comment":0,"rttpg_featured_image_url":{"full":["https:\/\/arantv.az\/wp-content\/uploads\/2020\/10\/FotoJet-1-5.jpg",620,432,false],"landscape":["https:\/\/arantv.az\/wp-content\/uploads\/2020\/10\/FotoJet-1-5.jpg",620,432,false],"portraits":["https:\/\/arantv.az\/wp-content\/uploads\/2020\/10\/FotoJet-1-5.jpg",620,432,false],"thumbnail":["https:\/\/arantv.az\/wp-content\/uploads\/2020\/10\/FotoJet-1-5-150x150.jpg",150,150,true],"medium":["https:\/\/arantv.az\/wp-content\/uploads\/2020\/10\/FotoJet-1-5-300x209.jpg",300,209,true],"large":["https:\/\/arantv.az\/wp-content\/uploads\/2020\/10\/FotoJet-1-5.jpg",620,432,false],"1536x1536":["https:\/\/arantv.az\/wp-content\/uploads\/2020\/10\/FotoJet-1-5.jpg",620,432,false],"2048x2048":["https:\/\/arantv.az\/wp-content\/uploads\/2020\/10\/FotoJet-1-5.jpg",620,432,false],"post-thumbnail":["https:\/\/arantv.az\/wp-content\/uploads\/2020\/10\/FotoJet-1-5-240x172.jpg",240,172,true],"advps-thumb-one":["https:\/\/arantv.az\/wp-content\/uploads\/2020\/10\/FotoJet-1-5.jpg",620,432,false]},"rttpg_author":{"display_name":"V\u00fcsal Rafiqo\u011flu","author_link":"https:\/\/arantv.az\/?author=2"},"rttpg_comment":0,"rttpg_category":"<a href=\"https:\/\/arantv.az\/?cat=19\" rel=\"category\">G\u00fcnd\u0259m<\/a>","rttpg_excerpt":"\u0130sve\u00e7in paytaxt\u0131 Stokholmda G\u0259nc\u0259d\u0259 erm\u0259ni vandalizmi n\u0259tic\u0259sind\u0259 h\u0259lak olanlar\u0131n xatir\u0259si an\u0131l\u0131b. Bununla ba\u011fl\u0131 sosial \u015f\u0259b\u0259k\u0259d\u0259 video yay\u0131l\u0131b. Orada ya\u015fayan h\u0259mv\u0259t\u0259nl\u0259rimiz Az\u0259rbaycan\u00a0bayra\u011f\u0131\u00a0asaraq, h\u0259lak olanlar\u0131 yad edibl\u0259r. Eyni zamanda, u\u015faq \u00f6l\u00fcml\u0259rini vur\u011fulamaq m\u0259qs\u0259dil\u0259 u\u015faq oyuncaqlar\u0131 v\u0259 g\u00fcll\u0259r d\u00fcz\u00fcbl\u0259r.","_links":{"self":[{"href":"https:\/\/arantv.az\/index.php?rest_route=\/wp\/v2\/posts\/230440"}],"collection":[{"href":"https:\/\/arantv.az\/index.php?rest_route=\/wp\/v2\/posts"}],"about":[{"href":"https:\/\/arantv.az\/index.php?rest_route=\/wp\/v2\/types\/post"}],"author":[{"embeddable":true,"href":"https:\/\/arantv.az\/index.php?rest_route=\/wp\/v2\/users\/2"}],"replies":[{"embeddable":true,"href":"https:\/\/arantv.az\/index.php?rest_route=%2Fwp%2Fv2%2Fcomments&post=230440"}],"version-history":[{"count":0,"href":"https:\/\/arantv.az\/index.php?rest_route=\/wp\/v2\/posts\/230440\/revisions"}],"wp:featuredmedia":[{"embeddable":true,"href":"https:\/\/arantv.az\/index.php?rest_route=\/wp\/v2\/media\/230441"}],"wp:attachment":[{"href":"https:\/\/arantv.az\/index.php?rest_route=%2Fwp%2Fv2%2Fmedia&parent=230440"}],"wp:term":[{"taxonomy":"category","embeddable":true,"href":"https:\/\/arantv.az\/index.php?rest_route=%2Fwp%2Fv2%2Fcategories&post=230440"},{"taxonomy":"post_tag","embeddable":true,"href":"https:\/\/arantv.az\/index.php?rest_route=%2Fwp%2Fv2%2Ftags&post=230440"}],"curies":[{"name":"wp","href":"https:\/\/api.w.org\/{rel}","templated":true}]}}