{"id":230452,"date":"2020-10-26T07:53:52","date_gmt":"2020-10-26T04:53:52","guid":{"rendered":"http:\/\/arantv.az\/?p=230452"},"modified":"2020-10-26T07:53:52","modified_gmt":"2020-10-26T04:53:52","slug":"hikm%c9%99t-haciyev-erm%c9%99nistan-bas-naziri-yen%c9%99-yalan-danisir-foto","status":"publish","type":"post","link":"https:\/\/arantv.az\/?p=230452","title":{"rendered":"Hikm\u0259t Hac\u0131yev: \u201cErm\u0259nistan ba\u015f naziri yen\u0259 yalan dan\u0131\u015f\u0131r\u201d &#8211; FOTO"},"content":{"rendered":"<p>Erm\u0259nistan ba\u015f naziri yen\u0259 yalan dan\u0131\u015f\u0131r.<\/p>\n<p>Bu s\u00f6zl\u0259ri Az\u0259rbaycan Prezidentinin k\u00f6m\u0259k\u00e7isi, Prezident Administrasiyas\u0131n\u0131n Xarici siyas\u0259t m\u0259s\u0259l\u0259l\u0259ri \u015f\u00f6b\u0259sinin m\u00fcdiri Hikm\u0259t Hac\u0131yev \u201cTwitter\u201d hesab\u0131nda yaz\u0131b.<\/p>\n<div id=\"AdviadNativeVideo0\" class=\"AdviadNativeVideo\"><\/div>\n<p>\u201cErm\u0259nistan ba\u015f naziri yen\u0259 yalan dan\u0131\u015f\u0131r. Saat 08:04-d\u0259n etibar\u0259n Erm\u0259nistan silahl\u0131 q\u00fcvv\u0259l\u0259ri humanitar at\u0259\u015fk\u0259si pozaraq T\u0259rt\u0259r rayonunu v\u0259 k\u0259ndl\u0259rini at\u0259\u015f\u0259 tutma\u011fa ba\u015flad\u0131lar. Az\u0259rbaycan M\u00fcdafi\u0259 Nazirliyinin m\u0259lumat\u0131na g\u00f6r\u0259, Erm\u0259nistan silahl\u0131 q\u00fcvv\u0259l\u0259ri saat 08:05-d\u0259n etibar\u0259n artilleriya v\u0259 minaatanlarla q\u00fcvv\u0259l\u0259rimiz\u0259 h\u00fccum edir\u201d, &#8211; H.Hac\u0131yev bildirib.<\/p>\n<div>\n<blockquote class=\"twitter-tweet\">\n<p dir=\"ltr\" lang=\"en\">PM of Armenia is lying over again. Since 08.04 armed forces of Armenia started shelling Tartar region and its villages in violation of humanitarian ceasefire. As reported by MOD Azerbaijan armed forces of Armenia with artillery and mine launchers attacking our forces since 08.05\u00a0<a href=\"https:\/\/t.co\/PJifjN0G4N\">pic.twitter.com\/PJifjN0G4N<\/a><\/p>\n<p>\u2014 Hikmet Hajiyev (@HikmetHajiyev)\u00a0<a href=\"https:\/\/twitter.com\/HikmetHajiyev\/status\/1320583993964847107?ref_src=twsrc%5Etfw\">October 26, 2020<\/a><\/p><\/blockquote>\n<\/div>\n","protected":false},"excerpt":{"rendered":"<p>Erm\u0259nistan ba\u015f naziri yen\u0259 yalan dan\u0131\u015f\u0131r. Bu s\u00f6zl\u0259ri Az\u0259rbaycan Prezidentinin k\u00f6m\u0259k\u00e7isi, Prezident Administrasiyas\u0131n\u0131n Xarici siyas\u0259t m\u0259s\u0259l\u0259l\u0259ri \u015f\u00f6b\u0259sinin m\u00fcdiri Hikm\u0259t Hac\u0131yev \u201cTwitter\u201d hesab\u0131nda yaz\u0131b. \u201cErm\u0259nistan ba\u015f naziri yen\u0259 yalan dan\u0131\u015f\u0131r. Saat 08:04-d\u0259n etibar\u0259n Erm\u0259nistan silahl\u0131 q\u00fcvv\u0259l\u0259ri humanitar at\u0259\u015fk\u0259si pozaraq T\u0259rt\u0259r rayonunu v\u0259 k\u0259ndl\u0259rini at\u0259\u015f\u0259 tutma\u011fa ba\u015flad\u0131lar. Az\u0259rbaycan M\u00fcdafi\u0259 Nazirliyinin m\u0259lumat\u0131na g\u00f6r\u0259, Erm\u0259nistan silahl\u0131 q\u00fcvv\u0259l\u0259ri saat 08:05-d\u0259n etibar\u0259n artilleriya v\u0259 minaatanlarla q\u00fcvv\u0259l\u0259rimiz\u0259 h\u00fccum edir\u201d, &#8211; H.Hac\u0131yev bildirib. PM of Armenia is lying over again. Since 08.04 armed forces of Armenia started shelling Tartar region and its villages in violation of humanitarian ceasefire.&hellip;<\/p>\n","protected":false},"author":2,"featured_media":230453,"comment_status":"closed","ping_status":"closed","sticky":false,"template":"","format":"standard","meta":{"om_disable_all_campaigns":false,"_monsterinsights_skip_tracking":false,"_monsterinsights_sitenote_active":false,"_monsterinsights_sitenote_note":"","_monsterinsights_sitenote_category":0},"categories":[4],"tags":[],"aioseo_notices":[],"gutentor_comment":0,"rttpg_featured_image_url":{"full":["https:\/\/arantv.az\/wp-content\/uploads\/2020\/10\/ROM7274-1.jpg",620,413,false],"landscape":["https:\/\/arantv.az\/wp-content\/uploads\/2020\/10\/ROM7274-1.jpg",620,413,false],"portraits":["https:\/\/arantv.az\/wp-content\/uploads\/2020\/10\/ROM7274-1.jpg",620,413,false],"thumbnail":["https:\/\/arantv.az\/wp-content\/uploads\/2020\/10\/ROM7274-1-150x150.jpg",150,150,true],"medium":["https:\/\/arantv.az\/wp-content\/uploads\/2020\/10\/ROM7274-1-300x200.jpg",300,200,true],"large":["https:\/\/arantv.az\/wp-content\/uploads\/2020\/10\/ROM7274-1.jpg",620,413,false],"1536x1536":["https:\/\/arantv.az\/wp-content\/uploads\/2020\/10\/ROM7274-1.jpg",620,413,false],"2048x2048":["https:\/\/arantv.az\/wp-content\/uploads\/2020\/10\/ROM7274-1.jpg",620,413,false],"post-thumbnail":["https:\/\/arantv.az\/wp-content\/uploads\/2020\/10\/ROM7274-1-240x172.jpg",240,172,true],"advps-thumb-one":["https:\/\/arantv.az\/wp-content\/uploads\/2020\/10\/ROM7274-1.jpg",620,413,false]},"rttpg_author":{"display_name":"V\u00fcsal Rafiqo\u011flu","author_link":"https:\/\/arantv.az\/?author=2"},"rttpg_comment":0,"rttpg_category":"<a href=\"https:\/\/arantv.az\/?cat=4\" rel=\"category\">Siyas\u0259t<\/a>","rttpg_excerpt":"Erm\u0259nistan ba\u015f naziri yen\u0259 yalan dan\u0131\u015f\u0131r. Bu s\u00f6zl\u0259ri Az\u0259rbaycan Prezidentinin k\u00f6m\u0259k\u00e7isi, Prezident Administrasiyas\u0131n\u0131n Xarici siyas\u0259t m\u0259s\u0259l\u0259l\u0259ri \u015f\u00f6b\u0259sinin m\u00fcdiri Hikm\u0259t Hac\u0131yev \u201cTwitter\u201d hesab\u0131nda yaz\u0131b. \u201cErm\u0259nistan ba\u015f naziri yen\u0259 yalan dan\u0131\u015f\u0131r. Saat 08:04-d\u0259n etibar\u0259n Erm\u0259nistan silahl\u0131 q\u00fcvv\u0259l\u0259ri humanitar at\u0259\u015fk\u0259si pozaraq T\u0259rt\u0259r rayonunu v\u0259 k\u0259ndl\u0259rini at\u0259\u015f\u0259 tutma\u011fa ba\u015flad\u0131lar. Az\u0259rbaycan M\u00fcdafi\u0259 Nazirliyinin m\u0259lumat\u0131na g\u00f6r\u0259, Erm\u0259nistan silahl\u0131 q\u00fcvv\u0259l\u0259ri saat 08:05-d\u0259n&hellip;","_links":{"self":[{"href":"https:\/\/arantv.az\/index.php?rest_route=\/wp\/v2\/posts\/230452"}],"collection":[{"href":"https:\/\/arantv.az\/index.php?rest_route=\/wp\/v2\/posts"}],"about":[{"href":"https:\/\/arantv.az\/index.php?rest_route=\/wp\/v2\/types\/post"}],"author":[{"embeddable":true,"href":"https:\/\/arantv.az\/index.php?rest_route=\/wp\/v2\/users\/2"}],"replies":[{"embeddable":true,"href":"https:\/\/arantv.az\/index.php?rest_route=%2Fwp%2Fv2%2Fcomments&post=230452"}],"version-history":[{"count":0,"href":"https:\/\/arantv.az\/index.php?rest_route=\/wp\/v2\/posts\/230452\/revisions"}],"wp:featuredmedia":[{"embeddable":true,"href":"https:\/\/arantv.az\/index.php?rest_route=\/wp\/v2\/media\/230453"}],"wp:attachment":[{"href":"https:\/\/arantv.az\/index.php?rest_route=%2Fwp%2Fv2%2Fmedia&parent=230452"}],"wp:term":[{"taxonomy":"category","embeddable":true,"href":"https:\/\/arantv.az\/index.php?rest_route=%2Fwp%2Fv2%2Fcategories&post=230452"},{"taxonomy":"post_tag","embeddable":true,"href":"https:\/\/arantv.az\/index.php?rest_route=%2Fwp%2Fv2%2Ftags&post=230452"}],"curies":[{"name":"wp","href":"https:\/\/api.w.org\/{rel}","templated":true}]}}