{"id":230460,"date":"2020-10-26T07:55:04","date_gmt":"2020-10-26T04:55:04","guid":{"rendered":"http:\/\/arantv.az\/?p=230460"},"modified":"2020-10-26T07:55:04","modified_gmt":"2020-10-26T04:55:04","slug":"tural-g%c9%99nc%c9%99liyev-qarabagin-erm%c9%99ni-icmasina-muraci%c9%99t-etdi","status":"publish","type":"post","link":"https:\/\/arantv.az\/?p=230460","title":{"rendered":"Tural G\u0259nc\u0259liyev Qaraba\u011f\u0131n erm\u0259ni icmas\u0131na m\u00fcraci\u0259t etdi"},"content":{"rendered":"<p>Az\u0259rbaycan Respublikas\u0131n\u0131n Da\u011fl\u0131q Qaraba\u011f b\u00f6lg\u0259sinin az\u0259rbaycanl\u0131 icmas\u0131n\u0131n r\u0259hb\u0259ri Tural G\u0259nc\u0259liyev erm\u0259ni icmas\u0131na m\u00fcraci\u0259t edib.<\/p>\n<p><b>ARANTV.AZ\u00a0<\/b> h\u0259min m\u00fcraci\u0259ti t\u0259qdim edir:<\/p>\n<p>\u201cSalam, Az\u0259rbaycan Respublikas\u0131n\u0131n i\u015f\u011fal alt\u0131ndak\u0131 Da\u011fl\u0131q Qaraba\u011f b\u00f6lg\u0259sind\u0259 ya\u015fayan erm\u0259ni \u0259silli v\u0259t\u0259nda\u015flar\u0131!<\/p>\n<div id=\"AdviadNativeVideo0\" class=\"AdviadNativeVideo\"><\/div>\n<p>M\u0259n siz\u0259 Bak\u0131 \u015f\u0259h\u0259rinin m\u0259rk\u0259zind\u0259 yerl\u0259\u015f\u0259n erm\u0259ni kils\u0259sinin h\u0259y\u0259tind\u0259n m\u00fcraci\u0259t edir\u0259m!<\/p>\n<p>Sizi \u0259sir kimi saxlayan, i\u015f\u011fal\u00e7\u0131 Erm\u0259nistan v\u0259 onun t\u0259r\u0259find\u0259n i\u015f\u011fal olunmu\u015f Az\u0259rbaycan \u0259razil\u0259rind\u0259 yarad\u0131lm\u0131\u015f cinay\u0259tkar xunta rejimi m\u0259qs\u0259dli \u015f\u0259kild\u0259 h\u0259rbi obyektl\u0259ri ya\u015fay\u0131\u015f m\u0259nt\u0259q\u0259l\u0259rin\u0259 yax\u0131n yerl\u0259\u015fdirm\u0259kl\u0259 sizl\u0259rin h\u0259yat\u0131n\u0131 birba\u015fa t\u0259hl\u00fck\u0259y\u0259 at\u0131r!<\/p>\n<p>Sizl\u0259rd\u0259n xahi\u015f edir\u0259m ki, d\u00f6y\u00fc\u015fl\u0259rin getdiyi b\u00f6lg\u0259l\u0259rd\u0259 ya\u015fay\u0131\u015f m\u0259nt\u0259q\u0259l\u0259rin\u0259 yax\u0131n \u0259razil\u0259rd\u0259 yerl\u0259\u015fdirilmi\u015f h\u0259rbi obyektl\u0259rd\u0259n uzaq durun!<\/p>\n<p>Az\u0259rbaycan Respublikas\u0131n\u0131n tam h\u00fcquqlu v\u0259t\u0259nda\u015flar\u0131 kimi, sizl\u0259rin h\u0259yat v\u0259 sa\u011flaml\u0131\u011f\u0131n\u0131z\u0131 qorumaq \u00fc\u00e7\u00fcn Az\u0259rbaycan Silahl\u0131 Q\u00fcvv\u0259l\u0259ri b\u00fct\u00fcn t\u0259hl\u00fck\u0259sizlik t\u0259dbirl\u0259rini g\u00f6rs\u0259 d\u0259, m\u00fclki v\u0259t\u0259nda\u015flar kimi sizin m\u0259suliyy\u0259tli olman\u0131z v\u0259 h\u0259rbi obyektl\u0259rd\u0259n uzaqla\u015fman\u0131z \u00f6z t\u0259hl\u00fck\u0259sizliyiniz \u00fc\u00e7\u00fcn \u00e7ox vacibdir!<\/p>\n<p>M\u00fcharib\u0259nin \u0259n q\u0131sa zamanda yekunla\u015fmas\u0131 v\u0259 Az\u0259rbaycan\u0131n tarixi \u0259razisi olan Da\u011fl\u0131q Qaraba\u011f b\u00f6lg\u0259sind\u0259 s\u00fclh\u00fcn v\u0259 \u0259min-amanl\u0131\u011f\u0131n b\u0259rq\u0259rar olunmas\u0131 \u00fc\u00e7\u00fcn, Sizl\u0259ri \u2013 Az\u0259rbaycan Respublikas\u0131n\u0131n erm\u0259ni \u0259silli v\u0259t\u0259nda\u015flar\u0131n\u0131 silah\u0131 yer\u0259 qoyma\u011fa v\u0259 Az\u0259rbaycan Ordusuna d\u0259st\u0259k olmaqla, xunta rejimin\u0259 son qoyma\u011fa \u00e7a\u011f\u0131r\u0131ram!<\/p>\n<p>\u0130\u015f\u011fal alt\u0131ndak\u0131 torpaqlar azad olunan kimi, Da\u011fl\u0131q Qaraba\u011fda ya\u015fayan erm\u0259ni sakinl\u0259rinin b\u00fct\u00fcn h\u00fcquqlar\u0131 h\u0259r bir Az\u0259rbaycan v\u0259t\u0259nda\u015f\u0131nda oldu\u011fu kimi \u0259n y\u00fcks\u0259k s\u0259viyy\u0259d\u0259 t\u0259min edil\u0259c\u0259k! Sizl\u0259rin sosial, iqtisadi v\u0259 humanitar ehtiyaclar\u0131n\u0131z Az\u0259rbaycan d\u00f6vl\u0259ti t\u0259r\u0259find\u0259n tam \u015f\u0259kild\u0259 qar\u015f\u0131lanacaq!<\/p>\n<p>\u0130\u015f\u011faldan azad edil\u0259c\u0259k Da\u011fl\u0131q Qaraba\u011f b\u00f6lg\u0259sind\u0259 Sizl\u0259rin xo\u015fb\u0259xt v\u0259 firavan g\u0259l\u0259c\u0259yiniz\u0259 Az\u0259rbaycan Respublikas\u0131 t\u0259minat ver\u0259c\u0259k! Bizim sad\u0259 m\u00fclki v\u0259t\u0259nda\u015flarla he\u00e7 bir problemimiz yoxdur!<\/p>\n<p>\u0130ll\u0259r ke\u00e7s\u0259 d\u0259, \u015eu\u015fada, \u015fahmat m\u0259kt\u0259bind\u0259 m\u0259niml\u0259 birlikd\u0259 t\u0259hsil alan erm\u0259ni qon\u015fular\u0131m\u0131zla xo\u015f xatir\u0259l\u0259rimi h\u0259l\u0259 d\u0259 unutmam\u0131\u015fam! Biz o \u015fahmat m\u0259kt\u0259bini d\u0259, h\u0259min m\u0259kt\u0259bd\u0259 erm\u0259ni v\u0259 az\u0259rbaycanl\u0131 \u015fagirdl\u0259rin birg\u0259 t\u0259dris almas\u0131n\u0131 da yenid\u0259n b\u0259rpa ed\u0259c\u0259yik! Bizim \u00f6vladlar\u0131m\u0131z s\u00fclh \u015f\u0259raitind\u0259, birlikd\u0259 firavan ya\u015fayacaqlar!<\/p>\n<p>H\u0259m\u00e7inin, Az\u0259rbaycan\u0131n i\u015f\u011fal olunmu\u015f \u0259razil\u0259rind\u0259 qanunsuz \u015f\u0259kild\u0259 h\u0259rbi \u0259m\u0259liyyatlarda i\u015ftirak ed\u0259n erm\u0259ni \u0259sg\u0259rl\u0259rin\u0259 d\u0259 m\u00fcraci\u0259t edir\u0259m ki, silah\u0131 yer\u0259 qoyun v\u0259 Az\u0259rbaycan Ordusuna m\u00fcqavim\u0259t g\u00f6st\u0259rm\u0259yin! Silah\u0131 yer\u0259 qoydu\u011funuz v\u0259 Az\u0259rbaycan \u0259sg\u0259rl\u0259rin\u0259 t\u0259slim oldu\u011funuz t\u0259qdird\u0259, sizinl\u0259 Cenevr\u0259 Konvensiyas\u0131n\u0131n t\u0259l\u0259bl\u0259rin\u0259 tam uy\u011fun \u015f\u0259kild\u0259, \u015f\u0259r\u0259f v\u0259 l\u0259yaq\u0259tiniz\u0259 h\u00f6rm\u0259t edilm\u0259kl\u0259 davran\u0131lacaq!<\/p>\n<p>Toxunmaq ist\u0259diyim ba\u015fqa bir m\u0259s\u0259l\u0259 is\u0259, h\u0259rbi \u0259m\u0259liyyatlar zaman\u0131 z\u0259r\u0259r g\u00f6rm\u00fc\u015f \u015eu\u015fan\u0131n Qazan\u00e7\u0131 kils\u0259si il\u0259 ba\u011fl\u0131d\u0131r. Bildirir\u0259m ki, Qazan\u00e7\u0131 kils\u0259sinin z\u0259d\u0259l\u0259nm\u0259si il\u0259 n\u0259tic\u0259l\u0259n\u0259n insident Az\u0259rbaycan t\u0259r\u0259find\u0259n m\u00fctl\u0259q ara\u015fd\u0131r\u0131lacaq! Bizd\u0259 \u015f\u00fcbh\u0259l\u0259r var ki, bu bir t\u0259xribatd\u0131r! H\u0259r bir halda, bu m\u0259s\u0259l\u0259 ciddi \u015f\u0259kild\u0259 ara\u015fd\u0131r\u0131lacaq v\u0259 n\u0259tic\u0259sind\u0259n as\u0131l\u0131 olmayaraq, Qazan\u00e7\u0131 kils\u0259si Az\u0259rbaycan Respublikas\u0131 t\u0259r\u0259find\u0259n b\u0259rpa edil\u0259c\u0259k!<\/p>\n<p>Az\u0259rbaycan Respublikas\u0131n\u0131n b\u0259rab\u0259r v\u0259t\u0259nda\u015flar\u0131 kimi bizl\u0259r v\u0259 sizl\u0259r f\u00fcsunkar Da\u011fl\u0131q Qaraba\u011f\u0131n iqtisadi inki\u015faf\u0131 v\u0259 t\u0259r\u0259qqisinin canl\u0131 \u015fahidl\u0259ri olaca\u011f\u0131q v\u0259 ham\u0131m\u0131z bundan yararlanacay\u0131q.<\/p>\n<p>Sonda bildirm\u0259k ist\u0259yir\u0259m ki, Xank\u0259ndi mill\u0259t v\u0259kili olaraq sizl\u0259rd\u0259n \u2013 Da\u011fl\u0131q Qaraba\u011f b\u00f6lg\u0259sinin erm\u0259ni sakinl\u0259rind\u0259n g\u0259l\u0259n b\u00fct\u00fcn ismar\u0131clar\u0131 \u015f\u0259xs\u0259n oxuyuram v\u0259 x\u00fcsusil\u0259 s\u00fclh \u015f\u0259raitind\u0259 birg\u0259 ya\u015fay\u0131\u015fa d\u0259st\u0259k verdiyinizi g\u00f6rm\u0259k m\u0259ni sevindirir! Mill\u0259t v\u0259kiliniz olaraq, m\u0259niml\u0259 ist\u0259nil\u0259n vaxt ekranda qeyd edilmi\u015f Facebook s\u0259hif\u0259m yaxud email vasit\u0259sil\u0259 \u0259laq\u0259 saxlaya v\u0259 sizi narahat ed\u0259n m\u0259s\u0259l\u0259l\u0259rl\u0259 ba\u011fl\u0131 m\u00fcraci\u0259t ed\u0259 bil\u0259rsiniz!<\/p>\n<p>Sizl\u0259rl\u0259 Az\u0259rbaycan Respublikas\u0131n\u0131n \u0259razi b\u00fct\u00f6vl\u00fcy\u00fc \u00e7\u0259r\u00e7iv\u0259sind\u0259, s\u00fclh \u015f\u0259raitind\u0259 birg\u0259 ya\u015famaq \u00fcmidiyl\u0259!\u201d.Oxu.Az<\/p>\n","protected":false},"excerpt":{"rendered":"<p>Az\u0259rbaycan Respublikas\u0131n\u0131n Da\u011fl\u0131q Qaraba\u011f b\u00f6lg\u0259sinin az\u0259rbaycanl\u0131 icmas\u0131n\u0131n r\u0259hb\u0259ri Tural G\u0259nc\u0259liyev erm\u0259ni icmas\u0131na m\u00fcraci\u0259t edib. ARANTV.AZ\u00a0 h\u0259min m\u00fcraci\u0259ti t\u0259qdim edir: \u201cSalam, Az\u0259rbaycan Respublikas\u0131n\u0131n i\u015f\u011fal alt\u0131ndak\u0131 Da\u011fl\u0131q Qaraba\u011f b\u00f6lg\u0259sind\u0259 ya\u015fayan erm\u0259ni \u0259silli v\u0259t\u0259nda\u015flar\u0131! M\u0259n siz\u0259 Bak\u0131 \u015f\u0259h\u0259rinin m\u0259rk\u0259zind\u0259 yerl\u0259\u015f\u0259n erm\u0259ni kils\u0259sinin h\u0259y\u0259tind\u0259n m\u00fcraci\u0259t edir\u0259m! Sizi \u0259sir kimi saxlayan, i\u015f\u011fal\u00e7\u0131 Erm\u0259nistan v\u0259 onun t\u0259r\u0259find\u0259n i\u015f\u011fal olunmu\u015f Az\u0259rbaycan \u0259razil\u0259rind\u0259 yarad\u0131lm\u0131\u015f cinay\u0259tkar xunta rejimi m\u0259qs\u0259dli \u015f\u0259kild\u0259 h\u0259rbi obyektl\u0259ri ya\u015fay\u0131\u015f m\u0259nt\u0259q\u0259l\u0259rin\u0259 yax\u0131n yerl\u0259\u015fdirm\u0259kl\u0259 sizl\u0259rin h\u0259yat\u0131n\u0131 birba\u015fa t\u0259hl\u00fck\u0259y\u0259 at\u0131r! Sizl\u0259rd\u0259n xahi\u015f edir\u0259m ki, d\u00f6y\u00fc\u015fl\u0259rin getdiyi b\u00f6lg\u0259l\u0259rd\u0259 ya\u015fay\u0131\u015f m\u0259nt\u0259q\u0259l\u0259rin\u0259 yax\u0131n \u0259razil\u0259rd\u0259 yerl\u0259\u015fdirilmi\u015f h\u0259rbi obyektl\u0259rd\u0259n uzaq durun! Az\u0259rbaycan Respublikas\u0131n\u0131n&hellip;<\/p>\n","protected":false},"author":2,"featured_media":230461,"comment_status":"closed","ping_status":"closed","sticky":false,"template":"","format":"standard","meta":{"om_disable_all_campaigns":false,"_monsterinsights_skip_tracking":false,"_monsterinsights_sitenote_active":false,"_monsterinsights_sitenote_note":"","_monsterinsights_sitenote_category":0},"categories":[19],"tags":[],"aioseo_notices":[],"gutentor_comment":0,"rttpg_featured_image_url":{"full":["https:\/\/arantv.az\/wp-content\/uploads\/2020\/10\/turalll-3.jpg",620,413,false],"landscape":["https:\/\/arantv.az\/wp-content\/uploads\/2020\/10\/turalll-3.jpg",620,413,false],"portraits":["https:\/\/arantv.az\/wp-content\/uploads\/2020\/10\/turalll-3.jpg",620,413,false],"thumbnail":["https:\/\/arantv.az\/wp-content\/uploads\/2020\/10\/turalll-3-150x150.jpg",150,150,true],"medium":["https:\/\/arantv.az\/wp-content\/uploads\/2020\/10\/turalll-3-300x200.jpg",300,200,true],"large":["https:\/\/arantv.az\/wp-content\/uploads\/2020\/10\/turalll-3.jpg",620,413,false],"1536x1536":["https:\/\/arantv.az\/wp-content\/uploads\/2020\/10\/turalll-3.jpg",620,413,false],"2048x2048":["https:\/\/arantv.az\/wp-content\/uploads\/2020\/10\/turalll-3.jpg",620,413,false],"post-thumbnail":["https:\/\/arantv.az\/wp-content\/uploads\/2020\/10\/turalll-3-240x172.jpg",240,172,true],"advps-thumb-one":["https:\/\/arantv.az\/wp-content\/uploads\/2020\/10\/turalll-3.jpg",620,413,false]},"rttpg_author":{"display_name":"V\u00fcsal Rafiqo\u011flu","author_link":"https:\/\/arantv.az\/?author=2"},"rttpg_comment":0,"rttpg_category":"<a href=\"https:\/\/arantv.az\/?cat=19\" rel=\"category\">G\u00fcnd\u0259m<\/a>","rttpg_excerpt":"Az\u0259rbaycan Respublikas\u0131n\u0131n Da\u011fl\u0131q Qaraba\u011f b\u00f6lg\u0259sinin az\u0259rbaycanl\u0131 icmas\u0131n\u0131n r\u0259hb\u0259ri Tural G\u0259nc\u0259liyev erm\u0259ni icmas\u0131na m\u00fcraci\u0259t edib. ARANTV.AZ\u00a0 h\u0259min m\u00fcraci\u0259ti t\u0259qdim edir: \u201cSalam, Az\u0259rbaycan Respublikas\u0131n\u0131n i\u015f\u011fal alt\u0131ndak\u0131 Da\u011fl\u0131q Qaraba\u011f b\u00f6lg\u0259sind\u0259 ya\u015fayan erm\u0259ni \u0259silli v\u0259t\u0259nda\u015flar\u0131! M\u0259n siz\u0259 Bak\u0131 \u015f\u0259h\u0259rinin m\u0259rk\u0259zind\u0259 yerl\u0259\u015f\u0259n erm\u0259ni kils\u0259sinin h\u0259y\u0259tind\u0259n m\u00fcraci\u0259t edir\u0259m! Sizi \u0259sir kimi saxlayan, i\u015f\u011fal\u00e7\u0131 Erm\u0259nistan v\u0259 onun t\u0259r\u0259find\u0259n i\u015f\u011fal olunmu\u015f Az\u0259rbaycan \u0259razil\u0259rind\u0259&hellip;","_links":{"self":[{"href":"https:\/\/arantv.az\/index.php?rest_route=\/wp\/v2\/posts\/230460"}],"collection":[{"href":"https:\/\/arantv.az\/index.php?rest_route=\/wp\/v2\/posts"}],"about":[{"href":"https:\/\/arantv.az\/index.php?rest_route=\/wp\/v2\/types\/post"}],"author":[{"embeddable":true,"href":"https:\/\/arantv.az\/index.php?rest_route=\/wp\/v2\/users\/2"}],"replies":[{"embeddable":true,"href":"https:\/\/arantv.az\/index.php?rest_route=%2Fwp%2Fv2%2Fcomments&post=230460"}],"version-history":[{"count":0,"href":"https:\/\/arantv.az\/index.php?rest_route=\/wp\/v2\/posts\/230460\/revisions"}],"wp:featuredmedia":[{"embeddable":true,"href":"https:\/\/arantv.az\/index.php?rest_route=\/wp\/v2\/media\/230461"}],"wp:attachment":[{"href":"https:\/\/arantv.az\/index.php?rest_route=%2Fwp%2Fv2%2Fmedia&parent=230460"}],"wp:term":[{"taxonomy":"category","embeddable":true,"href":"https:\/\/arantv.az\/index.php?rest_route=%2Fwp%2Fv2%2Fcategories&post=230460"},{"taxonomy":"post_tag","embeddable":true,"href":"https:\/\/arantv.az\/index.php?rest_route=%2Fwp%2Fv2%2Ftags&post=230460"}],"curies":[{"name":"wp","href":"https:\/\/api.w.org\/{rel}","templated":true}]}}