{"id":23060,"date":"2018-11-13T13:42:35","date_gmt":"2018-11-13T10:42:35","guid":{"rendered":"http:\/\/arantv.az\/?p=23060"},"modified":"2018-11-13T13:42:35","modified_gmt":"2018-11-13T10:42:35","slug":"slovakiyanin-bas-naziri-umummilli-lider-heyd%c9%99r-%c9%99liyevin-m%c9%99zarini-v%c9%99-s%c9%99hidl%c9%99r-xiyabanini-ziyar%c9%99t-edib","status":"publish","type":"post","link":"https:\/\/arantv.az\/?p=23060","title":{"rendered":"Slovakiyan\u0131n Ba\u015f naziri \u00fcmummilli lider Heyd\u0259r \u018fliyevin m\u0259zar\u0131n\u0131 v\u0259 \u015e\u0259hidl\u0259r xiyaban\u0131n\u0131 ziyar\u0259t edib"},"content":{"rendered":"<p><strong>ARANTV.AZ<\/strong> x\u0259b\u0259r v erir ki, Slovakiya Respublikas\u0131n\u0131n Ba\u015f naziri Peter Pelleqrininin r\u0259hb\u0259rlik etdiyi n\u00fcmay\u0259nd\u0259 hey\u0259ti noyabr\u0131n 13-d\u0259 F\u0259xri xiyabanda xalq\u0131m\u0131z\u0131n \u00fcmummilli lideri, m\u00fcasir m\u00fcst\u0259qil d\u00f6vl\u0259timizin memar\u0131 v\u0259 qurucusu Heyd\u0259r \u018fliyevin xatir\u0259sini yad edib, m\u0259zar\u0131 \u00f6n\u00fcn\u0259 \u0259klil qoyub.<\/p>\n<p>Sonra \u015e\u0259hidl\u0259r xiyaban\u0131na ged\u0259n qonaqlar \u00f6lk\u0259mizin azadl\u0131\u011f\u0131 v\u0259 \u0259razi b\u00fct\u00f6vl\u00fcy\u00fc u\u011frunda m\u00fcbariz\u0259d\u0259 canlar\u0131ndan ke\u00e7mi\u015f q\u0259hr\u0259man V\u0259t\u0259n \u00f6vladlar\u0131n\u0131n xatir\u0259sini yad edibl\u0259r. Ba\u015f nazir Peter Pelleqrini \u201c\u018fb\u0259di m\u0259\u015f\u0259l\u201d abid\u0259sinin \u00f6n\u00fcn\u0259 \u0259klil qoyub.<\/p>\n<p>Bak\u0131n\u0131n \u0259n h\u00fcnd\u00fcr n\u00f6qt\u0259sind\u0259n Az\u0259rbaycan paytaxt\u0131n\u0131n m\u0259nz\u0259r\u0259sini seyr ed\u0259n n\u00fcmay\u0259nd\u0259 hey\u0259tinin \u00fczvl\u0259rin\u0259 \u015e\u0259hidl\u0259r xiyaban\u0131n\u0131n tarixi v\u0259 paytaxt\u0131m\u0131zda apar\u0131lan abadl\u0131q-quruculuq i\u015fl\u0259ri bar\u0259d\u0259 m\u0259lumat verilib.<\/p>\n","protected":false},"excerpt":{"rendered":"<p>ARANTV.AZ x\u0259b\u0259r v erir ki, Slovakiya Respublikas\u0131n\u0131n Ba\u015f naziri Peter Pelleqrininin r\u0259hb\u0259rlik etdiyi n\u00fcmay\u0259nd\u0259 hey\u0259ti noyabr\u0131n 13-d\u0259 F\u0259xri xiyabanda xalq\u0131m\u0131z\u0131n \u00fcmummilli lideri, m\u00fcasir m\u00fcst\u0259qil d\u00f6vl\u0259timizin memar\u0131 v\u0259 qurucusu Heyd\u0259r \u018fliyevin xatir\u0259sini yad edib, m\u0259zar\u0131 \u00f6n\u00fcn\u0259 \u0259klil qoyub. Sonra \u015e\u0259hidl\u0259r xiyaban\u0131na ged\u0259n qonaqlar \u00f6lk\u0259mizin azadl\u0131\u011f\u0131 v\u0259 \u0259razi b\u00fct\u00f6vl\u00fcy\u00fc u\u011frunda m\u00fcbariz\u0259d\u0259 canlar\u0131ndan ke\u00e7mi\u015f q\u0259hr\u0259man V\u0259t\u0259n \u00f6vladlar\u0131n\u0131n xatir\u0259sini yad edibl\u0259r. Ba\u015f nazir Peter Pelleqrini \u201c\u018fb\u0259di m\u0259\u015f\u0259l\u201d abid\u0259sinin \u00f6n\u00fcn\u0259 \u0259klil qoyub. Bak\u0131n\u0131n \u0259n h\u00fcnd\u00fcr n\u00f6qt\u0259sind\u0259n Az\u0259rbaycan paytaxt\u0131n\u0131n m\u0259nz\u0259r\u0259sini seyr ed\u0259n n\u00fcmay\u0259nd\u0259 hey\u0259tinin \u00fczvl\u0259rin\u0259 \u015e\u0259hidl\u0259r xiyaban\u0131n\u0131n tarixi v\u0259 paytaxt\u0131m\u0131zda apar\u0131lan abadl\u0131q-quruculuq i\u015fl\u0259ri bar\u0259d\u0259 m\u0259lumat verilib.<\/p>\n","protected":false},"author":2,"featured_media":23061,"comment_status":"closed","ping_status":"closed","sticky":false,"template":"","format":"standard","meta":{"om_disable_all_campaigns":false,"_monsterinsights_skip_tracking":false,"_monsterinsights_sitenote_active":false,"_monsterinsights_sitenote_note":"","_monsterinsights_sitenote_category":0},"categories":[4],"tags":[],"aioseo_notices":[],"gutentor_comment":0,"rttpg_featured_image_url":{"full":["https:\/\/arantv.az\/wp-content\/uploads\/2018\/11\/o7nf73fpkd9hacnv6u7lociqo7sl3.jpg",1000,644,false],"landscape":["https:\/\/arantv.az\/wp-content\/uploads\/2018\/11\/o7nf73fpkd9hacnv6u7lociqo7sl3.jpg",1000,644,false],"portraits":["https:\/\/arantv.az\/wp-content\/uploads\/2018\/11\/o7nf73fpkd9hacnv6u7lociqo7sl3.jpg",1000,644,false],"thumbnail":["https:\/\/arantv.az\/wp-content\/uploads\/2018\/11\/o7nf73fpkd9hacnv6u7lociqo7sl3-150x150.jpg",150,150,true],"medium":["https:\/\/arantv.az\/wp-content\/uploads\/2018\/11\/o7nf73fpkd9hacnv6u7lociqo7sl3-300x193.jpg",300,193,true],"large":["https:\/\/arantv.az\/wp-content\/uploads\/2018\/11\/o7nf73fpkd9hacnv6u7lociqo7sl3.jpg",640,412,false],"1536x1536":["https:\/\/arantv.az\/wp-content\/uploads\/2018\/11\/o7nf73fpkd9hacnv6u7lociqo7sl3.jpg",1000,644,false],"2048x2048":["https:\/\/arantv.az\/wp-content\/uploads\/2018\/11\/o7nf73fpkd9hacnv6u7lociqo7sl3.jpg",1000,644,false],"post-thumbnail":["https:\/\/arantv.az\/wp-content\/uploads\/2018\/11\/o7nf73fpkd9hacnv6u7lociqo7sl3-240x172.jpg",240,172,true],"advps-thumb-one":["https:\/\/arantv.az\/wp-content\/uploads\/2018\/11\/o7nf73fpkd9hacnv6u7lociqo7sl3-1000x620.jpg",1000,620,true]},"rttpg_author":{"display_name":"V\u00fcsal Rafiqo\u011flu","author_link":"https:\/\/arantv.az\/?author=2"},"rttpg_comment":0,"rttpg_category":"<a href=\"https:\/\/arantv.az\/?cat=4\" rel=\"category\">Siyas\u0259t<\/a>","rttpg_excerpt":"ARANTV.AZ x\u0259b\u0259r v erir ki, Slovakiya Respublikas\u0131n\u0131n Ba\u015f naziri Peter Pelleqrininin r\u0259hb\u0259rlik etdiyi n\u00fcmay\u0259nd\u0259 hey\u0259ti noyabr\u0131n 13-d\u0259 F\u0259xri xiyabanda xalq\u0131m\u0131z\u0131n \u00fcmummilli lideri, m\u00fcasir m\u00fcst\u0259qil d\u00f6vl\u0259timizin memar\u0131 v\u0259 qurucusu Heyd\u0259r \u018fliyevin xatir\u0259sini yad edib, m\u0259zar\u0131 \u00f6n\u00fcn\u0259 \u0259klil qoyub. Sonra \u015e\u0259hidl\u0259r xiyaban\u0131na ged\u0259n qonaqlar \u00f6lk\u0259mizin azadl\u0131\u011f\u0131 v\u0259 \u0259razi b\u00fct\u00f6vl\u00fcy\u00fc u\u011frunda m\u00fcbariz\u0259d\u0259 canlar\u0131ndan ke\u00e7mi\u015f q\u0259hr\u0259man V\u0259t\u0259n \u00f6vladlar\u0131n\u0131n xatir\u0259sini&hellip;","_links":{"self":[{"href":"https:\/\/arantv.az\/index.php?rest_route=\/wp\/v2\/posts\/23060"}],"collection":[{"href":"https:\/\/arantv.az\/index.php?rest_route=\/wp\/v2\/posts"}],"about":[{"href":"https:\/\/arantv.az\/index.php?rest_route=\/wp\/v2\/types\/post"}],"author":[{"embeddable":true,"href":"https:\/\/arantv.az\/index.php?rest_route=\/wp\/v2\/users\/2"}],"replies":[{"embeddable":true,"href":"https:\/\/arantv.az\/index.php?rest_route=%2Fwp%2Fv2%2Fcomments&post=23060"}],"version-history":[{"count":0,"href":"https:\/\/arantv.az\/index.php?rest_route=\/wp\/v2\/posts\/23060\/revisions"}],"wp:featuredmedia":[{"embeddable":true,"href":"https:\/\/arantv.az\/index.php?rest_route=\/wp\/v2\/media\/23061"}],"wp:attachment":[{"href":"https:\/\/arantv.az\/index.php?rest_route=%2Fwp%2Fv2%2Fmedia&parent=23060"}],"wp:term":[{"taxonomy":"category","embeddable":true,"href":"https:\/\/arantv.az\/index.php?rest_route=%2Fwp%2Fv2%2Fcategories&post=23060"},{"taxonomy":"post_tag","embeddable":true,"href":"https:\/\/arantv.az\/index.php?rest_route=%2Fwp%2Fv2%2Ftags&post=23060"}],"curies":[{"name":"wp","href":"https:\/\/api.w.org\/{rel}","templated":true}]}}