{"id":23064,"date":"2018-11-13T13:43:43","date_gmt":"2018-11-13T10:43:43","guid":{"rendered":"http:\/\/arantv.az\/?p=23064"},"modified":"2018-11-13T13:43:43","modified_gmt":"2018-11-13T10:43:43","slug":"abadliq-quruculuq-isl%c9%99ri-davam-etdirilir","status":"publish","type":"post","link":"https:\/\/arantv.az\/?p=23064","title":{"rendered":"Abadl\u0131q-quruculuq i\u015fl\u0259ri davam etdirilir"},"content":{"rendered":"<p><strong>ARANTV.AZ<\/strong> x\u0259b\u0259r verir ki, Prezident \u0130lham \u018fliyevin tap\u015f\u0131r\u0131\u011f\u0131na \u0259sas\u0259n, paytaxtda quruculuq i\u015fl\u0259ri \u00e7\u0259r\u00e7iv\u0259sind\u0259 \u015f\u0259h\u0259rsalman\u0131n m\u00fcasir t\u0259l\u0259bl\u0259r s\u0259viyy\u0259sin\u0259 uy\u011funla\u015fd\u0131rlamas\u0131na diqq\u0259t yetirilir. Bir \u00e7ox k\u00fc\u00e7\u0259 v\u0259 prospektd\u0259 ya\u015fay\u0131\u015f\u00a0 binalar\u0131 v\u0259 parklar\u0131n m\u00fcasir, z\u00f6vq ox\u015fayan \u00fcslubda b\u0259rpas\u0131, yol infrastrukturunun yenid\u0259n qurulmas\u0131 davam etdirilir. Bak\u0131n\u0131n h\u0259r yerind\u0259 oldu\u011fu kimi Yasamal\u00a0 rayonunda da abadl\u0131q i\u015fl\u0259ri apar\u0131l\u0131r. Bu istiqam\u0259td\u0259 h\u0259yata ke\u00e7iril\u0259n layih\u0259l\u0259r \u00e7\u0259r\u00e7iv\u0259sind\u0259 m\u0259h\u0259ll\u0259l\u0259rd\u0259 \u201cn\u00fcmun\u0259vi h\u0259y\u0259t\u201dl\u0259rin sal\u0131nmas\u0131 g\u00f6r\u00fcl\u0259n i\u015fl\u0259rin t\u0259rkib hiss\u0259sidir. Rayon \u0259razisind\u0259 17 yeni abad m\u0259h\u0259ll\u0259nin sal\u0131nmas\u0131 il\u0259 ba\u011fl\u0131 i\u015fl\u0259r g\u00f6r\u00fcl\u00fcr. Bu m\u0259h\u0259ll\u0259l\u0259rd\u0259n bir ne\u00e7\u0259si, o c\u00fcml\u0259d\u0259n H\u00fcseyn Cavid prospekti 518-ci m\u0259h\u0259ll\u0259d\u0259ki abad h\u0259y\u0259t art\u0131q sakinl\u0259rin istifad\u0259sin\u0259 verilib.<\/p>\n<p>\u00dcmumiyy\u0259tl\u0259, abad h\u0259y\u0259t sal\u0131nan m\u0259h\u0259ll\u0259l\u0259rd\u0259 \u00f6zba\u015f\u0131na z\u0259bt edil\u0259n m\u00fcxt\u0259lif t\u0259yinatl\u0131 qanunsuz tikilil\u0259r s\u00f6k\u00fcl\u00fcb, t\u0259mizlik i\u015fl\u0259ri apar\u0131l\u0131b. Abadla\u015fd\u0131r\u0131lan v\u0259 yenid\u0259n qurulan H\u00fcseyn Cavid prospekti 518-ci\u00a0 m\u0259h\u0259ll\u0259d\u0259ki asfalt \u00f6rt\u00fcy\u00fc tamamil\u0259 yenil\u0259nib. H\u0259y\u0259tin i\u015f\u0131qland\u0131rma sistemi tam t\u0259min olunub. Sakinl\u0259rin ist\u0259k v\u0259 maraqlar\u0131 n\u0259z\u0259r\u0259 al\u0131naraq, \u00e7oxm\u0259nzilli binalar\u0131n fasadlar\u0131 v\u0259 giri\u015f hiss\u0259l\u0259ri d\u0259 tam t\u0259mir edilib. H\u0259min massivd\u0259 u\u015faq \u0259yl\u0259nc\u0259, futbol meydan\u00e7alar\u0131, oturacaqlar, i\u015f\u0131q dir\u0259kl\u0259ri qura\u015fd\u0131r\u0131l\u0131b. Yeni yarad\u0131lan abad h\u0259y\u0259tl\u0259rin a\u00e7\u0131l\u0131\u015flar\u0131nda sakinl\u0259rl\u0259 a\u00e7\u0131q mikrafon g\u00fcn\u00fc t\u0259\u015fkil edildi, sakinl\u0259rin qald\u0131rd\u0131qlar\u0131 m\u0259s\u0259l\u0259l\u0259rin h\u0259lli \u00fc\u00e7\u00fcn tap\u015f\u0131r\u0131qlar verildi. Heyd\u0259r \u018fliyev Fondunun vitse-prezidenti, IDEA \u0130ctimai Birliyinin t\u0259sis\u00e7isi v\u0259 r\u0259hb\u0259ri Leyla \u018fliyevan\u0131n t\u0259\u015f\u0259bb\u00fcs\u00fc il\u0259 \u201cBizim h\u0259y\u0259t\u201d layih\u0259si v\u0259 \u201cM\u0259kt\u0259b ba\u011flar\u0131\u201d layih\u0259si d\u0259 u\u011furla realla\u015fd\u0131r\u0131l\u0131r.<\/p>\n","protected":false},"excerpt":{"rendered":"<p>ARANTV.AZ x\u0259b\u0259r verir ki, Prezident \u0130lham \u018fliyevin tap\u015f\u0131r\u0131\u011f\u0131na \u0259sas\u0259n, paytaxtda quruculuq i\u015fl\u0259ri \u00e7\u0259r\u00e7iv\u0259sind\u0259 \u015f\u0259h\u0259rsalman\u0131n m\u00fcasir t\u0259l\u0259bl\u0259r s\u0259viyy\u0259sin\u0259 uy\u011funla\u015fd\u0131rlamas\u0131na diqq\u0259t yetirilir. Bir \u00e7ox k\u00fc\u00e7\u0259 v\u0259 prospektd\u0259 ya\u015fay\u0131\u015f\u00a0 binalar\u0131 v\u0259 parklar\u0131n m\u00fcasir, z\u00f6vq ox\u015fayan \u00fcslubda b\u0259rpas\u0131, yol infrastrukturunun yenid\u0259n qurulmas\u0131 davam etdirilir. Bak\u0131n\u0131n h\u0259r yerind\u0259 oldu\u011fu kimi Yasamal\u00a0 rayonunda da abadl\u0131q i\u015fl\u0259ri apar\u0131l\u0131r. Bu istiqam\u0259td\u0259 h\u0259yata ke\u00e7iril\u0259n layih\u0259l\u0259r \u00e7\u0259r\u00e7iv\u0259sind\u0259 m\u0259h\u0259ll\u0259l\u0259rd\u0259 \u201cn\u00fcmun\u0259vi h\u0259y\u0259t\u201dl\u0259rin sal\u0131nmas\u0131 g\u00f6r\u00fcl\u0259n i\u015fl\u0259rin t\u0259rkib hiss\u0259sidir. Rayon \u0259razisind\u0259 17 yeni abad m\u0259h\u0259ll\u0259nin sal\u0131nmas\u0131 il\u0259 ba\u011fl\u0131 i\u015fl\u0259r g\u00f6r\u00fcl\u00fcr. Bu m\u0259h\u0259ll\u0259l\u0259rd\u0259n bir ne\u00e7\u0259si, o c\u00fcml\u0259d\u0259n H\u00fcseyn Cavid prospekti 518-ci m\u0259h\u0259ll\u0259d\u0259ki abad h\u0259y\u0259t art\u0131q&hellip;<\/p>\n","protected":false},"author":2,"featured_media":23065,"comment_status":"closed","ping_status":"closed","sticky":false,"template":"","format":"standard","meta":{"om_disable_all_campaigns":false,"_monsterinsights_skip_tracking":false,"_monsterinsights_sitenote_active":false,"_monsterinsights_sitenote_note":"","_monsterinsights_sitenote_category":0},"categories":[1],"tags":[],"aioseo_notices":[],"gutentor_comment":0,"rttpg_featured_image_url":{"full":["https:\/\/arantv.az\/wp-content\/uploads\/2018\/11\/o7nf73fpkd9hacnv6u7lociqo7abad.jpg",640,427,false],"landscape":["https:\/\/arantv.az\/wp-content\/uploads\/2018\/11\/o7nf73fpkd9hacnv6u7lociqo7abad.jpg",640,427,false],"portraits":["https:\/\/arantv.az\/wp-content\/uploads\/2018\/11\/o7nf73fpkd9hacnv6u7lociqo7abad.jpg",640,427,false],"thumbnail":["https:\/\/arantv.az\/wp-content\/uploads\/2018\/11\/o7nf73fpkd9hacnv6u7lociqo7abad-150x150.jpg",150,150,true],"medium":["https:\/\/arantv.az\/wp-content\/uploads\/2018\/11\/o7nf73fpkd9hacnv6u7lociqo7abad-300x200.jpg",300,200,true],"large":["https:\/\/arantv.az\/wp-content\/uploads\/2018\/11\/o7nf73fpkd9hacnv6u7lociqo7abad.jpg",640,427,false],"1536x1536":["https:\/\/arantv.az\/wp-content\/uploads\/2018\/11\/o7nf73fpkd9hacnv6u7lociqo7abad.jpg",640,427,false],"2048x2048":["https:\/\/arantv.az\/wp-content\/uploads\/2018\/11\/o7nf73fpkd9hacnv6u7lociqo7abad.jpg",640,427,false],"post-thumbnail":["https:\/\/arantv.az\/wp-content\/uploads\/2018\/11\/o7nf73fpkd9hacnv6u7lociqo7abad-240x172.jpg",240,172,true],"advps-thumb-one":["https:\/\/arantv.az\/wp-content\/uploads\/2018\/11\/o7nf73fpkd9hacnv6u7lociqo7abad.jpg",640,427,false]},"rttpg_author":{"display_name":"V\u00fcsal Rafiqo\u011flu","author_link":"https:\/\/arantv.az\/?author=2"},"rttpg_comment":0,"rttpg_category":"<a href=\"https:\/\/arantv.az\/?cat=1\" rel=\"category\">C\u0259miyy\u0259t<\/a>","rttpg_excerpt":"ARANTV.AZ x\u0259b\u0259r verir ki, Prezident \u0130lham \u018fliyevin tap\u015f\u0131r\u0131\u011f\u0131na \u0259sas\u0259n, paytaxtda quruculuq i\u015fl\u0259ri \u00e7\u0259r\u00e7iv\u0259sind\u0259 \u015f\u0259h\u0259rsalman\u0131n m\u00fcasir t\u0259l\u0259bl\u0259r s\u0259viyy\u0259sin\u0259 uy\u011funla\u015fd\u0131rlamas\u0131na diqq\u0259t yetirilir. Bir \u00e7ox k\u00fc\u00e7\u0259 v\u0259 prospektd\u0259 ya\u015fay\u0131\u015f\u00a0 binalar\u0131 v\u0259 parklar\u0131n m\u00fcasir, z\u00f6vq ox\u015fayan \u00fcslubda b\u0259rpas\u0131, yol infrastrukturunun yenid\u0259n qurulmas\u0131 davam etdirilir. Bak\u0131n\u0131n h\u0259r yerind\u0259 oldu\u011fu kimi Yasamal\u00a0 rayonunda da abadl\u0131q i\u015fl\u0259ri apar\u0131l\u0131r. Bu istiqam\u0259td\u0259 h\u0259yata ke\u00e7iril\u0259n&hellip;","_links":{"self":[{"href":"https:\/\/arantv.az\/index.php?rest_route=\/wp\/v2\/posts\/23064"}],"collection":[{"href":"https:\/\/arantv.az\/index.php?rest_route=\/wp\/v2\/posts"}],"about":[{"href":"https:\/\/arantv.az\/index.php?rest_route=\/wp\/v2\/types\/post"}],"author":[{"embeddable":true,"href":"https:\/\/arantv.az\/index.php?rest_route=\/wp\/v2\/users\/2"}],"replies":[{"embeddable":true,"href":"https:\/\/arantv.az\/index.php?rest_route=%2Fwp%2Fv2%2Fcomments&post=23064"}],"version-history":[{"count":0,"href":"https:\/\/arantv.az\/index.php?rest_route=\/wp\/v2\/posts\/23064\/revisions"}],"wp:featuredmedia":[{"embeddable":true,"href":"https:\/\/arantv.az\/index.php?rest_route=\/wp\/v2\/media\/23065"}],"wp:attachment":[{"href":"https:\/\/arantv.az\/index.php?rest_route=%2Fwp%2Fv2%2Fmedia&parent=23064"}],"wp:term":[{"taxonomy":"category","embeddable":true,"href":"https:\/\/arantv.az\/index.php?rest_route=%2Fwp%2Fv2%2Fcategories&post=23064"},{"taxonomy":"post_tag","embeddable":true,"href":"https:\/\/arantv.az\/index.php?rest_route=%2Fwp%2Fv2%2Ftags&post=23064"}],"curies":[{"name":"wp","href":"https:\/\/api.w.org\/{rel}","templated":true}]}}