{"id":23067,"date":"2018-11-13T13:44:41","date_gmt":"2018-11-13T10:44:41","guid":{"rendered":"http:\/\/arantv.az\/?p=23067"},"modified":"2018-11-13T13:44:41","modified_gmt":"2018-11-13T10:44:41","slug":"ic%c9%99ris%c9%99h%c9%99rl%c9%99-tanisliq-slovakiyanin-bas-nazirind%c9%99-z%c9%99ngin-t%c9%99%c9%99ssurat-yaradib","status":"publish","type":"post","link":"https:\/\/arantv.az\/?p=23067","title":{"rendered":"\u0130\u00e7\u0259ri\u015f\u0259h\u0259rl\u0259 tan\u0131\u015fl\u0131q Slovakiyan\u0131n Ba\u015f nazirind\u0259 z\u0259ngin t\u0259\u0259ss\u00fcrat yarad\u0131b"},"content":{"rendered":"<p><strong>ARANTV.AZ<\/strong> x\u0259b\u0259r verir ki, Az\u0259rbaycan Respublikas\u0131nda r\u0259smi s\u0259f\u0259rd\u0259 olan Slovakiya Respublikas\u0131n\u0131n Ba\u015f naziri Peter Pelleqrininin r\u0259hb\u0259rlik etdiyi n\u00fcmay\u0259nd\u0259 hey\u0259ti noyabr\u0131n 13-d\u0259 \u0130\u00e7\u0259ri\u015f\u0259h\u0259rl\u0259 tan\u0131\u015f olub.<\/p>\n<p>Q\u0131z qalas\u0131ndan ba\u015flanan tan\u0131\u015fl\u0131q zaman\u0131 qonaqlara Bak\u0131n\u0131n r\u0259mzl\u0259rind\u0259n biri say\u0131lan abid\u0259nin tarixi bar\u0259d\u0259 m\u0259lumat verilib.<\/p>\n<p>Bildirilib ki, eram\u0131zdan \u0259vv\u0259l VII-VI \u0259srl\u0259rd\u0259 \u0259sas\u0131 qoyulmu\u015f Q\u0131z qalas\u0131 XII \u0259srd\u0259 b\u0259rpa edilib. H\u00fcnd\u00fcrl\u00fcy\u00fc 28 metr, diametri 16-16,5 metr olan abid\u0259 silindr formal\u0131 \u0259sl qaladan v\u0259 c\u0259nub t\u0259r\u0259fd\u0259n ona biti\u015f\u0259n iri dayaq tikilid\u0259n ibar\u0259tdir. D\u00fcnya \u0259h\u0259miyy\u0259tli bu abid\u0259nin qorunub saxlanmas\u0131 v\u0259 m\u00f6vcud g\u00f6rk\u0259md\u0259 g\u0259l\u0259c\u0259k n\u0259sill\u0259r\u0259 \u00e7atd\u0131r\u0131lmas\u0131 \u00fc\u00e7\u00fcn Prezident \u0130lham \u018fliyevin tap\u015f\u0131r\u0131qlar\u0131 \u0259sas\u0131nda 2009-2013-c\u00fc ill\u0259rd\u0259 burada konservasiya i\u015fl\u0259ri apar\u0131l\u0131b.<\/p>\n<p>Q\u0131z qalas\u0131n\u0131n yax\u0131nl\u0131\u011f\u0131ndak\u0131 S\u0131rata\u011fl\u0131 dini-memarl\u0131q kompleksinin \u0259razisind\u0259ki da\u015f ekspozisiyan\u0131n yenid\u0259n t\u0259\u015fkili i\u015fl\u0259ri qonaqlar\u0131n b\u00f6y\u00fck mara\u011f\u0131na s\u0259b\u0259b olub.<\/p>\n<p>Elektromobill\u0259 g\u0259zinti zaman\u0131 Ba\u015f nazir\u0259 v\u0259 n\u00fcmay\u0259nd\u0259 hey\u0259tinin \u00fczvl\u0259rin\u0259 UNESCO-nun D\u00fcnya M\u0259d\u0259ni \u0130rsi Siyah\u0131s\u0131na daxil edilmi\u015f \u201c\u0130\u00e7\u0259ri\u015f\u0259h\u0259r\u201d D\u00f6vl\u0259t Tarix-Memarl\u0131q Qoru\u011fu, burada apar\u0131lan abadla\u015fd\u0131rma v\u0259 b\u0259rpa i\u015fl\u0259ri bar\u0259d\u0259 m\u0259lumat verilib. Qeyd edilib ki, \u0130\u00e7\u0259ri\u015f\u0259h\u0259r \u0259razisind\u0259 m\u00fcxt\u0259lif \u0259srl\u0259r\u0259 aid nadir tarixi memarl\u0131q abid\u0259l\u0259ri var v\u0259 bunlar d\u00f6vl\u0259t t\u0259r\u0259find\u0259n qorunur.<\/p>\n<p>Daha sonra qonaqlar orta \u0259sr \u015e\u0259rq memarl\u0131\u011f\u0131n\u0131n \u015fah \u0259s\u0259ri, d\u00fcnya \u0259h\u0259miyy\u0259tli tarixi-memarl\u0131q abid\u0259si olan \u015eirvan\u015fahlar saray\u0131 kompleksi il\u0259 tan\u0131\u015f olublar.<\/p>\n<p>M\u0259lumat verilib ki, XV \u0259srin \u0259vv\u0259ll\u0259rind\u0259 in\u015fa olunmu\u015f tarixi abid\u0259nin tikilil\u0259ri \u0130\u00e7\u0259ri\u015f\u0259h\u0259rin t\u0259p\u0259l\u0259rind\u0259n birinin \u0259n h\u00fcnd\u00fcr n\u00f6qt\u0259sind\u0259 yerl\u0259\u015fir. Abid\u0259 X\u0259z\u0259r d\u0259nizind\u0259n v\u0259 \u015f\u0259h\u0259rin \u0259traf\u0131ndak\u0131 y\u00fcks\u0259klikl\u0259rd\u0259n ayd\u0131n g\u00f6r\u00fcn\u00fcr. Kompleks bu g\u00fcn\u0259d\u0259k \u00f6z tarixi-memarl\u0131q \u00fcst\u00fcnl\u00fcy\u00fcn\u00fc saxlamaqdad\u0131r.<\/p>\n<p>\u0130\u00e7\u0259ri\u015f\u0259h\u0259rl\u0259 tan\u0131\u015fl\u0131q Slovakiyan\u0131n Ba\u015f nazirind\u0259 z\u0259ngin t\u0259\u0259ss\u00fcrat yarad\u0131b.<\/p>\n","protected":false},"excerpt":{"rendered":"<p>ARANTV.AZ x\u0259b\u0259r verir ki, Az\u0259rbaycan Respublikas\u0131nda r\u0259smi s\u0259f\u0259rd\u0259 olan Slovakiya Respublikas\u0131n\u0131n Ba\u015f naziri Peter Pelleqrininin r\u0259hb\u0259rlik etdiyi n\u00fcmay\u0259nd\u0259 hey\u0259ti noyabr\u0131n 13-d\u0259 \u0130\u00e7\u0259ri\u015f\u0259h\u0259rl\u0259 tan\u0131\u015f olub. Q\u0131z qalas\u0131ndan ba\u015flanan tan\u0131\u015fl\u0131q zaman\u0131 qonaqlara Bak\u0131n\u0131n r\u0259mzl\u0259rind\u0259n biri say\u0131lan abid\u0259nin tarixi bar\u0259d\u0259 m\u0259lumat verilib. Bildirilib ki, eram\u0131zdan \u0259vv\u0259l VII-VI \u0259srl\u0259rd\u0259 \u0259sas\u0131 qoyulmu\u015f Q\u0131z qalas\u0131 XII \u0259srd\u0259 b\u0259rpa edilib. H\u00fcnd\u00fcrl\u00fcy\u00fc 28 metr, diametri 16-16,5 metr olan abid\u0259 silindr formal\u0131 \u0259sl qaladan v\u0259 c\u0259nub t\u0259r\u0259fd\u0259n ona biti\u015f\u0259n iri dayaq tikilid\u0259n ibar\u0259tdir. D\u00fcnya \u0259h\u0259miyy\u0259tli bu abid\u0259nin qorunub saxlanmas\u0131 v\u0259 m\u00f6vcud g\u00f6rk\u0259md\u0259 g\u0259l\u0259c\u0259k n\u0259sill\u0259r\u0259 \u00e7atd\u0131r\u0131lmas\u0131 \u00fc\u00e7\u00fcn Prezident \u0130lham \u018fliyevin&hellip;<\/p>\n","protected":false},"author":2,"featured_media":23068,"comment_status":"closed","ping_status":"closed","sticky":false,"template":"","format":"standard","meta":{"om_disable_all_campaigns":false,"_monsterinsights_skip_tracking":false,"_monsterinsights_sitenote_active":false,"_monsterinsights_sitenote_note":"","_monsterinsights_sitenote_category":0},"categories":[4],"tags":[],"aioseo_notices":[],"gutentor_comment":0,"rttpg_featured_image_url":{"full":["https:\/\/arantv.az\/wp-content\/uploads\/2018\/11\/o7nf73fpkd9hacnv6u7lociqo7sl2.jpg",1000,624,false],"landscape":["https:\/\/arantv.az\/wp-content\/uploads\/2018\/11\/o7nf73fpkd9hacnv6u7lociqo7sl2.jpg",1000,624,false],"portraits":["https:\/\/arantv.az\/wp-content\/uploads\/2018\/11\/o7nf73fpkd9hacnv6u7lociqo7sl2.jpg",1000,624,false],"thumbnail":["https:\/\/arantv.az\/wp-content\/uploads\/2018\/11\/o7nf73fpkd9hacnv6u7lociqo7sl2-150x150.jpg",150,150,true],"medium":["https:\/\/arantv.az\/wp-content\/uploads\/2018\/11\/o7nf73fpkd9hacnv6u7lociqo7sl2-300x187.jpg",300,187,true],"large":["https:\/\/arantv.az\/wp-content\/uploads\/2018\/11\/o7nf73fpkd9hacnv6u7lociqo7sl2.jpg",640,399,false],"1536x1536":["https:\/\/arantv.az\/wp-content\/uploads\/2018\/11\/o7nf73fpkd9hacnv6u7lociqo7sl2.jpg",1000,624,false],"2048x2048":["https:\/\/arantv.az\/wp-content\/uploads\/2018\/11\/o7nf73fpkd9hacnv6u7lociqo7sl2.jpg",1000,624,false],"post-thumbnail":["https:\/\/arantv.az\/wp-content\/uploads\/2018\/11\/o7nf73fpkd9hacnv6u7lociqo7sl2-240x172.jpg",240,172,true],"advps-thumb-one":["https:\/\/arantv.az\/wp-content\/uploads\/2018\/11\/o7nf73fpkd9hacnv6u7lociqo7sl2-1000x620.jpg",1000,620,true]},"rttpg_author":{"display_name":"V\u00fcsal Rafiqo\u011flu","author_link":"https:\/\/arantv.az\/?author=2"},"rttpg_comment":0,"rttpg_category":"<a href=\"https:\/\/arantv.az\/?cat=4\" rel=\"category\">Siyas\u0259t<\/a>","rttpg_excerpt":"ARANTV.AZ x\u0259b\u0259r verir ki, Az\u0259rbaycan Respublikas\u0131nda r\u0259smi s\u0259f\u0259rd\u0259 olan Slovakiya Respublikas\u0131n\u0131n Ba\u015f naziri Peter Pelleqrininin r\u0259hb\u0259rlik etdiyi n\u00fcmay\u0259nd\u0259 hey\u0259ti noyabr\u0131n 13-d\u0259 \u0130\u00e7\u0259ri\u015f\u0259h\u0259rl\u0259 tan\u0131\u015f olub. Q\u0131z qalas\u0131ndan ba\u015flanan tan\u0131\u015fl\u0131q zaman\u0131 qonaqlara Bak\u0131n\u0131n r\u0259mzl\u0259rind\u0259n biri say\u0131lan abid\u0259nin tarixi bar\u0259d\u0259 m\u0259lumat verilib. Bildirilib ki, eram\u0131zdan \u0259vv\u0259l VII-VI \u0259srl\u0259rd\u0259 \u0259sas\u0131 qoyulmu\u015f Q\u0131z qalas\u0131 XII \u0259srd\u0259 b\u0259rpa edilib. H\u00fcnd\u00fcrl\u00fcy\u00fc 28&hellip;","_links":{"self":[{"href":"https:\/\/arantv.az\/index.php?rest_route=\/wp\/v2\/posts\/23067"}],"collection":[{"href":"https:\/\/arantv.az\/index.php?rest_route=\/wp\/v2\/posts"}],"about":[{"href":"https:\/\/arantv.az\/index.php?rest_route=\/wp\/v2\/types\/post"}],"author":[{"embeddable":true,"href":"https:\/\/arantv.az\/index.php?rest_route=\/wp\/v2\/users\/2"}],"replies":[{"embeddable":true,"href":"https:\/\/arantv.az\/index.php?rest_route=%2Fwp%2Fv2%2Fcomments&post=23067"}],"version-history":[{"count":0,"href":"https:\/\/arantv.az\/index.php?rest_route=\/wp\/v2\/posts\/23067\/revisions"}],"wp:featuredmedia":[{"embeddable":true,"href":"https:\/\/arantv.az\/index.php?rest_route=\/wp\/v2\/media\/23068"}],"wp:attachment":[{"href":"https:\/\/arantv.az\/index.php?rest_route=%2Fwp%2Fv2%2Fmedia&parent=23067"}],"wp:term":[{"taxonomy":"category","embeddable":true,"href":"https:\/\/arantv.az\/index.php?rest_route=%2Fwp%2Fv2%2Fcategories&post=23067"},{"taxonomy":"post_tag","embeddable":true,"href":"https:\/\/arantv.az\/index.php?rest_route=%2Fwp%2Fv2%2Ftags&post=23067"}],"curies":[{"name":"wp","href":"https:\/\/api.w.org\/{rel}","templated":true}]}}