{"id":23079,"date":"2018-11-13T13:56:50","date_gmt":"2018-11-13T10:56:50","guid":{"rendered":"http:\/\/arantv.az\/?p=23079"},"modified":"2018-11-13T13:56:50","modified_gmt":"2018-11-13T10:56:50","slug":"dayisi-t%c9%99r%c9%99fnd%c9%99n-zorlanan-azyasli-qizin-videosunu-yaydilar","status":"publish","type":"post","link":"https:\/\/arantv.az\/?p=23079","title":{"rendered":"Day\u0131s\u0131 t\u0259r\u0259fnd\u0259n zorlanan azya\u015fl\u0131 q\u0131z\u0131n \u2014 V\u0130DEOSUNU YAYDILAR"},"content":{"rendered":"<div class=\"spot\">Bir il \u00f6nc\u0259 h\u00fcquq-m\u00fchafiz\u0259 orqan\u0131 t\u0259r\u0259find\u0259n, xalas\u0131n\u0131n t\u0259kidi il\u0259 Az\u0259rbaycan U\u015faqlar\u0131 \u0130ctimai Birliyinin n\u0259zdind\u0259 f\u0259aliyy\u0259t g\u00f6st\u0259r\u0259n U\u015faq S\u0131\u011f\u0131naca\u011f\u0131- Reinteqrasiya M\u0259rk\u0259zin\u0259 yerl\u0259\u015fdirilmi\u015f v\u0259 reablitasiya zaman\u0131 8 il \u0259rzind\u0259 day\u0131s\u0131 t\u0259r\u0259find\u0259n cinsi zorak\u0131l\u0131\u011fa m\u0259ruz qalmas\u0131 a\u015fkarlanan azya\u015fl\u0131 q\u0131z\u0131n videosu yay\u0131l\u0131b.<\/div>\n<p><strong>ARANTV.AZ<\/strong> x\u0259b\u0259r verir ki, bu bar\u0259d\u0259 sosial \u015f\u0259b\u0259k\u0259d\u0259 Az\u0259rbaycan U\u015faqlar\u0131 \u0130ctimai Birliyinin s\u0259dri K\u0259mal\u0259 A\u011fazad\u0259 yaz\u0131b. Onun s\u00f6zl\u0259rin\u0259 g\u00f6r\u0259, azya\u015fl\u0131n\u0131n sosial \u015f\u0259b\u0259k\u0259l\u0259rd\u0259 \u00fcz g\u00f6r\u00fcnt\u00fcl\u0259rinin yay\u0131lmas\u0131 v\u0259\u00a0 h\u0259yat\u0131na t\u0259hl\u00fck\u0259 yaranmas\u0131, h\u0259m\u00e7inin bu i\u015fd\u0259 kiml\u0259rin hans\u0131 m\u0259qs\u0259dl\u0259rinin olmas\u0131 il\u0259 ba\u011fl\u0131 16 noyabr 2018 ci il saat 12:00 da Beyn\u0259lxalq M\u0259tbuat M\u0259rk\u0259zind\u0259 m\u0259tbuat konfrans\u0131 ke\u00e7iril\u0259c\u0259k.Birlik s\u0259dri bildirib ki,\u00a0 azya\u015fl\u0131ya qar\u015f\u0131 n\u00f6vb\u0259ti cinay\u0259ti kiml\u0259rin hans\u0131 m\u0259qs\u0259dl\u0259 edilm\u0259sini a\u00e7\u0131qlayacaq. B\u00fct\u00fcn media n\u00fcmay\u0259nd\u0259l\u0259ri d\u0259v\u0259tlidir!\u00f6lk\u0259.az<\/p>\n","protected":false},"excerpt":{"rendered":"<p>Bir il \u00f6nc\u0259 h\u00fcquq-m\u00fchafiz\u0259 orqan\u0131 t\u0259r\u0259find\u0259n, xalas\u0131n\u0131n t\u0259kidi il\u0259 Az\u0259rbaycan U\u015faqlar\u0131 \u0130ctimai Birliyinin n\u0259zdind\u0259 f\u0259aliyy\u0259t g\u00f6st\u0259r\u0259n U\u015faq S\u0131\u011f\u0131naca\u011f\u0131- Reinteqrasiya M\u0259rk\u0259zin\u0259 yerl\u0259\u015fdirilmi\u015f v\u0259 reablitasiya zaman\u0131 8 il \u0259rzind\u0259 day\u0131s\u0131 t\u0259r\u0259find\u0259n cinsi zorak\u0131l\u0131\u011fa m\u0259ruz qalmas\u0131 a\u015fkarlanan azya\u015fl\u0131 q\u0131z\u0131n videosu yay\u0131l\u0131b. ARANTV.AZ x\u0259b\u0259r verir ki, bu bar\u0259d\u0259 sosial \u015f\u0259b\u0259k\u0259d\u0259 Az\u0259rbaycan U\u015faqlar\u0131 \u0130ctimai Birliyinin s\u0259dri K\u0259mal\u0259 A\u011fazad\u0259 yaz\u0131b. Onun s\u00f6zl\u0259rin\u0259 g\u00f6r\u0259, azya\u015fl\u0131n\u0131n sosial \u015f\u0259b\u0259k\u0259l\u0259rd\u0259 \u00fcz g\u00f6r\u00fcnt\u00fcl\u0259rinin yay\u0131lmas\u0131 v\u0259\u00a0 h\u0259yat\u0131na t\u0259hl\u00fck\u0259 yaranmas\u0131, h\u0259m\u00e7inin bu i\u015fd\u0259 kiml\u0259rin hans\u0131 m\u0259qs\u0259dl\u0259rinin olmas\u0131 il\u0259 ba\u011fl\u0131 16 noyabr 2018 ci il saat 12:00 da Beyn\u0259lxalq M\u0259tbuat M\u0259rk\u0259zind\u0259 m\u0259tbuat konfrans\u0131 ke\u00e7iril\u0259c\u0259k.Birlik&hellip;<\/p>\n","protected":false},"author":2,"featured_media":23080,"comment_status":"closed","ping_status":"closed","sticky":false,"template":"","format":"standard","meta":{"om_disable_all_campaigns":false,"_monsterinsights_skip_tracking":false,"_monsterinsights_sitenote_active":false,"_monsterinsights_sitenote_note":"","_monsterinsights_sitenote_category":0},"categories":[1],"tags":[],"aioseo_notices":[],"gutentor_comment":0,"rttpg_featured_image_url":{"full":["https:\/\/arantv.az\/wp-content\/uploads\/2018\/11\/zorladid.jpg",760,506,false],"landscape":["https:\/\/arantv.az\/wp-content\/uploads\/2018\/11\/zorladid.jpg",760,506,false],"portraits":["https:\/\/arantv.az\/wp-content\/uploads\/2018\/11\/zorladid.jpg",760,506,false],"thumbnail":["https:\/\/arantv.az\/wp-content\/uploads\/2018\/11\/zorladid-150x150.jpg",150,150,true],"medium":["https:\/\/arantv.az\/wp-content\/uploads\/2018\/11\/zorladid-300x200.jpg",300,200,true],"large":["https:\/\/arantv.az\/wp-content\/uploads\/2018\/11\/zorladid.jpg",640,426,false],"1536x1536":["https:\/\/arantv.az\/wp-content\/uploads\/2018\/11\/zorladid.jpg",760,506,false],"2048x2048":["https:\/\/arantv.az\/wp-content\/uploads\/2018\/11\/zorladid.jpg",760,506,false],"post-thumbnail":["https:\/\/arantv.az\/wp-content\/uploads\/2018\/11\/zorladid-240x172.jpg",240,172,true],"advps-thumb-one":["https:\/\/arantv.az\/wp-content\/uploads\/2018\/11\/zorladid.jpg",760,506,false]},"rttpg_author":{"display_name":"V\u00fcsal Rafiqo\u011flu","author_link":"https:\/\/arantv.az\/?author=2"},"rttpg_comment":0,"rttpg_category":"<a href=\"https:\/\/arantv.az\/?cat=1\" rel=\"category\">C\u0259miyy\u0259t<\/a>","rttpg_excerpt":"Bir il \u00f6nc\u0259 h\u00fcquq-m\u00fchafiz\u0259 orqan\u0131 t\u0259r\u0259find\u0259n, xalas\u0131n\u0131n t\u0259kidi il\u0259 Az\u0259rbaycan U\u015faqlar\u0131 \u0130ctimai Birliyinin n\u0259zdind\u0259 f\u0259aliyy\u0259t g\u00f6st\u0259r\u0259n U\u015faq S\u0131\u011f\u0131naca\u011f\u0131- Reinteqrasiya M\u0259rk\u0259zin\u0259 yerl\u0259\u015fdirilmi\u015f v\u0259 reablitasiya zaman\u0131 8 il \u0259rzind\u0259 day\u0131s\u0131 t\u0259r\u0259find\u0259n cinsi zorak\u0131l\u0131\u011fa m\u0259ruz qalmas\u0131 a\u015fkarlanan azya\u015fl\u0131 q\u0131z\u0131n videosu yay\u0131l\u0131b. ARANTV.AZ x\u0259b\u0259r verir ki, bu bar\u0259d\u0259 sosial \u015f\u0259b\u0259k\u0259d\u0259 Az\u0259rbaycan U\u015faqlar\u0131 \u0130ctimai Birliyinin s\u0259dri K\u0259mal\u0259 A\u011fazad\u0259 yaz\u0131b. Onun&hellip;","_links":{"self":[{"href":"https:\/\/arantv.az\/index.php?rest_route=\/wp\/v2\/posts\/23079"}],"collection":[{"href":"https:\/\/arantv.az\/index.php?rest_route=\/wp\/v2\/posts"}],"about":[{"href":"https:\/\/arantv.az\/index.php?rest_route=\/wp\/v2\/types\/post"}],"author":[{"embeddable":true,"href":"https:\/\/arantv.az\/index.php?rest_route=\/wp\/v2\/users\/2"}],"replies":[{"embeddable":true,"href":"https:\/\/arantv.az\/index.php?rest_route=%2Fwp%2Fv2%2Fcomments&post=23079"}],"version-history":[{"count":0,"href":"https:\/\/arantv.az\/index.php?rest_route=\/wp\/v2\/posts\/23079\/revisions"}],"wp:featuredmedia":[{"embeddable":true,"href":"https:\/\/arantv.az\/index.php?rest_route=\/wp\/v2\/media\/23080"}],"wp:attachment":[{"href":"https:\/\/arantv.az\/index.php?rest_route=%2Fwp%2Fv2%2Fmedia&parent=23079"}],"wp:term":[{"taxonomy":"category","embeddable":true,"href":"https:\/\/arantv.az\/index.php?rest_route=%2Fwp%2Fv2%2Fcategories&post=23079"},{"taxonomy":"post_tag","embeddable":true,"href":"https:\/\/arantv.az\/index.php?rest_route=%2Fwp%2Fv2%2Ftags&post=23079"}],"curies":[{"name":"wp","href":"https:\/\/api.w.org\/{rel}","templated":true}]}}