{"id":230912,"date":"2020-10-26T16:28:48","date_gmt":"2020-10-26T13:28:48","guid":{"rendered":"http:\/\/arantv.az\/?p=230912"},"modified":"2020-10-26T16:28:48","modified_gmt":"2020-10-26T13:28:48","slug":"sergey-lavrov-turkiy%c9%99-il%c9%99-probleml%c9%99r%c9%99-yanasmamiz-h%c9%99r-m%c9%99s%c9%99l%c9%99d%c9%99-ust-ust%c9%99-dusmur","status":"publish","type":"post","link":"https:\/\/arantv.az\/?p=230912","title":{"rendered":"Sergey Lavrov: \u201cT\u00fcrkiy\u0259 il\u0259 probleml\u0259r\u0259 yana\u015fmam\u0131z h\u0259r m\u0259s\u0259l\u0259d\u0259 \u00fcst-\u00fcst\u0259 d\u00fc\u015fm\u00fcr\u201d"},"content":{"rendered":"<p>Rusiyan\u0131n Xarici \u0130\u015fl\u0259r naziri Sergey Lavrov d\u00fcnyadak\u0131 b\u00f6hran v\u0259ziyy\u0259tl\u0259rini h\u0259ll etm\u0259k \u00fc\u00e7\u00fcn T\u00fcrkiy\u0259 il\u0259 qar\u015f\u0131l\u0131ql\u0131 \u0259laq\u0259l\u0259rini davam etdir\u0259c\u0259yini s\u00f6yl\u0259yib.<\/p>\n<p>TASS agentliyi x\u0259b\u0259r verir ki, S.Lavrov bu bar\u0259d\u0259 Yunan\u0131standan olan h\u0259mkar\u0131 il\u0259 g\u00f6r\u00fc\u015fd\u0259n sonra ke\u00e7iril\u0259n m\u0259tbuat konfrans\u0131nda deyib.<\/p>\n<div id=\"AdviadNativeVideo0\" class=\"AdviadNativeVideo\"><\/div>\n<p>\u201cBizim T\u00fcrkiy\u0259 il\u0259 m\u00fcnasib\u0259tl\u0259rimiz yax\u015f\u0131d\u0131r, amma problemsiz d\u0259 deyil. Bizim bu v\u0259 ya dig\u0259r probleml\u0259r\u0259 yana\u015fmam\u0131z h\u0259r m\u0259s\u0259l\u0259d\u0259 \u00fcst-\u00fcst\u0259 d\u00fc\u015fm\u00fcr. Ancaq ortaq m\u0259xr\u0259cl\u0259r tapanda faydal\u0131 \u015f\u0259kild\u0259 g\u00fccl\u0259rimizi birl\u0259\u015fdiririk v\u0259 b\u00f6hran\u00a0\u015f\u0259raitinin nizama sal\u0131nmas\u0131na \u00e7al\u0131\u015f\u0131r\u0131q.<\/p>\n<p>Biz bu qar\u015f\u0131l\u0131ql\u0131 \u0259laq\u0259ni T\u00fcrkiy\u0259 il\u0259 davam etdir\u0259c\u0259yik\u201d, &#8211; dey\u0259 S.Lavrov fikrini tamamlay\u0131b.<\/p>\n","protected":false},"excerpt":{"rendered":"<p>Rusiyan\u0131n Xarici \u0130\u015fl\u0259r naziri Sergey Lavrov d\u00fcnyadak\u0131 b\u00f6hran v\u0259ziyy\u0259tl\u0259rini h\u0259ll etm\u0259k \u00fc\u00e7\u00fcn T\u00fcrkiy\u0259 il\u0259 qar\u015f\u0131l\u0131ql\u0131 \u0259laq\u0259l\u0259rini davam etdir\u0259c\u0259yini s\u00f6yl\u0259yib. TASS agentliyi x\u0259b\u0259r verir ki, S.Lavrov bu bar\u0259d\u0259 Yunan\u0131standan olan h\u0259mkar\u0131 il\u0259 g\u00f6r\u00fc\u015fd\u0259n sonra ke\u00e7iril\u0259n m\u0259tbuat konfrans\u0131nda deyib. \u201cBizim T\u00fcrkiy\u0259 il\u0259 m\u00fcnasib\u0259tl\u0259rimiz yax\u015f\u0131d\u0131r, amma problemsiz d\u0259 deyil. Bizim bu v\u0259 ya dig\u0259r probleml\u0259r\u0259 yana\u015fmam\u0131z h\u0259r m\u0259s\u0259l\u0259d\u0259 \u00fcst-\u00fcst\u0259 d\u00fc\u015fm\u00fcr. Ancaq ortaq m\u0259xr\u0259cl\u0259r tapanda faydal\u0131 \u015f\u0259kild\u0259 g\u00fccl\u0259rimizi birl\u0259\u015fdiririk v\u0259 b\u00f6hran\u00a0\u015f\u0259raitinin nizama sal\u0131nmas\u0131na \u00e7al\u0131\u015f\u0131r\u0131q. Biz bu qar\u015f\u0131l\u0131ql\u0131 \u0259laq\u0259ni T\u00fcrkiy\u0259 il\u0259 davam etdir\u0259c\u0259yik\u201d, &#8211; dey\u0259 S.Lavrov fikrini tamamlay\u0131b.<\/p>\n","protected":false},"author":2,"featured_media":230913,"comment_status":"closed","ping_status":"closed","sticky":false,"template":"","format":"standard","meta":{"om_disable_all_campaigns":false,"_monsterinsights_skip_tracking":false,"_monsterinsights_sitenote_active":false,"_monsterinsights_sitenote_note":"","_monsterinsights_sitenote_category":0},"categories":[4],"tags":[],"aioseo_notices":[],"gutentor_comment":0,"rttpg_featured_image_url":{"full":["https:\/\/arantv.az\/wp-content\/uploads\/2020\/10\/ministr-inostrannyh-del-rf-sergei-lavrov-vo-vremya-press-konferencii-s-glavoi-mid-b2m09m80-1602816541.jpg",620,349,false],"landscape":["https:\/\/arantv.az\/wp-content\/uploads\/2020\/10\/ministr-inostrannyh-del-rf-sergei-lavrov-vo-vremya-press-konferencii-s-glavoi-mid-b2m09m80-1602816541.jpg",620,349,false],"portraits":["https:\/\/arantv.az\/wp-content\/uploads\/2020\/10\/ministr-inostrannyh-del-rf-sergei-lavrov-vo-vremya-press-konferencii-s-glavoi-mid-b2m09m80-1602816541.jpg",620,349,false],"thumbnail":["https:\/\/arantv.az\/wp-content\/uploads\/2020\/10\/ministr-inostrannyh-del-rf-sergei-lavrov-vo-vremya-press-konferencii-s-glavoi-mid-b2m09m80-1602816541-150x150.jpg",150,150,true],"medium":["https:\/\/arantv.az\/wp-content\/uploads\/2020\/10\/ministr-inostrannyh-del-rf-sergei-lavrov-vo-vremya-press-konferencii-s-glavoi-mid-b2m09m80-1602816541-300x169.jpg",300,169,true],"large":["https:\/\/arantv.az\/wp-content\/uploads\/2020\/10\/ministr-inostrannyh-del-rf-sergei-lavrov-vo-vremya-press-konferencii-s-glavoi-mid-b2m09m80-1602816541.jpg",620,349,false],"1536x1536":["https:\/\/arantv.az\/wp-content\/uploads\/2020\/10\/ministr-inostrannyh-del-rf-sergei-lavrov-vo-vremya-press-konferencii-s-glavoi-mid-b2m09m80-1602816541.jpg",620,349,false],"2048x2048":["https:\/\/arantv.az\/wp-content\/uploads\/2020\/10\/ministr-inostrannyh-del-rf-sergei-lavrov-vo-vremya-press-konferencii-s-glavoi-mid-b2m09m80-1602816541.jpg",620,349,false],"post-thumbnail":["https:\/\/arantv.az\/wp-content\/uploads\/2020\/10\/ministr-inostrannyh-del-rf-sergei-lavrov-vo-vremya-press-konferencii-s-glavoi-mid-b2m09m80-1602816541-240x172.jpg",240,172,true],"advps-thumb-one":["https:\/\/arantv.az\/wp-content\/uploads\/2020\/10\/ministr-inostrannyh-del-rf-sergei-lavrov-vo-vremya-press-konferencii-s-glavoi-mid-b2m09m80-1602816541.jpg",620,349,false]},"rttpg_author":{"display_name":"V\u00fcsal Rafiqo\u011flu","author_link":"https:\/\/arantv.az\/?author=2"},"rttpg_comment":0,"rttpg_category":"<a href=\"https:\/\/arantv.az\/?cat=4\" rel=\"category\">Siyas\u0259t<\/a>","rttpg_excerpt":"Rusiyan\u0131n Xarici \u0130\u015fl\u0259r naziri Sergey Lavrov d\u00fcnyadak\u0131 b\u00f6hran v\u0259ziyy\u0259tl\u0259rini h\u0259ll etm\u0259k \u00fc\u00e7\u00fcn T\u00fcrkiy\u0259 il\u0259 qar\u015f\u0131l\u0131ql\u0131 \u0259laq\u0259l\u0259rini davam etdir\u0259c\u0259yini s\u00f6yl\u0259yib. TASS agentliyi x\u0259b\u0259r verir ki, S.Lavrov bu bar\u0259d\u0259 Yunan\u0131standan olan h\u0259mkar\u0131 il\u0259 g\u00f6r\u00fc\u015fd\u0259n sonra ke\u00e7iril\u0259n m\u0259tbuat konfrans\u0131nda deyib. \u201cBizim T\u00fcrkiy\u0259 il\u0259 m\u00fcnasib\u0259tl\u0259rimiz yax\u015f\u0131d\u0131r, amma problemsiz d\u0259 deyil. Bizim bu v\u0259 ya dig\u0259r probleml\u0259r\u0259 yana\u015fmam\u0131z h\u0259r m\u0259s\u0259l\u0259d\u0259&hellip;","_links":{"self":[{"href":"https:\/\/arantv.az\/index.php?rest_route=\/wp\/v2\/posts\/230912"}],"collection":[{"href":"https:\/\/arantv.az\/index.php?rest_route=\/wp\/v2\/posts"}],"about":[{"href":"https:\/\/arantv.az\/index.php?rest_route=\/wp\/v2\/types\/post"}],"author":[{"embeddable":true,"href":"https:\/\/arantv.az\/index.php?rest_route=\/wp\/v2\/users\/2"}],"replies":[{"embeddable":true,"href":"https:\/\/arantv.az\/index.php?rest_route=%2Fwp%2Fv2%2Fcomments&post=230912"}],"version-history":[{"count":0,"href":"https:\/\/arantv.az\/index.php?rest_route=\/wp\/v2\/posts\/230912\/revisions"}],"wp:featuredmedia":[{"embeddable":true,"href":"https:\/\/arantv.az\/index.php?rest_route=\/wp\/v2\/media\/230913"}],"wp:attachment":[{"href":"https:\/\/arantv.az\/index.php?rest_route=%2Fwp%2Fv2%2Fmedia&parent=230912"}],"wp:term":[{"taxonomy":"category","embeddable":true,"href":"https:\/\/arantv.az\/index.php?rest_route=%2Fwp%2Fv2%2Fcategories&post=230912"},{"taxonomy":"post_tag","embeddable":true,"href":"https:\/\/arantv.az\/index.php?rest_route=%2Fwp%2Fv2%2Ftags&post=230912"}],"curies":[{"name":"wp","href":"https:\/\/api.w.org\/{rel}","templated":true}]}}