{"id":23092,"date":"2018-11-13T15:09:27","date_gmt":"2018-11-13T12:09:27","guid":{"rendered":"http:\/\/arantv.az\/?p=23092"},"modified":"2018-11-13T15:09:27","modified_gmt":"2018-11-13T12:09:27","slug":"zulfiyy%c9%99-huseynova-idmana-qayidib-foto","status":"publish","type":"post","link":"https:\/\/arantv.az\/?p=23092","title":{"rendered":"Z\u00fclfiyy\u0259 H\u00fcseynova idmana qay\u0131d\u0131b &#8211; FOTO"},"content":{"rendered":"<p>Tan\u0131nm\u0131\u015f c\u00fcdo veteran\u0131m\u0131z\u00a0<strong>Z\u00fclfiyy\u0259 H\u00fcseynova<\/strong>\u00a0yenid\u0259n idmana qay\u0131d\u0131b.<\/p>\n<p><b>ARANTV.AZ\u00a0<\/b>x\u0259b\u0259r verir ki, 48 ya\u015fl\u0131 H\u00fcseynova noyabr\u0131n 16-da ba\u015flayacaq v\u0259 Portuqaliyan\u0131n Odivela\u015f \u015f\u0259h\u0259rind\u0259 ke\u00e7iril\u0259c\u0259k parac\u00fcdo \u00fczr\u0259 d\u00fcnya \u00e7empionat\u0131nda idman\u00e7\u0131 kimi i\u015ftirak ed\u0259 bil\u0259r.<\/p>\n<p>Bunu parac\u00fcdo \u00fczr\u0259 qad\u0131n millimizin ba\u015f m\u0259\u015fq\u00e7isi\u00a0<strong>Ramin \u0130brahimov<\/strong>un sosial \u015f\u0259b\u0259k\u0259d\u0259 payla\u015fd\u0131\u011f\u0131 videodan da g\u00f6rm\u0259k m\u00fcmk\u00fcnd\u00fcr. B\u00f6y\u00fck ehtimalla, D\u00f6vl\u0259t G\u00f6mr\u00fck Komit\u0259sinin Bak\u0131 Ba\u015f G\u00f6mr\u00fck \u0130dar\u0259sinin mayoru olan H\u00fcseynova orada g\u00f6rm\u0259 qabiliyy\u0259ti z\u0259if olan idman\u00e7\u0131lar aras\u0131nda yar\u0131\u015facaq. Lakin h\u0259r \u015feyd\u0259n \u0259vv\u0259l bu yar\u0131\u015flarda i\u015ftirak etm\u0259si \u00fc\u00e7\u00fcn onun\u00a0\u0259lillik d\u0259r\u0259c\u0259si beyn\u0259lxalq komissiya t\u0259r\u0259find\u0259n t\u0259sdiql\u0259nm\u0259lidir.<\/p>\n<div id=\"AdributorNativeVideo0\" class=\"AdributorNativeVideo\"><\/div>\n<p><img src=\"https:\/\/scontent.fgyd11-1.fna.fbcdn.net\/v\/t1.0-9\/46055162_1957130784379318_2500371763200786432_o.jpg?_nc_cat=100&amp;_nc_ht=scontent.fgyd11-1.fna&amp;oh=c23686be0155723dc169c653f4306f00&amp;oe=5C823369\" alt=\"Ramin \u00c4\u00b0brahimov adl\u00c4\u00b1 \u00c5\u009f\u00c9\u0099xsin \u00c5\u009f\u00c9\u0099kli.\" \/><\/p>\n<p>Qeyd ed\u0259k ki, Z\u00fclfiyy\u0259 H\u00fcseynova iki d\u0259f\u0259 c\u00fcdo\u00e7u\u00a0kimi Az\u0259rbaycan\u0131 1996 v\u0259 2000 Olimpiadalar\u0131nda t\u0259msil edib. Lakin onun ciddi u\u011furlar\u0131 sambo il\u0259 ba\u011fl\u0131d\u0131r. O, sambo \u00fczr\u0259 be\u015fqat d\u00fcnya v\u0259 ikiqat Avropa \u00e7empionudur. Bundan ba\u015fqa, H\u00fcseynova \u00f6t\u0259n il Xorvatiyan\u0131n paytaxt\u0131 Zaqrebd\u0259 ke\u00e7irilmi\u015f veteran c\u00fcdo\u00e7ular aras\u0131nda Avropa \u00e7empionat\u0131n\u0131n\u00a0qalibi olub.<\/p>\n<p>oxu.az<\/p>\n<p>&nbsp;<\/p>\n","protected":false},"excerpt":{"rendered":"<p>Tan\u0131nm\u0131\u015f c\u00fcdo veteran\u0131m\u0131z\u00a0Z\u00fclfiyy\u0259 H\u00fcseynova\u00a0yenid\u0259n idmana qay\u0131d\u0131b. ARANTV.AZ\u00a0x\u0259b\u0259r verir ki, 48 ya\u015fl\u0131 H\u00fcseynova noyabr\u0131n 16-da ba\u015flayacaq v\u0259 Portuqaliyan\u0131n Odivela\u015f \u015f\u0259h\u0259rind\u0259 ke\u00e7iril\u0259c\u0259k parac\u00fcdo \u00fczr\u0259 d\u00fcnya \u00e7empionat\u0131nda idman\u00e7\u0131 kimi i\u015ftirak ed\u0259 bil\u0259r. Bunu parac\u00fcdo \u00fczr\u0259 qad\u0131n millimizin ba\u015f m\u0259\u015fq\u00e7isi\u00a0Ramin \u0130brahimovun sosial \u015f\u0259b\u0259k\u0259d\u0259 payla\u015fd\u0131\u011f\u0131 videodan da g\u00f6rm\u0259k m\u00fcmk\u00fcnd\u00fcr. B\u00f6y\u00fck ehtimalla, D\u00f6vl\u0259t G\u00f6mr\u00fck Komit\u0259sinin Bak\u0131 Ba\u015f G\u00f6mr\u00fck \u0130dar\u0259sinin mayoru olan H\u00fcseynova orada g\u00f6rm\u0259 qabiliyy\u0259ti z\u0259if olan idman\u00e7\u0131lar aras\u0131nda yar\u0131\u015facaq. Lakin h\u0259r \u015feyd\u0259n \u0259vv\u0259l bu yar\u0131\u015flarda i\u015ftirak etm\u0259si \u00fc\u00e7\u00fcn onun\u00a0\u0259lillik d\u0259r\u0259c\u0259si beyn\u0259lxalq komissiya t\u0259r\u0259find\u0259n t\u0259sdiql\u0259nm\u0259lidir. Qeyd ed\u0259k ki, Z\u00fclfiyy\u0259 H\u00fcseynova iki d\u0259f\u0259 c\u00fcdo\u00e7u\u00a0kimi Az\u0259rbaycan\u0131 1996 v\u0259&hellip;<\/p>\n","protected":false},"author":2,"featured_media":23093,"comment_status":"closed","ping_status":"closed","sticky":false,"template":"","format":"standard","meta":{"om_disable_all_campaigns":false,"_monsterinsights_skip_tracking":false,"_monsterinsights_sitenote_active":false,"_monsterinsights_sitenote_note":"","_monsterinsights_sitenote_category":0},"categories":[6],"tags":[],"aioseo_notices":[],"gutentor_comment":0,"rttpg_featured_image_url":{"full":["https:\/\/arantv.az\/wp-content\/uploads\/2018\/11\/zulfiyye.jpg",581,465,false],"landscape":["https:\/\/arantv.az\/wp-content\/uploads\/2018\/11\/zulfiyye.jpg",581,465,false],"portraits":["https:\/\/arantv.az\/wp-content\/uploads\/2018\/11\/zulfiyye.jpg",581,465,false],"thumbnail":["https:\/\/arantv.az\/wp-content\/uploads\/2018\/11\/zulfiyye-150x150.jpg",150,150,true],"medium":["https:\/\/arantv.az\/wp-content\/uploads\/2018\/11\/zulfiyye-300x240.jpg",300,240,true],"large":["https:\/\/arantv.az\/wp-content\/uploads\/2018\/11\/zulfiyye.jpg",581,465,false],"1536x1536":["https:\/\/arantv.az\/wp-content\/uploads\/2018\/11\/zulfiyye.jpg",581,465,false],"2048x2048":["https:\/\/arantv.az\/wp-content\/uploads\/2018\/11\/zulfiyye.jpg",581,465,false],"post-thumbnail":["https:\/\/arantv.az\/wp-content\/uploads\/2018\/11\/zulfiyye-240x172.jpg",240,172,true],"advps-thumb-one":["https:\/\/arantv.az\/wp-content\/uploads\/2018\/11\/zulfiyye.jpg",581,465,false]},"rttpg_author":{"display_name":"V\u00fcsal Rafiqo\u011flu","author_link":"https:\/\/arantv.az\/?author=2"},"rttpg_comment":0,"rttpg_category":"<a href=\"https:\/\/arantv.az\/?cat=6\" rel=\"category\">\u0130dman<\/a>","rttpg_excerpt":"Tan\u0131nm\u0131\u015f c\u00fcdo veteran\u0131m\u0131z\u00a0Z\u00fclfiyy\u0259 H\u00fcseynova\u00a0yenid\u0259n idmana qay\u0131d\u0131b. ARANTV.AZ\u00a0x\u0259b\u0259r verir ki, 48 ya\u015fl\u0131 H\u00fcseynova noyabr\u0131n 16-da ba\u015flayacaq v\u0259 Portuqaliyan\u0131n Odivela\u015f \u015f\u0259h\u0259rind\u0259 ke\u00e7iril\u0259c\u0259k parac\u00fcdo \u00fczr\u0259 d\u00fcnya \u00e7empionat\u0131nda idman\u00e7\u0131 kimi i\u015ftirak ed\u0259 bil\u0259r. Bunu parac\u00fcdo \u00fczr\u0259 qad\u0131n millimizin ba\u015f m\u0259\u015fq\u00e7isi\u00a0Ramin \u0130brahimovun sosial \u015f\u0259b\u0259k\u0259d\u0259 payla\u015fd\u0131\u011f\u0131 videodan da g\u00f6rm\u0259k m\u00fcmk\u00fcnd\u00fcr. B\u00f6y\u00fck ehtimalla, D\u00f6vl\u0259t G\u00f6mr\u00fck Komit\u0259sinin Bak\u0131 Ba\u015f G\u00f6mr\u00fck \u0130dar\u0259sinin mayoru olan&hellip;","_links":{"self":[{"href":"https:\/\/arantv.az\/index.php?rest_route=\/wp\/v2\/posts\/23092"}],"collection":[{"href":"https:\/\/arantv.az\/index.php?rest_route=\/wp\/v2\/posts"}],"about":[{"href":"https:\/\/arantv.az\/index.php?rest_route=\/wp\/v2\/types\/post"}],"author":[{"embeddable":true,"href":"https:\/\/arantv.az\/index.php?rest_route=\/wp\/v2\/users\/2"}],"replies":[{"embeddable":true,"href":"https:\/\/arantv.az\/index.php?rest_route=%2Fwp%2Fv2%2Fcomments&post=23092"}],"version-history":[{"count":0,"href":"https:\/\/arantv.az\/index.php?rest_route=\/wp\/v2\/posts\/23092\/revisions"}],"wp:featuredmedia":[{"embeddable":true,"href":"https:\/\/arantv.az\/index.php?rest_route=\/wp\/v2\/media\/23093"}],"wp:attachment":[{"href":"https:\/\/arantv.az\/index.php?rest_route=%2Fwp%2Fv2%2Fmedia&parent=23092"}],"wp:term":[{"taxonomy":"category","embeddable":true,"href":"https:\/\/arantv.az\/index.php?rest_route=%2Fwp%2Fv2%2Fcategories&post=23092"},{"taxonomy":"post_tag","embeddable":true,"href":"https:\/\/arantv.az\/index.php?rest_route=%2Fwp%2Fv2%2Ftags&post=23092"}],"curies":[{"name":"wp","href":"https:\/\/api.w.org\/{rel}","templated":true}]}}