{"id":230923,"date":"2020-10-26T18:04:23","date_gmt":"2020-10-26T15:04:23","guid":{"rendered":"http:\/\/arantv.az\/?p=230923"},"modified":"2020-10-26T18:04:23","modified_gmt":"2020-10-26T15:04:23","slug":"pakistan-parlamentind%c9%99n-az%c9%99rbaycana-d%c9%99st%c9%99k-mesaji","status":"publish","type":"post","link":"https:\/\/arantv.az\/?p=230923","title":{"rendered":"Pakistan parlamentind\u0259n Az\u0259rbaycana d\u0259st\u0259k mesaj\u0131"},"content":{"rendered":"<p>Pakistan \u0130slam Respublikas\u0131 Milli Assambleyas\u0131n\u0131n S\u0259dri \u018fs\u0259d Qayser Erm\u0259nistan silahl\u0131 q\u00fcvv\u0259l\u0259ri t\u0259r\u0259find\u0259n at\u0259\u015fk\u0259s rejiminin m\u0259qs\u0259dli \u015f\u0259kild\u0259 pozulmas\u0131n\u0131 v\u0259 Az\u0259rbaycan\u0131n m\u00fclki \u015f\u0259xsl\u0259rinin at\u0259\u015f\u0259 tutulmas\u0131n\u0131 pisl\u0259yir.<\/p>\n<p>Bu bar\u0259d\u0259\u00a0Pakistan \u0130slam Respublikas\u0131 Milli Assambleyas\u0131n\u0131n S\u0259drinin\u00a0Az\u0259rbaycan Respublikas\u0131 Milli M\u0259clisin\u0259 \u00fcnvanlad\u0131\u011f\u0131 m\u0259ktubunda deyilir.<\/p>\n<p>M\u0259ktubda vur\u011fulan\u0131b ki, Erm\u0259nistan silahl\u0131 q\u00fcvv\u0259l\u0259rinin Az\u0259rbaycan\u0131n m\u00fclki \u015f\u0259xsl\u0259rini h\u0259d\u0259f\u0259 almas\u0131 ciddi narahatl\u0131q do\u011furur:<\/p>\n<p>\u201cBel\u0259 h\u0259r\u0259k\u0259tl\u0259r BMT Nizamnam\u0259sinin v\u0259 beyn\u0259lxalq humanitar h\u00fcququn pozulmas\u0131 fakt\u0131d\u0131r. Pakistan Erm\u0259nistan\u0131 d\u00f6vl\u0259t kimi tan\u0131m\u0131r v\u0259 Pakistan Xarici \u0130\u015fl\u0259r Nazirliyi Da\u011fl\u0131q Qaraba\u011f regionunda t\u0259hl\u00fck\u0259sizlik sah\u0259sind\u0259 v\u0259ziyy\u0259tin g\u0259rginl\u0259\u015fm\u0259si bar\u0259d\u0259 narahatl\u0131\u011f\u0131n\u0131 ifad\u0259 edib.<\/p>\n<p>Pakistan Milli Assambleyas\u0131n\u0131n S\u0259dri m\u0259ktubunda Erm\u0259nistan\u0131n qarda\u015f Az\u0259rbaycan xalq\u0131na qar\u015f\u0131 t\u0259cav\u00fcz\u00fcn\u00fc pisl\u0259yir v\u0259 bildirir ki, Erm\u0259nistan v\u0259ziyy\u0259tin daha da g\u0259rginl\u0259\u015fm\u0259m\u0259si \u00fc\u00e7\u00fcn h\u0259rbi \u0259m\u0259liyyatlar\u0131 dayand\u0131rmal\u0131d\u0131r.<\/p>\n<p>Pakistan\u0131n Parlamenti, H\u00f6kum\u0259ti v\u0259 xalq\u0131 qarda\u015f Az\u0259rbaycan xalq\u0131n\u0131n \u00f6z\u00fcn\u00fcm\u00fcdafi\u0259 h\u00fcququnu d\u0259st\u0259kl\u0259yir. Pakistan Da\u011fl\u0131q Qaraba\u011f m\u00fcnaqi\u015f\u0259sinin h\u0259llind\u0259 Az\u0259rbaycan\u0131n BMT-nin T\u0259hl\u00fck\u0259sizlik \u015euras\u0131n\u0131n q\u0259tnam\u0259l\u0259rin\u0259 \u0259saslanan m\u00f6vqeyind\u0259 bundan sonra da onun yan\u0131ndad\u0131r\u201d.<\/p>\n","protected":false},"excerpt":{"rendered":"<p>Pakistan \u0130slam Respublikas\u0131 Milli Assambleyas\u0131n\u0131n S\u0259dri \u018fs\u0259d Qayser Erm\u0259nistan silahl\u0131 q\u00fcvv\u0259l\u0259ri t\u0259r\u0259find\u0259n at\u0259\u015fk\u0259s rejiminin m\u0259qs\u0259dli \u015f\u0259kild\u0259 pozulmas\u0131n\u0131 v\u0259 Az\u0259rbaycan\u0131n m\u00fclki \u015f\u0259xsl\u0259rinin at\u0259\u015f\u0259 tutulmas\u0131n\u0131 pisl\u0259yir. Bu bar\u0259d\u0259\u00a0Pakistan \u0130slam Respublikas\u0131 Milli Assambleyas\u0131n\u0131n S\u0259drinin\u00a0Az\u0259rbaycan Respublikas\u0131 Milli M\u0259clisin\u0259 \u00fcnvanlad\u0131\u011f\u0131 m\u0259ktubunda deyilir. M\u0259ktubda vur\u011fulan\u0131b ki, Erm\u0259nistan silahl\u0131 q\u00fcvv\u0259l\u0259rinin Az\u0259rbaycan\u0131n m\u00fclki \u015f\u0259xsl\u0259rini h\u0259d\u0259f\u0259 almas\u0131 ciddi narahatl\u0131q do\u011furur: \u201cBel\u0259 h\u0259r\u0259k\u0259tl\u0259r BMT Nizamnam\u0259sinin v\u0259 beyn\u0259lxalq humanitar h\u00fcququn pozulmas\u0131 fakt\u0131d\u0131r. Pakistan Erm\u0259nistan\u0131 d\u00f6vl\u0259t kimi tan\u0131m\u0131r v\u0259 Pakistan Xarici \u0130\u015fl\u0259r Nazirliyi Da\u011fl\u0131q Qaraba\u011f regionunda t\u0259hl\u00fck\u0259sizlik sah\u0259sind\u0259 v\u0259ziyy\u0259tin g\u0259rginl\u0259\u015fm\u0259si bar\u0259d\u0259 narahatl\u0131\u011f\u0131n\u0131 ifad\u0259 edib. Pakistan Milli Assambleyas\u0131n\u0131n S\u0259dri m\u0259ktubunda Erm\u0259nistan\u0131n qarda\u015f Az\u0259rbaycan&hellip;<\/p>\n","protected":false},"author":2,"featured_media":230924,"comment_status":"closed","ping_status":"closed","sticky":false,"template":"","format":"standard","meta":{"om_disable_all_campaigns":false,"_monsterinsights_skip_tracking":false,"_monsterinsights_sitenote_active":false,"_monsterinsights_sitenote_note":"","_monsterinsights_sitenote_category":0},"categories":[7],"tags":[],"aioseo_notices":[],"gutentor_comment":0,"rttpg_featured_image_url":{"full":["https:\/\/arantv.az\/wp-content\/uploads\/2020\/10\/795e1dc18a9be3e.jpg",620,349,false],"landscape":["https:\/\/arantv.az\/wp-content\/uploads\/2020\/10\/795e1dc18a9be3e.jpg",620,349,false],"portraits":["https:\/\/arantv.az\/wp-content\/uploads\/2020\/10\/795e1dc18a9be3e.jpg",620,349,false],"thumbnail":["https:\/\/arantv.az\/wp-content\/uploads\/2020\/10\/795e1dc18a9be3e-150x150.jpg",150,150,true],"medium":["https:\/\/arantv.az\/wp-content\/uploads\/2020\/10\/795e1dc18a9be3e-300x169.jpg",300,169,true],"large":["https:\/\/arantv.az\/wp-content\/uploads\/2020\/10\/795e1dc18a9be3e.jpg",620,349,false],"1536x1536":["https:\/\/arantv.az\/wp-content\/uploads\/2020\/10\/795e1dc18a9be3e.jpg",620,349,false],"2048x2048":["https:\/\/arantv.az\/wp-content\/uploads\/2020\/10\/795e1dc18a9be3e.jpg",620,349,false],"post-thumbnail":["https:\/\/arantv.az\/wp-content\/uploads\/2020\/10\/795e1dc18a9be3e-240x172.jpg",240,172,true],"advps-thumb-one":["https:\/\/arantv.az\/wp-content\/uploads\/2020\/10\/795e1dc18a9be3e.jpg",620,349,false]},"rttpg_author":{"display_name":"V\u00fcsal Rafiqo\u011flu","author_link":"https:\/\/arantv.az\/?author=2"},"rttpg_comment":0,"rttpg_category":"<a href=\"https:\/\/arantv.az\/?cat=7\" rel=\"category\">D\u00fcnya<\/a>","rttpg_excerpt":"Pakistan \u0130slam Respublikas\u0131 Milli Assambleyas\u0131n\u0131n S\u0259dri \u018fs\u0259d Qayser Erm\u0259nistan silahl\u0131 q\u00fcvv\u0259l\u0259ri t\u0259r\u0259find\u0259n at\u0259\u015fk\u0259s rejiminin m\u0259qs\u0259dli \u015f\u0259kild\u0259 pozulmas\u0131n\u0131 v\u0259 Az\u0259rbaycan\u0131n m\u00fclki \u015f\u0259xsl\u0259rinin at\u0259\u015f\u0259 tutulmas\u0131n\u0131 pisl\u0259yir. Bu bar\u0259d\u0259\u00a0Pakistan \u0130slam Respublikas\u0131 Milli Assambleyas\u0131n\u0131n S\u0259drinin\u00a0Az\u0259rbaycan Respublikas\u0131 Milli M\u0259clisin\u0259 \u00fcnvanlad\u0131\u011f\u0131 m\u0259ktubunda deyilir. M\u0259ktubda vur\u011fulan\u0131b ki, Erm\u0259nistan silahl\u0131 q\u00fcvv\u0259l\u0259rinin Az\u0259rbaycan\u0131n m\u00fclki \u015f\u0259xsl\u0259rini h\u0259d\u0259f\u0259 almas\u0131 ciddi narahatl\u0131q do\u011furur: \u201cBel\u0259 h\u0259r\u0259k\u0259tl\u0259r BMT Nizamnam\u0259sinin&hellip;","_links":{"self":[{"href":"https:\/\/arantv.az\/index.php?rest_route=\/wp\/v2\/posts\/230923"}],"collection":[{"href":"https:\/\/arantv.az\/index.php?rest_route=\/wp\/v2\/posts"}],"about":[{"href":"https:\/\/arantv.az\/index.php?rest_route=\/wp\/v2\/types\/post"}],"author":[{"embeddable":true,"href":"https:\/\/arantv.az\/index.php?rest_route=\/wp\/v2\/users\/2"}],"replies":[{"embeddable":true,"href":"https:\/\/arantv.az\/index.php?rest_route=%2Fwp%2Fv2%2Fcomments&post=230923"}],"version-history":[{"count":0,"href":"https:\/\/arantv.az\/index.php?rest_route=\/wp\/v2\/posts\/230923\/revisions"}],"wp:featuredmedia":[{"embeddable":true,"href":"https:\/\/arantv.az\/index.php?rest_route=\/wp\/v2\/media\/230924"}],"wp:attachment":[{"href":"https:\/\/arantv.az\/index.php?rest_route=%2Fwp%2Fv2%2Fmedia&parent=230923"}],"wp:term":[{"taxonomy":"category","embeddable":true,"href":"https:\/\/arantv.az\/index.php?rest_route=%2Fwp%2Fv2%2Fcategories&post=230923"},{"taxonomy":"post_tag","embeddable":true,"href":"https:\/\/arantv.az\/index.php?rest_route=%2Fwp%2Fv2%2Ftags&post=230923"}],"curies":[{"name":"wp","href":"https:\/\/api.w.org\/{rel}","templated":true}]}}