{"id":230931,"date":"2020-10-26T18:06:39","date_gmt":"2020-10-26T15:06:39","guid":{"rendered":"http:\/\/arantv.az\/?p=230931"},"modified":"2020-10-26T18:06:39","modified_gmt":"2020-10-26T15:06:39","slug":"az%c9%99rbaycan-v%c9%99-latviya-xin-l%c9%99ri-arasinda-siyasi-m%c9%99sl%c9%99h%c9%99tl%c9%99sm%c9%99l%c9%99r-kecirilib","status":"publish","type":"post","link":"https:\/\/arantv.az\/?p=230931","title":{"rendered":"Az\u0259rbaycan v\u0259 Latviya X\u0130N-l\u0259ri aras\u0131nda siyasi m\u0259sl\u0259h\u0259tl\u0259\u015fm\u0259l\u0259r ke\u00e7irilib"},"content":{"rendered":"<p>Bu g\u00fcn Az\u0259rbaycan Xarici \u0130\u015fl\u0259r Nazirliyi v\u0259 Latviya Xarici \u0130\u015fl\u0259r Nazirliyi aras\u0131nda videokonfrans format\u0131nda siyasi m\u0259sl\u0259h\u0259tl\u0259\u015fm\u0259l\u0259r ke\u00e7irilib.<\/p>\n<p>X\u0130N-d\u0259n veril\u0259n m\u0259lumata g\u00f6r\u0259, n\u00fcmay\u0259nd\u0259 hey\u0259tl\u0259rin\u0259 Az\u0259rbaycan t\u0259r\u0259find\u0259n Xarici \u0130\u015fl\u0259r nazirinin m\u00fcavini\u00a0X\u0259l\u0259f X\u0259l\u0259fov, Latviya t\u0259r\u0259find\u0259n is\u0259 bu \u00f6lk\u0259nin Xarici \u0130\u015fl\u0259r Nazirliyinin d\u00f6vl\u0259t katibinin m\u00fcavini, siyasi direktoru\u00a0Yani\u015f Mazeiks\u00a0r\u0259hb\u0259rlik edibl\u0259r.<\/p>\n<p>M\u0259sl\u0259h\u0259tl\u0259\u015fm\u0259l\u0259r zaman\u0131 iki \u00f6lk\u0259 aras\u0131nda \u0259laq\u0259l\u0259rin haz\u0131rk\u0131 v\u0259ziyy\u0259ti t\u0259hlil olundu v\u0259 \u0259m\u0259kda\u015fl\u0131q perspektivl\u0259ri bar\u0259d\u0259 fikir m\u00fcbadil\u0259si apar\u0131l\u0131b. T\u0259r\u0259fl\u0259r Az\u0259rbaycan v\u0259 Latviya aras\u0131nda siyasi dialoqun y\u00fcks\u0259k s\u0259viyy\u0259d\u0259 oldu\u011fundan m\u0259mnunluq ifad\u0259 edib. Bu x\u00fcsusda, Az\u0259rbaycan v\u0259 Latviya aras\u0131nda 2017-ci ild\u0259 imzalanm\u0131\u015f Strateji T\u0259r\u0259fda\u015fl\u0131\u011f\u0131n Yarad\u0131lmas\u0131 haqq\u0131nda B\u0259yannam\u0259 x\u00fcsusi \u0259h\u0259miyy\u0259t k\u0259sb ed\u0259n hadis\u0259 kimi d\u0259y\u0259rl\u0259ndirilib.<\/p>\n<p>\u0130kit\u0259r\u0259fli iqtisadi \u0259m\u0259kda\u015fl\u0131\u011f\u0131n geni\u015f potensiala malik oldu\u011fu qeyd edilib v\u0259 ikit\u0259r\u0259fli iqtisadi-ticari, elmi-texniki v\u0259 m\u0259d\u0259ni sah\u0259l\u0259rd\u0259 \u0259laq\u0259l\u0259rin t\u0259\u015fviqin\u0259 dair m\u0259s\u0259l\u0259l\u0259rin m\u00fczakir\u0259si v\u0259 h\u0259lli m\u0259qs\u0259dil\u0259 H\u00f6kum\u0259tl\u0259raras\u0131 Komissiyan\u0131n n\u00f6vb\u0259ti 8-ci iclas\u0131n\u0131n 2021-ci ild\u0259 ke\u00e7irilm\u0259sinin m\u00fcmk\u00fcn olaca\u011f\u0131na \u00fcmid ifad\u0259 edilib.<\/p>\n<p>H\u0259m\u00e7inin m\u0259d\u0259niyy\u0259t, elm v\u0259 t\u0259hsil sah\u0259l\u0259rind\u0259 \u0259laq\u0259l\u0259r m\u00fczakir\u0259 edildi, bu x\u00fcsusda h\u0259r il Az\u0259rbaycandan \u00e7ox sayda g\u0259ncl\u0259rin Latviya universitetl\u0259rind\u0259 t\u0259hsil almas\u0131ndan m\u0259mnunluq bildirilib.<\/p>\n<p>G\u00f6r\u00fc\u015fd\u0259 Erm\u0259nistan-Az\u0259rbaycan Da\u011fl\u0131q Qaraba\u011f m\u00fcnaqi\u015f\u0259si m\u00f6vzusu \u0259traf\u0131nda fikir m\u00fcbadil\u0259si apar\u0131l\u0131b. M\u00fcnaqi\u015f\u0259nin s\u00fclh yolu il\u0259 h\u0259lli \u00fc\u00e7\u00fcn m\u00fcvafiq BMT T\u0259hl\u00fck\u0259sizlik \u015euras\u0131n\u0131n q\u0259tnam\u0259l\u0259rinin yerin\u0259 yetirilm\u0259sin\u0259 diqq\u0259t \u00e7\u0259kilib. X.X\u0259l\u0259fov Latviyan\u0131n Az\u0259rbaycan\u0131n \u0259razi b\u00fct\u00f6vl\u00fcy\u00fc v\u0259 suverenliyini d\u0259st\u0259kl\u0259diyin\u0259 g\u00f6r\u0259 Latviya t\u0259r\u0259fin\u0259 t\u0259\u015f\u0259kk\u00fcr\u00fcn\u00fc bildirib.<\/p>\n<p>Nazir m\u00fcavini Latviya t\u0259r\u0259fin\u0259 Erm\u0259nistan\u0131n Az\u0259rbaycana qar\u015f\u0131 t\u0259cav\u00fczkar siyas\u0259ti, o c\u00fcml\u0259d\u0259n cari ilin 12-16 iyul tarixl\u0259rind\u0259 Az\u0259rbaycan\u2013Erm\u0259nistan d\u00f6vl\u0259t s\u0259rh\u0259dind\u0259 h\u0259yata ke\u00e7irdiyi h\u0259rbi t\u0259xribat\u0131 v\u0259 27 sentyabrda Az\u0259rbaycana qar\u015f\u0131 n\u00f6vb\u0259ti t\u0259cav\u00fcz akt\u0131 bar\u0259d\u0259 m\u0259lumat verib. X.X\u0259l\u0259fov Erm\u0259nistan silahl\u0131 q\u00fcvv\u0259l\u0259rinin humanitar at\u0259\u015fk\u0259si pozmaqda davam etm\u0259si, m\u00fcnaqi\u015f\u0259 zonas\u0131ndan uzaqda yerl\u0259\u015f\u0259n Az\u0259rbaycan \u015f\u0259h\u0259rl\u0259rinin, dinc \u0259halinin, m\u00fclki infrastrukturlar\u0131n m\u0259qs\u0259dy\u00f6nl\u00fc \u015f\u0259kild\u0259 etdiyi raket at\u0259\u015fin\u0259 tutmas\u0131, 27 sentyabrdan ba\u015flayaraq Az\u0259rbaycana qar\u015f\u0131 yeni t\u0259cav\u00fcz\u00fc n\u0259tic\u0259sind\u0259 65 m\u00fclki \u015f\u0259xsin h\u0259yat\u0131n\u0131 itirdiyi v\u0259 300-\u0259 yax\u0131n m\u00fclki \u015f\u0259xsin yaraland\u0131\u011f\u0131n\u0131 h\u0259ms\u00f6hb\u0259tinin diqq\u0259tin\u0259 \u00e7atd\u0131r\u0131b.<\/p>\n<p>Nazir m\u00fcavini qeyd edib ki, Az\u0259rbaycan \u00f6z\u00fcn\u00fcm\u00fcdafi\u0259 h\u00fcququna \u0259saslanaraq beyn\u0259lxalq tan\u0131nm\u0131\u015f s\u0259rh\u0259dl\u0259ri \u00e7\u0259r\u00e7iv\u0259sind\u0259 Erm\u0259nistan t\u0259r\u0259find\u0259n i\u015f\u011fal edilmi\u015f \u0259razil\u0259rinin azad olunmas\u0131 \u00fc\u00e7\u00fcn h\u0259rbi-siyasi t\u0259dbirl\u0259ri davam etdirir. Erm\u0259nistan i\u015f\u011fal\u00e7\u0131 q\u00fcvv\u0259l\u0259rinin Az\u0259rbaycan \u0259razil\u0259rind\u0259 Az\u0259rbaycan silahl\u0131 q\u00fcvv\u0259l\u0259rin\u0259 qar\u015f\u0131 m\u00fcharib\u0259 aparmas\u0131na g\u00f6r\u0259 m\u0259suliyy\u0259t b\u00fct\u00f6vl\u00fckd\u0259 Erm\u0259nistan h\u0259rbi-siyasi r\u0259hb\u0259rliyinin \u00fcz\u0259rin\u0259 d\u00fc\u015f\u00fcr. Erm\u0259nistan silahl\u0131 q\u00fcvv\u0259l\u0259ri Az\u0259rbaycan \u0259razil\u0259rini tam t\u0259rk etm\u0259y\u0259n\u0259d\u0259k b\u00f6lg\u0259d\u0259 dayan\u0131ql\u0131 s\u00fclh t\u0259min oluna bilm\u0259z.<\/p>\n<p>T\u0259r\u0259fl\u0259r h\u0259m\u00e7inin qar\u015f\u0131l\u0131ql\u0131 maraq do\u011furan dig\u0259r regional v\u0259 beyn\u0259lxalq m\u0259s\u0259l\u0259l\u0259r \u0259traf\u0131nda fikir m\u00fcbadil\u0259si apar\u0131b.<\/p>\n","protected":false},"excerpt":{"rendered":"<p>Bu g\u00fcn Az\u0259rbaycan Xarici \u0130\u015fl\u0259r Nazirliyi v\u0259 Latviya Xarici \u0130\u015fl\u0259r Nazirliyi aras\u0131nda videokonfrans format\u0131nda siyasi m\u0259sl\u0259h\u0259tl\u0259\u015fm\u0259l\u0259r ke\u00e7irilib. X\u0130N-d\u0259n veril\u0259n m\u0259lumata g\u00f6r\u0259, n\u00fcmay\u0259nd\u0259 hey\u0259tl\u0259rin\u0259 Az\u0259rbaycan t\u0259r\u0259find\u0259n Xarici \u0130\u015fl\u0259r nazirinin m\u00fcavini\u00a0X\u0259l\u0259f X\u0259l\u0259fov, Latviya t\u0259r\u0259find\u0259n is\u0259 bu \u00f6lk\u0259nin Xarici \u0130\u015fl\u0259r Nazirliyinin d\u00f6vl\u0259t katibinin m\u00fcavini, siyasi direktoru\u00a0Yani\u015f Mazeiks\u00a0r\u0259hb\u0259rlik edibl\u0259r. M\u0259sl\u0259h\u0259tl\u0259\u015fm\u0259l\u0259r zaman\u0131 iki \u00f6lk\u0259 aras\u0131nda \u0259laq\u0259l\u0259rin haz\u0131rk\u0131 v\u0259ziyy\u0259ti t\u0259hlil olundu v\u0259 \u0259m\u0259kda\u015fl\u0131q perspektivl\u0259ri bar\u0259d\u0259 fikir m\u00fcbadil\u0259si apar\u0131l\u0131b. T\u0259r\u0259fl\u0259r Az\u0259rbaycan v\u0259 Latviya aras\u0131nda siyasi dialoqun y\u00fcks\u0259k s\u0259viyy\u0259d\u0259 oldu\u011fundan m\u0259mnunluq ifad\u0259 edib. Bu x\u00fcsusda, Az\u0259rbaycan v\u0259 Latviya aras\u0131nda 2017-ci ild\u0259 imzalanm\u0131\u015f Strateji T\u0259r\u0259fda\u015fl\u0131\u011f\u0131n Yarad\u0131lmas\u0131 haqq\u0131nda B\u0259yannam\u0259 x\u00fcsusi&hellip;<\/p>\n","protected":false},"author":2,"featured_media":230932,"comment_status":"closed","ping_status":"closed","sticky":false,"template":"","format":"standard","meta":{"om_disable_all_campaigns":false,"_monsterinsights_skip_tracking":false,"_monsterinsights_sitenote_active":false,"_monsterinsights_sitenote_note":"","_monsterinsights_sitenote_category":0},"categories":[4],"tags":[],"aioseo_notices":[],"gutentor_comment":0,"rttpg_featured_image_url":{"full":["https:\/\/arantv.az\/wp-content\/uploads\/2020\/10\/c05059e7281c64bee4067f6d9783d6a4.jpg",620,397,false],"landscape":["https:\/\/arantv.az\/wp-content\/uploads\/2020\/10\/c05059e7281c64bee4067f6d9783d6a4.jpg",620,397,false],"portraits":["https:\/\/arantv.az\/wp-content\/uploads\/2020\/10\/c05059e7281c64bee4067f6d9783d6a4.jpg",620,397,false],"thumbnail":["https:\/\/arantv.az\/wp-content\/uploads\/2020\/10\/c05059e7281c64bee4067f6d9783d6a4-150x150.jpg",150,150,true],"medium":["https:\/\/arantv.az\/wp-content\/uploads\/2020\/10\/c05059e7281c64bee4067f6d9783d6a4-300x192.jpg",300,192,true],"large":["https:\/\/arantv.az\/wp-content\/uploads\/2020\/10\/c05059e7281c64bee4067f6d9783d6a4.jpg",620,397,false],"1536x1536":["https:\/\/arantv.az\/wp-content\/uploads\/2020\/10\/c05059e7281c64bee4067f6d9783d6a4.jpg",620,397,false],"2048x2048":["https:\/\/arantv.az\/wp-content\/uploads\/2020\/10\/c05059e7281c64bee4067f6d9783d6a4.jpg",620,397,false],"post-thumbnail":["https:\/\/arantv.az\/wp-content\/uploads\/2020\/10\/c05059e7281c64bee4067f6d9783d6a4-240x172.jpg",240,172,true],"advps-thumb-one":["https:\/\/arantv.az\/wp-content\/uploads\/2020\/10\/c05059e7281c64bee4067f6d9783d6a4.jpg",620,397,false]},"rttpg_author":{"display_name":"V\u00fcsal Rafiqo\u011flu","author_link":"https:\/\/arantv.az\/?author=2"},"rttpg_comment":0,"rttpg_category":"<a href=\"https:\/\/arantv.az\/?cat=4\" rel=\"category\">Siyas\u0259t<\/a>","rttpg_excerpt":"Bu g\u00fcn Az\u0259rbaycan Xarici \u0130\u015fl\u0259r Nazirliyi v\u0259 Latviya Xarici \u0130\u015fl\u0259r Nazirliyi aras\u0131nda videokonfrans format\u0131nda siyasi m\u0259sl\u0259h\u0259tl\u0259\u015fm\u0259l\u0259r ke\u00e7irilib. X\u0130N-d\u0259n veril\u0259n m\u0259lumata g\u00f6r\u0259, n\u00fcmay\u0259nd\u0259 hey\u0259tl\u0259rin\u0259 Az\u0259rbaycan t\u0259r\u0259find\u0259n Xarici \u0130\u015fl\u0259r nazirinin m\u00fcavini\u00a0X\u0259l\u0259f X\u0259l\u0259fov, Latviya t\u0259r\u0259find\u0259n is\u0259 bu \u00f6lk\u0259nin Xarici \u0130\u015fl\u0259r Nazirliyinin d\u00f6vl\u0259t katibinin m\u00fcavini, siyasi direktoru\u00a0Yani\u015f Mazeiks\u00a0r\u0259hb\u0259rlik edibl\u0259r. M\u0259sl\u0259h\u0259tl\u0259\u015fm\u0259l\u0259r zaman\u0131 iki \u00f6lk\u0259 aras\u0131nda \u0259laq\u0259l\u0259rin haz\u0131rk\u0131 v\u0259ziyy\u0259ti t\u0259hlil olundu&hellip;","_links":{"self":[{"href":"https:\/\/arantv.az\/index.php?rest_route=\/wp\/v2\/posts\/230931"}],"collection":[{"href":"https:\/\/arantv.az\/index.php?rest_route=\/wp\/v2\/posts"}],"about":[{"href":"https:\/\/arantv.az\/index.php?rest_route=\/wp\/v2\/types\/post"}],"author":[{"embeddable":true,"href":"https:\/\/arantv.az\/index.php?rest_route=\/wp\/v2\/users\/2"}],"replies":[{"embeddable":true,"href":"https:\/\/arantv.az\/index.php?rest_route=%2Fwp%2Fv2%2Fcomments&post=230931"}],"version-history":[{"count":0,"href":"https:\/\/arantv.az\/index.php?rest_route=\/wp\/v2\/posts\/230931\/revisions"}],"wp:featuredmedia":[{"embeddable":true,"href":"https:\/\/arantv.az\/index.php?rest_route=\/wp\/v2\/media\/230932"}],"wp:attachment":[{"href":"https:\/\/arantv.az\/index.php?rest_route=%2Fwp%2Fv2%2Fmedia&parent=230931"}],"wp:term":[{"taxonomy":"category","embeddable":true,"href":"https:\/\/arantv.az\/index.php?rest_route=%2Fwp%2Fv2%2Fcategories&post=230931"},{"taxonomy":"post_tag","embeddable":true,"href":"https:\/\/arantv.az\/index.php?rest_route=%2Fwp%2Fv2%2Ftags&post=230931"}],"curies":[{"name":"wp","href":"https:\/\/api.w.org\/{rel}","templated":true}]}}