{"id":230943,"date":"2020-10-26T18:13:20","date_gmt":"2020-10-26T15:13:20","guid":{"rendered":"http:\/\/arantv.az\/?p=230943"},"modified":"2020-10-26T18:13:20","modified_gmt":"2020-10-26T15:13:20","slug":"bu-gun-az%c9%99rbaycanin-yasayis-m%c9%99nt%c9%99q%c9%99l%c9%99rin%c9%99-200-d%c9%99n-artiq-m%c9%99rmi-atilib-hikm%c9%99t-haciyev","status":"publish","type":"post","link":"https:\/\/arantv.az\/?p=230943","title":{"rendered":"Bu g\u00fcn Az\u0259rbaycan\u0131n ya\u015fay\u0131\u015f m\u0259nt\u0259q\u0259l\u0259rin\u0259 200-d\u0259n art\u0131q m\u0259rmi at\u0131l\u0131b &#8211; Hikm\u0259t Hac\u0131yev"},"content":{"rendered":"<p><strong>Bu g\u00fcn \u0259rzind\u0259 T\u0259rt\u0259r daxil olmaqla Az\u0259rbaycan\u0131n ya\u015fay\u0131\u015f m\u0259nt\u0259q\u0259l\u0259rin\u0259 200-d\u0259n art\u0131q m\u0259rmi at\u0131lm\u0131\u015fd\u0131r.<\/strong><\/p>\n<p><strong>ARANTV.AZ<\/strong> bildirir ki,\u00a0bunu Az\u0259rbaycan Prezidentinin k\u00f6m\u0259k\u00e7isi &#8211; Prezident Administrasiyas\u0131n\u0131n Xarici siyas\u0259t m\u0259s\u0259l\u0259l\u0259ri \u015f\u00f6b\u0259sinin m\u00fcdiri Hikm\u0259t Hac\u0131yev &#8220;Twitter&#8221; hesab\u0131nda yaz\u0131b.<\/p>\n<p>O bildirib ki, Erm\u0259nistan silahl\u0131 q\u00fcvv\u0259ll\u0259ri humanitar at\u0259\u015fk\u0259si kobud \u015f\u0259kild\u0259 pozaraq T\u0259rt\u0259r rayonunu intensiv at\u0259\u015f\u0259 tuturlar. Artilleriya v\u0259 raketl\u0259rd\u0259n istifad\u0259 olunur.<\/p>\n<p>Milli.Az<\/p>\n","protected":false},"excerpt":{"rendered":"<p>Bu g\u00fcn \u0259rzind\u0259 T\u0259rt\u0259r daxil olmaqla Az\u0259rbaycan\u0131n ya\u015fay\u0131\u015f m\u0259nt\u0259q\u0259l\u0259rin\u0259 200-d\u0259n art\u0131q m\u0259rmi at\u0131lm\u0131\u015fd\u0131r. ARANTV.AZ bildirir ki,\u00a0bunu Az\u0259rbaycan Prezidentinin k\u00f6m\u0259k\u00e7isi &#8211; Prezident Administrasiyas\u0131n\u0131n Xarici siyas\u0259t m\u0259s\u0259l\u0259l\u0259ri \u015f\u00f6b\u0259sinin m\u00fcdiri Hikm\u0259t Hac\u0131yev &#8220;Twitter&#8221; hesab\u0131nda yaz\u0131b. O bildirib ki, Erm\u0259nistan silahl\u0131 q\u00fcvv\u0259ll\u0259ri humanitar at\u0259\u015fk\u0259si kobud \u015f\u0259kild\u0259 pozaraq T\u0259rt\u0259r rayonunu intensiv at\u0259\u015f\u0259 tuturlar. Artilleriya v\u0259 raketl\u0259rd\u0259n istifad\u0259 olunur. Milli.Az<\/p>\n","protected":false},"author":2,"featured_media":230944,"comment_status":"closed","ping_status":"closed","sticky":false,"template":"","format":"standard","meta":{"om_disable_all_campaigns":false,"_monsterinsights_skip_tracking":false,"_monsterinsights_sitenote_active":false,"_monsterinsights_sitenote_note":"","_monsterinsights_sitenote_category":0},"categories":[19],"tags":[],"aioseo_notices":[],"gutentor_comment":0,"rttpg_featured_image_url":{"full":["https:\/\/arantv.az\/wp-content\/uploads\/2020\/10\/892477.jpg",587,440,false],"landscape":["https:\/\/arantv.az\/wp-content\/uploads\/2020\/10\/892477.jpg",587,440,false],"portraits":["https:\/\/arantv.az\/wp-content\/uploads\/2020\/10\/892477.jpg",587,440,false],"thumbnail":["https:\/\/arantv.az\/wp-content\/uploads\/2020\/10\/892477-150x150.jpg",150,150,true],"medium":["https:\/\/arantv.az\/wp-content\/uploads\/2020\/10\/892477-300x225.jpg",300,225,true],"large":["https:\/\/arantv.az\/wp-content\/uploads\/2020\/10\/892477.jpg",587,440,false],"1536x1536":["https:\/\/arantv.az\/wp-content\/uploads\/2020\/10\/892477.jpg",587,440,false],"2048x2048":["https:\/\/arantv.az\/wp-content\/uploads\/2020\/10\/892477.jpg",587,440,false],"post-thumbnail":["https:\/\/arantv.az\/wp-content\/uploads\/2020\/10\/892477-240x172.jpg",240,172,true],"advps-thumb-one":["https:\/\/arantv.az\/wp-content\/uploads\/2020\/10\/892477.jpg",587,440,false]},"rttpg_author":{"display_name":"V\u00fcsal Rafiqo\u011flu","author_link":"https:\/\/arantv.az\/?author=2"},"rttpg_comment":0,"rttpg_category":"<a href=\"https:\/\/arantv.az\/?cat=19\" rel=\"category\">G\u00fcnd\u0259m<\/a>","rttpg_excerpt":"Bu g\u00fcn \u0259rzind\u0259 T\u0259rt\u0259r daxil olmaqla Az\u0259rbaycan\u0131n ya\u015fay\u0131\u015f m\u0259nt\u0259q\u0259l\u0259rin\u0259 200-d\u0259n art\u0131q m\u0259rmi at\u0131lm\u0131\u015fd\u0131r. ARANTV.AZ bildirir ki,\u00a0bunu Az\u0259rbaycan Prezidentinin k\u00f6m\u0259k\u00e7isi &#8211; Prezident Administrasiyas\u0131n\u0131n Xarici siyas\u0259t m\u0259s\u0259l\u0259l\u0259ri \u015f\u00f6b\u0259sinin m\u00fcdiri Hikm\u0259t Hac\u0131yev &#8220;Twitter&#8221; hesab\u0131nda yaz\u0131b. O bildirib ki, Erm\u0259nistan silahl\u0131 q\u00fcvv\u0259ll\u0259ri humanitar at\u0259\u015fk\u0259si kobud \u015f\u0259kild\u0259 pozaraq T\u0259rt\u0259r rayonunu intensiv at\u0259\u015f\u0259 tuturlar. Artilleriya v\u0259 raketl\u0259rd\u0259n istifad\u0259 olunur. Milli.Az","_links":{"self":[{"href":"https:\/\/arantv.az\/index.php?rest_route=\/wp\/v2\/posts\/230943"}],"collection":[{"href":"https:\/\/arantv.az\/index.php?rest_route=\/wp\/v2\/posts"}],"about":[{"href":"https:\/\/arantv.az\/index.php?rest_route=\/wp\/v2\/types\/post"}],"author":[{"embeddable":true,"href":"https:\/\/arantv.az\/index.php?rest_route=\/wp\/v2\/users\/2"}],"replies":[{"embeddable":true,"href":"https:\/\/arantv.az\/index.php?rest_route=%2Fwp%2Fv2%2Fcomments&post=230943"}],"version-history":[{"count":0,"href":"https:\/\/arantv.az\/index.php?rest_route=\/wp\/v2\/posts\/230943\/revisions"}],"wp:featuredmedia":[{"embeddable":true,"href":"https:\/\/arantv.az\/index.php?rest_route=\/wp\/v2\/media\/230944"}],"wp:attachment":[{"href":"https:\/\/arantv.az\/index.php?rest_route=%2Fwp%2Fv2%2Fmedia&parent=230943"}],"wp:term":[{"taxonomy":"category","embeddable":true,"href":"https:\/\/arantv.az\/index.php?rest_route=%2Fwp%2Fv2%2Fcategories&post=230943"},{"taxonomy":"post_tag","embeddable":true,"href":"https:\/\/arantv.az\/index.php?rest_route=%2Fwp%2Fv2%2Ftags&post=230943"}],"curies":[{"name":"wp","href":"https:\/\/api.w.org\/{rel}","templated":true}]}}