{"id":230947,"date":"2020-10-26T18:14:39","date_gmt":"2020-10-26T15:14:39","guid":{"rendered":"http:\/\/arantv.az\/?p=230947"},"modified":"2020-10-26T18:14:39","modified_gmt":"2020-10-26T15:14:39","slug":"prezident-ilham-%c9%99liyevin-q%c9%99ti-movqeyi-bizim-irad%c9%99miz%c9%99-hec-kim-t%c9%99sir-ed%c9%99-bilm%c9%99z","status":"publish","type":"post","link":"https:\/\/arantv.az\/?p=230947","title":{"rendered":"Prezident \u0130lham \u018fliyevin q\u0259ti m\u00f6vqeyi: Bizim irad\u0259miz\u0259 he\u00e7 kim t\u0259sir ed\u0259 bilm\u0259z"},"content":{"rendered":"<p>Bayra\u011f\u0131m\u0131z\u0131n h\u0259r g\u00fcn respublikam\u0131z\u0131n 27 ildir i\u015f\u011fal alt\u0131nda qalm\u0131\u015f yeni bir ya\u015fay\u0131\u015f m\u0259nt\u0259q\u0259sind\u0259 ucald\u0131lmas\u0131na art\u0131q v\u0259rdi\u015f edirik. H\u0259r g\u00fcn qula\u011f\u0131m\u0131z s\u0259sd\u0259, n\u0259z\u0259r-diqq\u0259timiz televiziya kanallar\u0131ndad\u0131r. \u0130ndic\u0259 Prezident, M\u00fcz\u0259ff\u0259r Ali Ba\u015f Komandan efird\u0259 g\u00f6r\u00fcn\u0259c\u0259k v\u0259 d\u00fc\u015fm\u0259nd\u0259n azad edilmi\u015f yeni k\u0259ndl\u0259rimizin adlar\u0131n\u0131 elan ed\u0259c\u0259k. Bu g\u00fcn M\u00fcz\u0259ff\u0259r Ali Ba\u015f Komandan\u0131m\u0131z daha 17 ya\u015fay\u0131\u015f m\u0259nt\u0259q\u0259sinin d\u00fc\u015fm\u0259nd\u0259n azad olunmas\u0131 x\u0259b\u0259rini verdi.<\/p>\n<p>Bu fikirl\u0259ri AZ\u018fRTAC-a Demokratiya v\u0259 \u0130nsan H\u00fcquqlar\u0131 Komit\u0259sinin s\u0259dri, h\u00fcquq \u00fczr\u0259 f\u0259ls\u0259f\u0259 doktoru \u00c7ingiz Q\u0259nizad\u0259 bildirib.<\/p>\n<p>\u00c7.Q\u0259nizad\u0259 qeyd edib ki, sentyabr\u0131n 27-d\u0259n indiy\u0259d\u0259k Az\u0259rbaycan\u0131n 4 rayonu, 3 q\u0259s\u0259b\u0259si v\u0259 165 ya\u015fay\u0131\u015f m\u0259nt\u0259q\u0259si, o c\u00fcml\u0259d\u0259n K\u0259lb\u0259c\u0259r v\u0259 Qubadl\u0131 rayonlar\u0131n\u0131n bir hiss\u0259si, Murovda\u011f y\u00fcks\u0259kliyi, Suqovu\u015fan, Xudaf\u0259rin k\u00f6rp\u00fcs\u00fc v\u0259 strateji \u0259h\u0259miyy\u0259tli y\u00fcks\u0259klikl\u0259r Erm\u0259nistan silahl\u0131 q\u00fcvv\u0259l\u0259rinin i\u015f\u011fal\u0131ndan azad edilib. \u0130ndi h\u0259min \u0259razil\u0259rd\u0259 Az\u0259rbaycan bayra\u011f\u0131 dal\u011falan\u0131r. Bu q\u0259l\u0259b\u0259l\u0259r Prezident \u0130lham \u018fliyevin m\u00fcdrik siyasi xadim, q\u0259tiyy\u0259tli, M\u00fcz\u0259ff\u0259r Ali Ba\u015f Komandan kimi m\u00fcdrik f\u0259aliyy\u0259tinin bariz n\u00fcmun\u0259sidir. Eyni zamanda, Az\u0259rbaycan d\u00f6vl\u0259tinin, Az\u0259rbaycan xalq\u0131n\u0131n g\u00fcc\u00fcn\u00fcn g\u00f6st\u0259ricisidir. Ordumuz i\u015f\u011fal alt\u0131nda olan torpaqlar\u0131m\u0131z\u0131 \u00f6z g\u00fcc\u00fc il\u0259 azad etm\u0259k q\u00fcdr\u0259tind\u0259 oldu\u011funu b\u00fct\u00fcn d\u00fcnyaya n\u00fcmayi\u015f etdirir.<\/p>\n<p>\u018fg\u0259r Erm\u0259nistan\u0131n havadarlar\u0131 t\u0259r\u0259find\u0259n \u00f6lk\u0259miz\u0259 t\u0259zyiql\u0259r olmasayd\u0131, indi i\u015f\u011fal alt\u0131nda bir qar\u0131\u015f da torpa\u011f\u0131m\u0131z qalmazd\u0131. 27 ildir ki, beyn\u0259lxalq t\u0259\u015fkilatlar\u0131n q\u0259r\u0259zli hesabatlar\u0131, i\u015f\u011fal\u00e7\u0131n\u0131 ad\u0131 il\u0259 \u00e7a\u011f\u0131rmamas\u0131, t\u00f6r\u0259tdiyi terror aktlar\u0131na bigan\u0259lik, d\u00fcnyada m\u00f6vcud olan ikili standartlar Erm\u0259nistan\u0131 daha da quduzla\u015fd\u0131rd\u0131. Bu vaxta q\u0259d\u0259r Erm\u0259nistan\u0131n beyn\u0259lxalq h\u00fcquq normalar\u0131n\u0131 kobud \u015f\u0259kild\u0259 pozmas\u0131na qar\u015f\u0131 h\u0259r hans\u0131 bir sanksiyan\u0131n t\u0259tbiq edilm\u0259m\u0259si i\u015f\u011fal\u00e7\u0131 \u00f6lk\u0259ni getdikc\u0259 h\u0259yas\u0131zla\u015fd\u0131rd\u0131.<\/p>\n<p>\u0130\u015f\u011fal edilmi\u015f torpaqlar\u0131n\u0131 sentyabr\u0131n 27-d\u0259n ba\u015flayaraq bir-bir azad ed\u0259n Az\u0259rbaycana xaricd\u0259n \u00e7oxsayl\u0131 t\u0259zyiql\u0259r edilir. M\u0259qs\u0259d ordumuzun g\u00fccl\u00fc z\u0259rb\u0259l\u0259rind\u0259n sonra ac\u0131nacaql\u0131 v\u0259ziyy\u0259t\u0259 d\u00fc\u015f\u0259n Erm\u0259nistan\u0131 xilas etm\u0259kdir. Art\u0131q beyn\u0259lxalq t\u0259\u015fkilatlar, o c\u00fcml\u0259d\u0259n Erm\u0259nistan\u0131n havadarlar\u0131 da g\u00f6r\u00fcrl\u0259r ki, Az\u0259rbaycan Ordusu t\u0259cav\u00fczkarlar\u0131 darmada\u011f\u0131n edir. T\u0259\u0259ss\u00fcf ki, beyn\u0259lxalq t\u0259\u015fkilatlar Erm\u0259nistan\u0131 i\u015f\u011fal siyas\u0259tind\u0259n \u0259l \u00e7\u0259km\u0259y\u0259 \u00e7a\u011f\u0131rmaq \u0259v\u0259zin\u0259, yen\u0259 d\u0259 t\u0259cav\u00fczkar\u0131n yan\u0131ndad\u0131rlar. Art\u0131q ictimaiyy\u0259t n\u00fcmay\u0259nd\u0259l\u0259rinin bel\u0259 qurumlara inam\u0131 he\u00e7\u0259 enib. Bu g\u00fcnl\u0259rd\u0259 BMT T\u0259hl\u00fck\u0259sizlik \u015euras\u0131n\u0131n daimi \u00fczl\u0259rinin v\u0259 AT\u018fT-in Minsk qrupunun birlikd\u0259 haz\u0131rlad\u0131qlar\u0131 b\u0259yanat layih\u0259sinin geri qaytar\u0131lmas\u0131 da bunu t\u0259sdiql\u0259yir.<\/p>\n<p>Beyn\u0259lxalq t\u0259\u015fkilatlara da b\u0259llidir ki, bu vaxta q\u0259d\u0259r Az\u0259rbaycan v\u0259 Erm\u0259nistan aras\u0131nda bu ilin 10 v\u0259 17 oktyabr\u0131nda olmaqla 2 humanitar at\u0259\u015fk\u0259s bar\u0259d\u0259 raz\u0131l\u0131q \u0259ld\u0259 edilmi\u015fdi. Lakin h\u0259r iki humanitar at\u0259\u015fk\u0259s Erm\u0259nistan t\u0259r\u0259find\u0259n pozuldu. Yen\u0259 d\u0259 beyn\u0259lxalq t\u0259\u015fkilatlar susdu. \u018fv\u0259zind\u0259, yen\u0259 d\u0259 Az\u0259rbaycana t\u0259zyiql\u0259ri davam etdirirl\u0259r. Qeyd etdiyim kimi, bu t\u0259zyiql\u0259rin birini bu g\u00fcnl\u0259rd\u0259 BMT T\u0259hl\u00fck\u0259sizlik \u015euras\u0131nda m\u0259sl\u0259h\u0259tl\u0259\u015fm\u0259l\u0259r zaman\u0131 g\u00f6rd\u00fck. T\u0259hl\u00fck\u0259sizlik \u015euras\u0131n\u0131n daimi \u00fczvl\u0259ri, h\u0259m d\u0259 AT\u018fT-in Minsk qrupunun h\u0259ms\u0259dr \u00f6lk\u0259l\u0259ri haz\u0131rlad\u0131qlar\u0131 b\u0259yanat layih\u0259sin\u0259 1993-c\u00fc ild\u0259 q\u0259bul edilmi\u015f 822, 853, 874 v\u0259 884 sayl\u0131 q\u0259tnam\u0259l\u0259r\u0259 istinad\u0131 daxil etm\u0259mi\u015fdil\u0259r. \u00dcst\u0259lik, onlar bir s\u0131ra \u00f6lk\u0259l\u0259rin h\u0259min q\u0259tnam\u0259l\u0259r\u0259 istinad\u0131n m\u0259tn\u0259 sal\u0131nmas\u0131 il\u0259 ba\u011fl\u0131 t\u0259kidli m\u00f6vqeyini d\u0259 q\u0259bul etm\u0259dil\u0259r.<\/p>\n<p>Az\u0259rbaycan t\u0259r\u0259fi q\u0259ti m\u00f6vqe n\u00fcmayi\u015f etdir\u0259r\u0259k a\u00e7\u0131qlaman\u0131n birt\u0259r\u0259fli olmas\u0131n\u0131n, y\u0259ni, onun ancaq humanitar at\u0259\u015fk\u0259s il\u0259 m\u0259hdudla\u015fd\u0131r\u0131lmas\u0131n\u0131n qar\u015f\u0131s\u0131n\u0131 alma\u011fa nail oldu. \u018fslind\u0259, b\u0259yanatlarda, \u0259sas\u0259n, s\u00f6hb\u0259tin at\u0259\u015fk\u0259sd\u0259n deyil, humanitar at\u0259\u015fk\u0259sd\u0259n getdiyi vur\u011fulanmal\u0131 idi. Yen\u0259 d\u0259 ikili standartlar v\u0259 erm\u0259nip\u0259r\u0259st siyas\u0259t \u00f6z\u00fcn\u00fc a\u00e7\u0131q \u015f\u0259kild\u0259 b\u00fcruz\u0259 verir. T\u0259\u0259ss\u00fcf ki, h\u0259m AB\u015e D\u00f6vl\u0259t Departamentinin, h\u0259m d\u0259 v\u0259 AT\u018fT-in Minsk qrupunun h\u0259ms\u0259drl\u0259rinin 25 oktyabr tarixli b\u0259yanatlar\u0131nda yer alm\u0131\u015f m\u0259qamlar\u0131n geni\u015f sur\u0259td\u0259 m\u00fczakir\u0259 olunmas\u0131na v\u0259 raz\u0131la\u015fd\u0131r\u0131lmas\u0131na ehtiyac var. \u00c7\u00fcnki b\u0259yanatda yer alan at\u0259\u015fk\u0259sin monitorinqi \u00fczr\u0259 parametrl\u0259r m\u0259s\u0259l\u0259si m\u00fcnaqi\u015f\u0259nin m\u00fcf\u0259ss\u0259l h\u0259lli prosesi il\u0259 paralel getm\u0259lidir. Bu, o dem\u0259kdir ki, Erm\u0259nistan qo\u015funlar\u0131n\u0131n Az\u0259rbaycan\u0131n i\u015f\u011fal edilmi\u015f \u0259razil\u0259rind\u0259n \u00e7\u0131xar\u0131lmas\u0131 il\u0259 ba\u011fl\u0131 konkret vaxt c\u0259dv\u0259li m\u00fc\u0259yy\u0259n edilm\u0259lidir. B\u0259yanatda \u00f6z \u0259ksini tapm\u0131\u015f \u201cvaxt c\u0259dv\u0259li\u201d (timeline) ifad\u0259si m\u0259hz bunu n\u0259z\u0259rd\u0259 tutur.<\/p>\n<p>Erm\u0259nistan\u0131n havadarlar\u0131n\u0131n Az\u0259rbaycana t\u0259zyiq g\u00f6st\u0259rm\u0259sinin he\u00e7 bir faydas\u0131n\u0131n olmad\u0131\u011f\u0131n\u0131 g\u00f6r\u0259n Nikol Pa\u015finyan indi kompromisl\u0259rd\u0259n dan\u0131\u015f\u0131r. Halbuki, baza prinsipl\u0259rini r\u0259dd ed\u0259n, bir ne\u00e7\u0259 g\u00fcn \u00f6nc\u0259 \u201cM\u00fcnaqi\u015f\u0259nin diplomatik h\u0259lli yoxdur\u201d dey\u0259n i\u015f\u011fal\u00e7\u0131 \u00f6lk\u0259nin ba\u015f naziri bu d\u0259f\u0259 \u00e7\u0131x\u0131\u015f yolunu dan\u0131\u015f\u0131qlar \u00fc\u00e7\u00fcn AB\u015e-a yalvarmaqda g\u00f6r\u00fcr.<\/p>\n<p>T\u0259\u0259ss\u00fcf ki, Erm\u0259nistana m\u00fcxt\u0259lif m\u0259nb\u0259l\u0259rd\u0259n silahlar\u0131n da\u015f\u0131nmas\u0131 davam edir. Bu, onu g\u00f6st\u0259rirdi ki, Erm\u0259nistan bu humanitar at\u0259\u015fk\u0259s\u0259 da riay\u0259t etm\u0259y\u0259c\u0259k. B\u00fct\u00fcn bunlara baxmayaraq, Az\u0259rbaycan h\u0259r hans\u0131 bir t\u0259zyiqd\u0259n geri \u00e7\u0259kilm\u0259y\u0259c\u0259k v\u0259 \u0259razi b\u00fct\u00f6vl\u00fcy\u00fcm\u00fcz\u00fcn t\u0259min olunmas\u0131 yolunda sona q\u0259d\u0259r ged\u0259c\u0259k. D\u00f6vl\u0259timizin ba\u015f\u00e7\u0131s\u0131n\u0131n q\u0259ti m\u00f6vqeyi d\u0259 bel\u0259dir: \u201c\u018flb\u0259tt\u0259 ki, he\u00e7 kim biz\u0259 t\u0259sir ed\u0259 bilm\u0259z, bizim irad\u0259miz\u0259 he\u00e7 kim t\u0259sir ed\u0259 bilm\u0259z\u201d.<\/p>\n","protected":false},"excerpt":{"rendered":"<p>Bayra\u011f\u0131m\u0131z\u0131n h\u0259r g\u00fcn respublikam\u0131z\u0131n 27 ildir i\u015f\u011fal alt\u0131nda qalm\u0131\u015f yeni bir ya\u015fay\u0131\u015f m\u0259nt\u0259q\u0259sind\u0259 ucald\u0131lmas\u0131na art\u0131q v\u0259rdi\u015f edirik. H\u0259r g\u00fcn qula\u011f\u0131m\u0131z s\u0259sd\u0259, n\u0259z\u0259r-diqq\u0259timiz televiziya kanallar\u0131ndad\u0131r. \u0130ndic\u0259 Prezident, M\u00fcz\u0259ff\u0259r Ali Ba\u015f Komandan efird\u0259 g\u00f6r\u00fcn\u0259c\u0259k v\u0259 d\u00fc\u015fm\u0259nd\u0259n azad edilmi\u015f yeni k\u0259ndl\u0259rimizin adlar\u0131n\u0131 elan ed\u0259c\u0259k. Bu g\u00fcn M\u00fcz\u0259ff\u0259r Ali Ba\u015f Komandan\u0131m\u0131z daha 17 ya\u015fay\u0131\u015f m\u0259nt\u0259q\u0259sinin d\u00fc\u015fm\u0259nd\u0259n azad olunmas\u0131 x\u0259b\u0259rini verdi. Bu fikirl\u0259ri AZ\u018fRTAC-a Demokratiya v\u0259 \u0130nsan H\u00fcquqlar\u0131 Komit\u0259sinin s\u0259dri, h\u00fcquq \u00fczr\u0259 f\u0259ls\u0259f\u0259 doktoru \u00c7ingiz Q\u0259nizad\u0259 bildirib. \u00c7.Q\u0259nizad\u0259 qeyd edib ki, sentyabr\u0131n 27-d\u0259n indiy\u0259d\u0259k Az\u0259rbaycan\u0131n 4 rayonu, 3 q\u0259s\u0259b\u0259si v\u0259 165 ya\u015fay\u0131\u015f m\u0259nt\u0259q\u0259si, o c\u00fcml\u0259d\u0259n&hellip;<\/p>\n","protected":false},"author":2,"featured_media":230948,"comment_status":"closed","ping_status":"closed","sticky":false,"template":"","format":"standard","meta":{"om_disable_all_campaigns":false,"_monsterinsights_skip_tracking":false,"_monsterinsights_sitenote_active":false,"_monsterinsights_sitenote_note":"","_monsterinsights_sitenote_category":0},"categories":[19],"tags":[],"aioseo_notices":[],"gutentor_comment":0,"rttpg_featured_image_url":{"full":["https:\/\/arantv.az\/wp-content\/uploads\/2020\/10\/7f74a36d1135dc0ed421aa03eb2b838c.jpg",450,300,false],"landscape":["https:\/\/arantv.az\/wp-content\/uploads\/2020\/10\/7f74a36d1135dc0ed421aa03eb2b838c.jpg",450,300,false],"portraits":["https:\/\/arantv.az\/wp-content\/uploads\/2020\/10\/7f74a36d1135dc0ed421aa03eb2b838c.jpg",450,300,false],"thumbnail":["https:\/\/arantv.az\/wp-content\/uploads\/2020\/10\/7f74a36d1135dc0ed421aa03eb2b838c-150x150.jpg",150,150,true],"medium":["https:\/\/arantv.az\/wp-content\/uploads\/2020\/10\/7f74a36d1135dc0ed421aa03eb2b838c-300x200.jpg",300,200,true],"large":["https:\/\/arantv.az\/wp-content\/uploads\/2020\/10\/7f74a36d1135dc0ed421aa03eb2b838c.jpg",450,300,false],"1536x1536":["https:\/\/arantv.az\/wp-content\/uploads\/2020\/10\/7f74a36d1135dc0ed421aa03eb2b838c.jpg",450,300,false],"2048x2048":["https:\/\/arantv.az\/wp-content\/uploads\/2020\/10\/7f74a36d1135dc0ed421aa03eb2b838c.jpg",450,300,false],"post-thumbnail":["https:\/\/arantv.az\/wp-content\/uploads\/2020\/10\/7f74a36d1135dc0ed421aa03eb2b838c-240x172.jpg",240,172,true],"advps-thumb-one":["https:\/\/arantv.az\/wp-content\/uploads\/2020\/10\/7f74a36d1135dc0ed421aa03eb2b838c.jpg",450,300,false]},"rttpg_author":{"display_name":"V\u00fcsal Rafiqo\u011flu","author_link":"https:\/\/arantv.az\/?author=2"},"rttpg_comment":0,"rttpg_category":"<a href=\"https:\/\/arantv.az\/?cat=19\" rel=\"category\">G\u00fcnd\u0259m<\/a>","rttpg_excerpt":"Bayra\u011f\u0131m\u0131z\u0131n h\u0259r g\u00fcn respublikam\u0131z\u0131n 27 ildir i\u015f\u011fal alt\u0131nda qalm\u0131\u015f yeni bir ya\u015fay\u0131\u015f m\u0259nt\u0259q\u0259sind\u0259 ucald\u0131lmas\u0131na art\u0131q v\u0259rdi\u015f edirik. H\u0259r g\u00fcn qula\u011f\u0131m\u0131z s\u0259sd\u0259, n\u0259z\u0259r-diqq\u0259timiz televiziya kanallar\u0131ndad\u0131r. \u0130ndic\u0259 Prezident, M\u00fcz\u0259ff\u0259r Ali Ba\u015f Komandan efird\u0259 g\u00f6r\u00fcn\u0259c\u0259k v\u0259 d\u00fc\u015fm\u0259nd\u0259n azad edilmi\u015f yeni k\u0259ndl\u0259rimizin adlar\u0131n\u0131 elan ed\u0259c\u0259k. Bu g\u00fcn M\u00fcz\u0259ff\u0259r Ali Ba\u015f Komandan\u0131m\u0131z daha 17 ya\u015fay\u0131\u015f m\u0259nt\u0259q\u0259sinin d\u00fc\u015fm\u0259nd\u0259n azad olunmas\u0131 x\u0259b\u0259rini&hellip;","_links":{"self":[{"href":"https:\/\/arantv.az\/index.php?rest_route=\/wp\/v2\/posts\/230947"}],"collection":[{"href":"https:\/\/arantv.az\/index.php?rest_route=\/wp\/v2\/posts"}],"about":[{"href":"https:\/\/arantv.az\/index.php?rest_route=\/wp\/v2\/types\/post"}],"author":[{"embeddable":true,"href":"https:\/\/arantv.az\/index.php?rest_route=\/wp\/v2\/users\/2"}],"replies":[{"embeddable":true,"href":"https:\/\/arantv.az\/index.php?rest_route=%2Fwp%2Fv2%2Fcomments&post=230947"}],"version-history":[{"count":0,"href":"https:\/\/arantv.az\/index.php?rest_route=\/wp\/v2\/posts\/230947\/revisions"}],"wp:featuredmedia":[{"embeddable":true,"href":"https:\/\/arantv.az\/index.php?rest_route=\/wp\/v2\/media\/230948"}],"wp:attachment":[{"href":"https:\/\/arantv.az\/index.php?rest_route=%2Fwp%2Fv2%2Fmedia&parent=230947"}],"wp:term":[{"taxonomy":"category","embeddable":true,"href":"https:\/\/arantv.az\/index.php?rest_route=%2Fwp%2Fv2%2Fcategories&post=230947"},{"taxonomy":"post_tag","embeddable":true,"href":"https:\/\/arantv.az\/index.php?rest_route=%2Fwp%2Fv2%2Ftags&post=230947"}],"curies":[{"name":"wp","href":"https:\/\/api.w.org\/{rel}","templated":true}]}}