{"id":230951,"date":"2020-10-26T18:16:31","date_gmt":"2020-10-26T15:16:31","guid":{"rendered":"http:\/\/arantv.az\/?p=230951"},"modified":"2020-10-26T18:16:31","modified_gmt":"2020-10-26T15:16:31","slug":"c%c9%99nubi-qafqazda-yeni-situasiya-prezident-k%c9%99nar-h%c9%99rbi-mudaxil%c9%99nin-qorxunc-n%c9%99tic%c9%99l%c9%99ri-haqda-mesaj-verdi","status":"publish","type":"post","link":"https:\/\/arantv.az\/?p=230951","title":{"rendered":"C\u0259nubi Qafqazda yeni situasiya: Prezident k\u0259nar h\u0259rbi m\u00fcdaxil\u0259nin qorxunc n\u0259tic\u0259l\u0259ri haqda mesaj verdi"},"content":{"rendered":"<h3><strong>P\u0259smi Bak\u0131 Minsk Qrupu h\u0259ms\u0259drl\u0259rin\u0259 art\u0131q g\u00fcv\u0259nmir v\u0259 onlar\u0131 problemin h\u0259ll qar\u015f\u0131s\u0131nda \u0259sas \u0259ng\u0259l hesab edir&#8230; Eyni zamanda, s\u00fclh dan\u0131\u015f\u0131qlar\u0131 prosesind\u0259 neytral vasit\u0259\u00e7il\u0259rin olmas\u0131na \u00fcst\u00fcnl\u00fck verir v\u0259 \u00fcmumiyy\u0259tl\u0259, indiki format\u0131n k\u00f6k\u00fcnd\u0259n d\u0259yi\u015fdirilm\u0259sini ist\u0259yir&#8230; Da\u011fl\u0131q Qaraba\u011f probleminin h\u0259lli prosesind\u0259 n\u00f6vb\u0259ti, h\u0259m d\u0259 daha q\u0259liz geopolitik kombinasiyal\u0131 yeni m\u0259rh\u0259l\u0259y\u0259 start verildi&#8230;<\/strong><\/h3>\n<p><em><strong>C\u0259nubi Qafqaz regionunda art\u0131q yeni situasiya yaran\u0131b. Bu regionda c\u0259r\u0259yan ed\u0259n geopolitik prosesl\u0259r\u0259 beyn\u0259lxalq siyasi irad\u0259 m\u0259rk\u0259zl\u0259rinin t\u0259siri imkanlar\u0131 ciddi \u015f\u0259kild\u0259 m\u0259hdudla\u015f\u0131b. V\u0259 C\u0259nubi Qafqaz\u0131n daxili dinamikl\u0259ri i\u015f\u0259 d\u00fc\u015f\u00fcb, regionun \u0259n a\u011f\u0131r problemi f\u0259qrli mexanizml\u0259rl\u0259 h\u0259ll edilm\u0259y\u0259 ba\u015flay\u0131b.<\/strong><\/em><\/p>\n<p>T\u0259bii ki, bu, \u00fcmumiyy\u0259tl\u0259, C\u0259nubi Qafqaz\u0131n tarixinin k\u00f6k\u00fcnd\u0259n d\u0259yi\u015fdirilm\u0259k \u00fczr\u0259 oldu\u011funun olduqca a\u00e7\u0131q \u0259lam\u0259tidir. Az\u0259rbaycan d\u00f6vl\u0259ti v\u0259 ordusu bu regionun tarixini yenid\u0259n yaz\u0131r. Bu bax\u0131mdan, m\u0259hz Az\u0259rbaycan\u0131 yenid\u0259n dizayn edilm\u0259kd\u0259 olan C\u0259nubi Qafqaz\u0131n superd\u00f6vl\u0259ti hesab etm\u0259k olar.<\/p>\n<p><img loading=\"lazy\" src=\"https:\/\/cdn.musavat.com\/news\/thumbnails\/cfa06f33d580ef13b2f3fbbf227d529e.jpg\" alt=\"200070000445_363282.jpg (135 KB)\" width=\"700\" height=\"420\" \/><\/p>\n<p>Maraql\u0131d\u0131r ki, Az\u0259rbaycan Prezidenti \u0130lham \u018fliyevin xalqa son m\u00fcraci\u0259tind\u0259 olduqca ciddi mesajlar v\u0259 x\u0259b\u0259rdarl\u0131qlar yer al\u0131rd\u0131. H\u0259min mesaj v\u0259 x\u0259b\u0259rdarl\u0131qlara diqq\u0259t etdikd\u0259, dedikl\u0259rimiz b\u00f6y\u00fck \u00f6l\u00e7\u00fcd\u0259 t\u0259sdiql\u0259nmi\u015f olur.<\/p>\n<p>M\u0259s\u0259l\u0259 ondad\u0131r ki, \u201cAz\u0259rbaycan Ordusu d\u00f6y\u00fc\u015f meydan\u0131nda tarixi \u0259dal\u0259ti b\u0259rpa edir\u201ddey\u0259n Prezident \u0130lham \u018fliyev Az\u0259rbaycan ordusunun \u00fcmumiyy\u0259tl\u0259, regionda geopolitik situasiyan\u0131 da d\u0259yi\u015fdiyini vur\u011fulay\u0131b. O, bu reall\u0131\u011f\u0131n Erm\u0259nistan da daxil olmaqla, h\u0259r k\u0259s t\u0259r\u0259find\u0259n q\u0259bul edilm\u0259sinin vacibliyin\u0259 diqq\u0259ti \u00e7\u0259kib.<\/p>\n<p>Eyni zamanda, d\u00f6vl\u0259t ba\u015f\u00e7\u0131s\u0131 AT\u018fT-in Minsk Qrupu h\u0259ms\u0259drl\u0259rin\u0259 d\u0259 s\u0259rt mesaj g\u00f6nd\u0259rib:\u00a0<strong>&#8220;\u018fg\u0259r at\u0259\u015fk\u0259s ist\u0259yirl\u0259rs\u0259, i\u015f\u011fal\u00e7\u0131 d\u00f6vl\u0259ti torpaqlar\u0131m\u0131zdan r\u0259dd etsinl\u0259r. \u018fks halda, ax\u0131ra q\u0259d\u0259r davam ed\u0259c\u0259yik. D\u00fc\u015fm\u0259ni ax\u0131ra q\u0259d\u0259r qovaca\u011f\u0131q&#8221;.<\/strong><\/p>\n<p>Bu, \u00f6n\u0259mli mesajd\u0131r v\u0259 Minsk Qrupu h\u0259ms\u0259drl\u0259rin\u0259 a\u00e7\u0131q x\u0259b\u0259rdarl\u0131q xarakteri da\u015f\u0131y\u0131r. Prezident \u0130lham \u018fliyev bu mesajla h\u0259r k\u0259s\u0259 anlatma\u011fa \u00e7a\u0131l\u0131\u015f\u0131r ki, bundan sonra s\u00fclh dan\u0131\u015f\u0131qlar\u0131 \u0259vv\u0259lki tempd\u0259 v\u0259 m\u0259zmunda, el\u0259c\u0259 d\u0259 \u015f\u0259rtl\u0259rd\u0259 davam ed\u0259 bilm\u0259z.<\/p>\n<p><img loading=\"lazy\" src=\"https:\/\/cdn.musavat.com\/news\/thumbnails\/228ef1ef5a31b711db527ac933b82b9f.jpg\" alt=\"unnamed.jpg (40 KB)\" width=\"700\" height=\"392\" \/><\/p>\n<p>Bu bax\u0131mdan, Az\u0259rbaycan Prezidentinin Minsk Qrupu h\u0259ms\u0259drl\u0259rin\u0259 y\u00f6n\u0259lik, daha yum\u015faq des\u0259k, iradlar\u0131 s\u00fclh dan\u0131\u015f\u0131qlar\u0131n\u0131n art\u0131q f\u0259rqli m\u0259zmun da\u015f\u0131ya bil\u0259c\u0259yind\u0259n x\u0259b\u0259r verir:\u00a0<strong>\u201cY\u0131\u011f\u0131lm\u0131\u015f\u0131q bo\u011faza&#8230; Vasit\u0259\u00e7i neytral olmal\u0131d\u0131r. Neytral deyils\u0259, o vasit\u0259\u00e7i ola bilm\u0259z\u201d.<\/strong><\/p>\n<p>Buradan bel\u0259 n\u0259tic\u0259 \u00e7\u0131xartmaq olar ki, Az\u0259rbaycan Prezidenti Minsk Qrupu h\u0259ms\u0259drl\u0259rini a\u00e7\u0131q-a\u015fkar t\u0259r\u0259f tutmaqda su\u00e7lay\u0131r. V\u0259 s\u00fclh dan\u0131\u015f\u0131qlar\u0131n\u0131n \u0259n\u0259n\u0259vi format\u0131n\u0131n art\u0131q fayda verm\u0259dyini, \u0259ksin\u0259 m\u00fcnaqi\u015f\u0259nin h\u0259llin\u0259 \u0259ng\u0259l t\u00f6r\u0259tdiyini qabard\u0131r.<\/p>\n<p>Eyni zamanda, d\u00f6vl\u0259t ba\u015f\u00e7\u0131s\u0131 Az\u0259rbaycan\u0131n k\u0259nardan h\u0259r hans\u0131 yard\u0131ma ehtiyac\u0131n\u0131n olmad\u0131\u011f\u0131n\u0131 da a\u00e7\u0131q \u015f\u0259kild\u0259 vur\u011fulayaraq, problemin sava\u015f meydan\u0131nda h\u0259ll edilm\u0259sin\u0259 \u0259ng\u0259l t\u00f6r\u0259dilm\u0259m\u0259sini t\u0259l\u0259b edib:\u00a0<strong>\u201cBe\u015f rayonun qaytar\u0131lmas\u0131 m\u0259s\u0259l\u0259sini m\u00fczakir\u0259 edirdil\u0259r. H\u0259min 5 rayondan art\u0131q 4 rayon bizd\u0259dir. \u0130ndi vasit\u0259\u00e7il\u0259r gedib, ba\u015fqa bir \u015fey fikirl\u0259\u015fsinl\u0259r.\u00a0<\/strong><strong>F\u00fczuli, Z\u0259ngilan, C\u0259bray\u0131l, Qubadl\u0131n\u0131n \u00e7ox hiss\u0259si, Hadrut bizd\u0259dir. Biz BMT T\u0259hl\u00fck\u0259sizlik \u015euras\u0131n\u0131n q\u0259tnam\u0259l\u0259rini \u00f6z\u00fcm\u00fcz t\u0259kba\u015f\u0131na icra edirik\u201d.<\/strong><\/p>\n<p>Minsk Qrupu h\u0259ms\u0259drl\u0259rinin son g\u00fcnl\u0259rd\u0259 ard\u0131c\u0131l g\u00fcnd\u0259m\u0259 g\u0259l\u0259n \u201chumanitar at\u0259\u015fk\u0259s\u201d \u00e7a\u011f\u0131r\u0131\u015flar\u0131na Az\u0259rbaycan Prezidentinin reaksiyas\u0131 is\u0259 birm\u0259nal\u0131d\u0131r. Prezident vur\u011fulay\u0131b ki, Erm\u0259nistan Az\u0259rbaycan\u0131n qar\u015f\u0131s\u0131nda art\u0131q diz \u00e7\u00f6k\u00fcb, amma \u201chumanitar at\u0259\u015fk\u0259s\u201dd\u0259n yararlanaraq, yen\u0259 d\u0259 h\u0259rbi q\u00fcvv\u0259l\u0259rini s\u0259f\u0259rb\u0259r edib, i\u015f\u011fal\u00e7\u0131l\u0131q siyas\u0259tini davam etdirm\u0259k ist\u0259yir:\u00a0<strong>\u201cSon bir ayda Erm\u0259nistana g\u00f6nd\u0259ril\u0259n silah-sursat\u0131n siyah\u0131s\u0131 bizd\u0259dir. N\u0259 vaxt, haradan, n\u0259 q\u0259d\u0259r, hans\u0131 t\u0259yyar\u0259 il\u0259 silah g\u0259tirildiyi m\u0259lumdur. At\u0259\u015fk\u0259s ist\u0259y\u0259n silah ver\u0259r? M\u00fcnaqi\u015f\u0259nin dayanmas\u0131n\u0131 ist\u0259yirsizs\u0259, silah verm\u0259yin. Erm\u0259nistan\u0131 xilas etm\u0259k ist\u0259yirsizs\u0259, deyin ki, bizim torpa\u011f\u0131m\u0131zdan r\u0259dd olsun, \u00e7\u0131xs\u0131n. \u015eu\u015fada, C\u0131d\u0131r d\u00fcz\u00fcnd\u0259 s\u0259rxo\u015f v\u0259ziyy\u0259td\u0259 r\u0259qs ed\u0259n o t\u0259lx\u0259y\u0259 deyin, \u0259razil\u0259rimizd\u0259n \u00e7\u0131xs\u0131n v\u0259 qurtaraq\u2026\u201d<\/strong><\/p>\n<p><img loading=\"lazy\" src=\"https:\/\/cdn.musavat.com\/news\/thumbnails\/18757dd950871909b2953988b053bb3a.jpg\" alt=\"nocomment_564a230cb199bbc2c8321b0556c684ba_urvzol1nta0ciqe93gf5-e1592222095120.jpg (68 KB)\" width=\"700\" height=\"368\" \/><\/p>\n<p>G\u00f6r\u00fcnd\u00fcy\u00fc kimi, Az\u0259rbaycan Prezidenti Da\u011fl\u0131q Qaraba\u011f probleminin h\u0259lli yollar\u0131n\u0131 da, buna \u0259ng\u0259l t\u00f6r\u0259d\u0259n s\u0259b\u0259bl\u0259ri d\u0259 tam d\u0259qiqliyi il\u0259 bilir. V\u0259 uzun m\u00fcdd\u0259t s\u0259brli, t\u0259mkinli davranan Az\u0259rbaycan lideri art\u0131q \u0259ng\u0259l t\u00f6r\u0259d\u0259n s\u0259b\u0259bl\u0259ri a\u00e7\u0131q m\u0259tnl\u0259, h\u0259tta d\u0259qiq \u00fcnvanl\u0131 dil\u0259 g\u0259tirm\u0259y\u0259 ba\u015flay\u0131b.<\/p>\n<p>Maraql\u0131d\u0131r ki, Minsk Qrupu h\u0259ms\u0259drl\u0259rind\u0259n f\u0259rqli olaraq, Az\u0259rbaycan d\u00f6vl\u0259tinin Da\u011fl\u0131q Qaraba\u011f m\u00fcnaqi\u015f\u0259sinin nizamlanmas\u0131 \u00fc\u00e7\u00fcn g\u00fcnd\u0259m\u0259 g\u0259tirdiyi model \u00e7ox sad\u0259 v\u0259 konkretdir. R\u0259smi Bak\u0131 m\u00fcnaqi\u015f\u0259nin s\u00fclh yolu il\u0259 h\u0259lli \u00fc\u00e7\u00fcn Erm\u0259nistan\u0131n Az\u0259rbaycan t\u0259r\u0259fin\u0259 i\u015f\u011fal alt\u0131ndak\u0131 \u0259razil\u0259rd\u0259n \u00f6z qo\u015funlar\u0131n\u0131n \u00e7\u0131xar\u0131lmas\u0131 c\u0259dv\u0259linin verilm\u0259sini t\u0259l\u0259b edir. V\u0259 Prezident \u0130lham \u018fliyev\u00a0<strong>\u201cH\u0259rbi-siyasi h\u0259ll yaln\u0131z Az\u0259rbaycan\u0131n \u0259razi b\u00fct\u00f6vl\u00fcy\u00fcn\u00fc t\u0259min etm\u0259lidir\u201d<\/strong>\u00a0dem\u0259kl\u0259, bu m\u0259s\u0259l\u0259 il\u0259 ba\u011fl\u0131 q\u0259rar\u0131n\u0131 art\u0131q \u00e7oxdan q\u0259til\u0259\u015fdirib.<\/p>\n<p>Maraql\u0131d\u0131r ki, Prezident \u0130lham \u018fliyev T\u00fcrkiy\u0259nin Az\u0259rbaycana Erm\u0259nistan\u0131n himay\u0259darlar\u0131 t\u0259r\u0259find\u0259n q\u0131c\u0131qla qar\u015f\u0131lanan d\u0259st\u0259yin\u0259 diqq\u0259t ay\u0131r\u0131b:\u00a0<strong>\u201cBir ay \u0259rzind\u0259 dem\u0259k olar ki, h\u0259r g\u00fcn m\u00fcsahib\u0259 verir\u0259m.<\/strong>\u00a0<strong>H\u0259r d\u0259f\u0259 soru\u015furlar ki, T\u00fcrkiy\u0259 \u201cF-16\u201dlar\u0131 burada n\u0259 g\u0259zir? Bu suala cavab verm\u0259kd\u0259n yorulmu\u015fam. Peykiniz var, gedin bax\u0131n&#8230; \u201cF-16\u201dlar t\u0259lim\u0259 g\u0259lib v\u0259 yerd\u0259dir. \u018fg\u0259r, biz\u0259 qar\u015f\u0131 k\u0259nardan t\u0259zyiq olarsa, onda \u201cF-16\u201dlar\u0131 g\u00f6r\u0259c\u0259ksiz\u201d.<\/strong><\/p>\n<p>T\u0259bii ki, bu, Erm\u0259nistan\u0131n himay\u0259darlar\u0131na \u0259n s\u0259rt x\u0259b\u0259rdarl\u0131q mesaj\u0131d\u0131r. \u00c7\u00fcnki Erm\u0259nistana d\u0259st\u0259k ver\u0259n d\u00f6vl\u0259tl\u0259rin \u00fcnvan\u0131 b\u0259llidir. Eyni zamanda, Pa\u015finyan hakimiyy\u0259tinin birba\u015fa h\u0259rbi d\u0259st\u0259k g\u00f6zl\u0259diyi \u00f6lk\u0259l\u0259r d\u0259 h\u0259r k\u0259s\u0259 m\u0259lumdur.<\/p>\n<p><img loading=\"lazy\" src=\"https:\/\/cdn.musavat.com\/news\/thumbnails\/d64710b6b63ac2dd01a0c068c123b0e2.jpg\" alt=\"photo_77266.jpg (39 KB)\" width=\"700\" height=\"395\" \/><\/p>\n<p>R\u0259smi Bak\u0131 h\u0259r k\u0259si x\u0259b\u0259rdar edir ki, Erm\u0259nistana h\u0259rbi d\u0259st\u0259k verm\u0259yi he\u00e7 a\u011f\u0131llar\u0131n\u0131n ucundan da bel\u0259, ke\u00e7irm\u0259sindl\u0259r. \u00c7\u00fcnki bu halda, sava\u015fa T\u00fcrkiy\u0259 d\u0259 qat\u0131la bil\u0259r. Bu haldasa, Da\u011fl\u0131q Qaraba\u011fdak\u0131 h\u0259rbi \u0259m\u0259liyyatlar\u0131n \u0259hat\u0259 dair\u0259sinin C\u0259nubi Qafqaz regionunun co\u011frafiyas\u0131ndan \u00e7ox-\u00e7ox k\u0259nara bil\u0259c\u0259yi q\u0259tiyy\u0259n \u015f\u00fcbh\u0259 do\u011furmur.<\/p>\n<p>He\u00e7 \u015f\u00fcbh\u0259siz ki, b\u00fct\u00fcn bunlar Da\u011fl\u0131q Qaraba\u011f m\u00fcnaqi\u015f\u0259sinin nizamlanmas\u0131 prosesind\u0259 n\u00f6vb\u0259ti, h\u0259m d\u0259 daha q\u0259liz kombinasiyalar\u0131n m\u00f6vcud olaca\u011f\u0131 yeni m\u0259rh\u0259l\u0259y\u0259 start verildiyinin birba\u015fa \u0259lam\u0259ti d\u0259 say\u0131la bil\u0259r. Bel\u0259 ki, Az\u0259rbaycan ordusunun anti-terror \u0259m\u0259liyyatlar\u0131na ba\u015flamas\u0131 problemin ilk m\u0259rh\u0259l\u0259siydi.<\/p>\n<p>Ancaq Az\u0259rbaycan Prezidentinin \u201cF-16\u201dlarla ba\u011fl\u0131 dedikl\u0259ri art\u0131q ikinci m\u0259rh\u0259l\u0259nin ba\u015flanmas\u0131ndan x\u0259b\u0259r verir. \u00c7\u00fcnki r\u0259smi Bak\u0131 bununla Erm\u0259nistan\u0131n h\u0259rbi d\u0259st\u0259y\u0259 \u00fcmid b\u0259sl\u0259diyi havadarlar\u0131na \u201cyerinizd\u0259n t\u0259rp\u0259ns\u0259niz, bu, olduqca t\u0259hl\u00fck\u0259li n\u0259tic\u0259l\u0259r ver\u0259 bil\u0259r\u201d x\u0259b\u0259rdarl\u0131\u011f\u0131n\u0131 edir.<\/p>\n<p><img loading=\"lazy\" src=\"https:\/\/cdn.musavat.com\/news\/thumbnails\/975261af6f691c0158867fd1358f089a.jpg\" alt=\"turk-ordu-army.jpg (34 KB)\" width=\"700\" height=\"406\" \/><\/p>\n<p>Y\u0259ni, h\u0259min d\u00f6vl\u0259tl\u0259r\u0259 xat\u0131rlad\u0131l\u0131r ki, Erm\u0259nistan t\u0259r\u0259fd\u0259n sava\u015fa bula\u015fsalar, NATO \u00f6lk\u0259si olan T\u00fcrkiy\u0259 il\u0259 qar\u015f\u0131la\u015fmaq t\u0259hl\u00fck\u0259sini d\u0259 g\u00f6z\u0259 almal\u0131d\u0131rlar. V\u0259 bu, Pa\u015finyan hakimiyy\u0259tinin gec\u0259-g\u00fcnd\u00fcz can atd\u0131\u011f\u0131 KTMT \u00f6hd\u0259likl\u0259ri il\u0259 ba\u011fl\u0131 d\u0259st\u0259k \u00fcmidl\u0259rinin bird\u0259f\u0259lik d\u0259fn olunmas\u0131 anlam\u0131na g\u0259lir.<\/p>\n<p>B\u00fct\u00fcn bunlardan bel\u0259 n\u0259tic\u0259 \u00e7\u0131x\u0131r ki, r\u0259smi Bak\u0131 Minsk Qrupu h\u0259ms\u0259drl\u0259rin\u0259 art\u0131q g\u00fcv\u0259nmir v\u0259 onlar\u0131 problemin h\u0259ll qar\u015f\u0131s\u0131nda \u0259sas \u0259ng\u0259l hesab edir. Eyni zamanda, s\u00fclh dan\u0131\u015f\u0131qlar\u0131 prosesind\u0259 neytral vasit\u0259\u00e7il\u0259rin olmas\u0131na \u00fcst\u00fcnl\u00fck verir. \u00dcmumiyy\u0259tl\u0259, s\u00fclh dan\u0131\u015f\u0131qlar\u0131n\u0131n indiki format\u0131n\u0131n k\u00f6k\u00fcnd\u0259n d\u0259yi\u015fdirilm\u0259sini vacib hesab edir.<\/p>\n<p>N\u0259hay\u0259t, Az\u0259rbaycan Prezidentinin a\u00e7\u0131qlamas\u0131ndan bel\u0259 anla\u015f\u0131l\u0131r ki, r\u0259smi Bak\u0131 hadis\u0259l\u0259rin ist\u0259nil\u0259n inki\u015faf istiqam\u0259tl\u0259rin\u0259 art\u0131q indid\u0259n tam \u015f\u0259kild\u0259 haz\u0131rd\u0131r. V\u0259 \u00f6z h\u0259d\u0259fl\u0259rin\u0259 \u00e7atana q\u0259d\u0259r bu m\u00f6vqeyind\u0259n geri \u00e7\u0259kilm\u0259k bar\u0259d\u0259 \u00fcmumiyy\u0259tl\u0259, d\u00fc\u015f\u00fcnm\u00fcr.<\/p>\n<p>El\u00e7in XAL\u0130DB\u018fYL\u0130,<br \/>\nSiyasi ekspert,<br \/>\n\u201cYeni M\u00fcsavat\u201d Media Qrupu<\/p>\n<p><strong><img loading=\"lazy\" src=\"https:\/\/cdn.musavat.com\/news\/thumbnails\/004821fae7991696e809ed2abb664862.jpg\" alt=\"13331023_1081110595260992_3771441806828143088_n.jpg (72 KB)\" width=\"390\" height=\"390\" \/><\/strong><\/p>\n","protected":false},"excerpt":{"rendered":"<p>P\u0259smi Bak\u0131 Minsk Qrupu h\u0259ms\u0259drl\u0259rin\u0259 art\u0131q g\u00fcv\u0259nmir v\u0259 onlar\u0131 problemin h\u0259ll qar\u015f\u0131s\u0131nda \u0259sas \u0259ng\u0259l hesab edir&#8230; Eyni zamanda, s\u00fclh dan\u0131\u015f\u0131qlar\u0131 prosesind\u0259 neytral vasit\u0259\u00e7il\u0259rin olmas\u0131na \u00fcst\u00fcnl\u00fck verir v\u0259 \u00fcmumiyy\u0259tl\u0259, indiki format\u0131n k\u00f6k\u00fcnd\u0259n d\u0259yi\u015fdirilm\u0259sini ist\u0259yir&#8230; Da\u011fl\u0131q Qaraba\u011f probleminin h\u0259lli prosesind\u0259 n\u00f6vb\u0259ti, h\u0259m d\u0259 daha q\u0259liz geopolitik kombinasiyal\u0131 yeni m\u0259rh\u0259l\u0259y\u0259 start verildi&#8230; C\u0259nubi Qafqaz regionunda art\u0131q yeni situasiya yaran\u0131b. Bu regionda c\u0259r\u0259yan ed\u0259n geopolitik prosesl\u0259r\u0259 beyn\u0259lxalq siyasi irad\u0259 m\u0259rk\u0259zl\u0259rinin t\u0259siri imkanlar\u0131 ciddi \u015f\u0259kild\u0259 m\u0259hdudla\u015f\u0131b. V\u0259 C\u0259nubi Qafqaz\u0131n daxili dinamikl\u0259ri i\u015f\u0259 d\u00fc\u015f\u00fcb, regionun \u0259n a\u011f\u0131r problemi f\u0259qrli mexanizml\u0259rl\u0259 h\u0259ll edilm\u0259y\u0259 ba\u015flay\u0131b. T\u0259bii ki, bu,&hellip;<\/p>\n","protected":false},"author":2,"featured_media":230952,"comment_status":"closed","ping_status":"closed","sticky":false,"template":"","format":"standard","meta":{"om_disable_all_campaigns":false,"_monsterinsights_skip_tracking":false,"_monsterinsights_sitenote_active":false,"_monsterinsights_sitenote_note":"","_monsterinsights_sitenote_category":0},"categories":[4],"tags":[],"aioseo_notices":[],"gutentor_comment":0,"rttpg_featured_image_url":{"full":["https:\/\/arantv.az\/wp-content\/uploads\/2020\/10\/a6ce758b771a88a1b5708fc157da60c6.jpg",450,300,false],"landscape":["https:\/\/arantv.az\/wp-content\/uploads\/2020\/10\/a6ce758b771a88a1b5708fc157da60c6.jpg",450,300,false],"portraits":["https:\/\/arantv.az\/wp-content\/uploads\/2020\/10\/a6ce758b771a88a1b5708fc157da60c6.jpg",450,300,false],"thumbnail":["https:\/\/arantv.az\/wp-content\/uploads\/2020\/10\/a6ce758b771a88a1b5708fc157da60c6-150x150.jpg",150,150,true],"medium":["https:\/\/arantv.az\/wp-content\/uploads\/2020\/10\/a6ce758b771a88a1b5708fc157da60c6-300x200.jpg",300,200,true],"large":["https:\/\/arantv.az\/wp-content\/uploads\/2020\/10\/a6ce758b771a88a1b5708fc157da60c6.jpg",450,300,false],"1536x1536":["https:\/\/arantv.az\/wp-content\/uploads\/2020\/10\/a6ce758b771a88a1b5708fc157da60c6.jpg",450,300,false],"2048x2048":["https:\/\/arantv.az\/wp-content\/uploads\/2020\/10\/a6ce758b771a88a1b5708fc157da60c6.jpg",450,300,false],"post-thumbnail":["https:\/\/arantv.az\/wp-content\/uploads\/2020\/10\/a6ce758b771a88a1b5708fc157da60c6-240x172.jpg",240,172,true],"advps-thumb-one":["https:\/\/arantv.az\/wp-content\/uploads\/2020\/10\/a6ce758b771a88a1b5708fc157da60c6.jpg",450,300,false]},"rttpg_author":{"display_name":"V\u00fcsal Rafiqo\u011flu","author_link":"https:\/\/arantv.az\/?author=2"},"rttpg_comment":0,"rttpg_category":"<a href=\"https:\/\/arantv.az\/?cat=4\" rel=\"category\">Siyas\u0259t<\/a>","rttpg_excerpt":"P\u0259smi Bak\u0131 Minsk Qrupu h\u0259ms\u0259drl\u0259rin\u0259 art\u0131q g\u00fcv\u0259nmir v\u0259 onlar\u0131 problemin h\u0259ll qar\u015f\u0131s\u0131nda \u0259sas \u0259ng\u0259l hesab edir&#8230; Eyni zamanda, s\u00fclh dan\u0131\u015f\u0131qlar\u0131 prosesind\u0259 neytral vasit\u0259\u00e7il\u0259rin olmas\u0131na \u00fcst\u00fcnl\u00fck verir v\u0259 \u00fcmumiyy\u0259tl\u0259, indiki format\u0131n k\u00f6k\u00fcnd\u0259n d\u0259yi\u015fdirilm\u0259sini ist\u0259yir&#8230; Da\u011fl\u0131q Qaraba\u011f probleminin h\u0259lli prosesind\u0259 n\u00f6vb\u0259ti, h\u0259m d\u0259 daha q\u0259liz geopolitik kombinasiyal\u0131 yeni m\u0259rh\u0259l\u0259y\u0259 start verildi&#8230; C\u0259nubi Qafqaz regionunda art\u0131q yeni situasiya&hellip;","_links":{"self":[{"href":"https:\/\/arantv.az\/index.php?rest_route=\/wp\/v2\/posts\/230951"}],"collection":[{"href":"https:\/\/arantv.az\/index.php?rest_route=\/wp\/v2\/posts"}],"about":[{"href":"https:\/\/arantv.az\/index.php?rest_route=\/wp\/v2\/types\/post"}],"author":[{"embeddable":true,"href":"https:\/\/arantv.az\/index.php?rest_route=\/wp\/v2\/users\/2"}],"replies":[{"embeddable":true,"href":"https:\/\/arantv.az\/index.php?rest_route=%2Fwp%2Fv2%2Fcomments&post=230951"}],"version-history":[{"count":0,"href":"https:\/\/arantv.az\/index.php?rest_route=\/wp\/v2\/posts\/230951\/revisions"}],"wp:featuredmedia":[{"embeddable":true,"href":"https:\/\/arantv.az\/index.php?rest_route=\/wp\/v2\/media\/230952"}],"wp:attachment":[{"href":"https:\/\/arantv.az\/index.php?rest_route=%2Fwp%2Fv2%2Fmedia&parent=230951"}],"wp:term":[{"taxonomy":"category","embeddable":true,"href":"https:\/\/arantv.az\/index.php?rest_route=%2Fwp%2Fv2%2Fcategories&post=230951"},{"taxonomy":"post_tag","embeddable":true,"href":"https:\/\/arantv.az\/index.php?rest_route=%2Fwp%2Fv2%2Ftags&post=230951"}],"curies":[{"name":"wp","href":"https:\/\/api.w.org\/{rel}","templated":true}]}}