{"id":23101,"date":"2018-11-13T15:15:59","date_gmt":"2018-11-13T12:15:59","guid":{"rendered":"http:\/\/arantv.az\/?p=23101"},"modified":"2018-11-13T15:15:59","modified_gmt":"2018-11-13T12:15:59","slug":"komissiya-az%c9%99rbaycanda-%c9%99m%c9%99k-munasib%c9%99tl%c9%99rinin-leqallasdirilmasi-istiqam%c9%99tind%c9%99-muhum-addimlar-atilir","status":"publish","type":"post","link":"https:\/\/arantv.az\/?p=23101","title":{"rendered":"Komissiya: &#8220;Az\u0259rbaycanda \u0259m\u0259k m\u00fcnasib\u0259tl\u0259rinin leqalla\u015fd\u0131r\u0131lmas\u0131 istiqam\u0259tind\u0259 m\u00fch\u00fcm add\u0131mlar at\u0131l\u0131r&#8221;"},"content":{"rendered":"<p><strong>Az\u0259rbaycanda \u0259m\u0259k m\u00fcnasib\u0259tl\u0259rinin leqalla\u015fd\u0131r\u0131lmas\u0131 istiqam\u0259tind\u0259 m\u00fch\u00fcm add\u0131mlar at\u0131l\u0131r.<\/strong><\/p>\n<p><strong>ARANTV.AZ<\/strong> bildirir ki, \u018fm\u0259k M\u00fcnasib\u0259tl\u0259rinin T\u0259nziml\u0259nm\u0259si v\u0259 Koordinasiyas\u0131 Komissiyas\u0131ndan trend-\u0259 veril\u0259n m\u0259lumata g\u00f6r\u0259, \u0259m\u0259k m\u00fcnasib\u0259tl\u0259rinin r\u0259smil\u0259\u015fdirilm\u0259si, v\u0259t\u0259nda\u015flar\u0131n \u0259m\u0259k v\u0259 sosial h\u00fcquqlar\u0131n\u0131n qorunmas\u0131 sah\u0259sind\u0259 m\u00f6vcud olan probleml\u0259rin h\u0259lli d\u00fcnyan\u0131n b\u00fct\u00fcn \u00f6lk\u0259l\u0259rind\u0259 oldu\u011fu kimi, Az\u0259rbaycan \u00fc\u00e7\u00fcn d\u0259 olduqca \u0259h\u0259miyy\u0259tlidir. Qeyri-formal m\u0259\u015f\u011fulluq \u0259m\u0259k bazar\u0131n\u0131n t\u0259nziml\u0259nm\u0259sin\u0259, vergi, sosial s\u0131\u011forta v\u0259 dig\u0259r m\u0259cburi \u00f6d\u0259ni\u015fl\u0259rin h\u0259yata ke\u00e7irilm\u0259sin\u0259, i\u015f\u00e7il\u0259rin g\u0259l\u0259c\u0259k sosial t\u0259minat h\u00fcquqlar\u0131na malik olmas\u0131na ciddi mane\u0259 yarad\u0131r.<\/p>\n<p>Az\u0259rbaycanda qeyri-formal \u0259m\u0259k m\u00fcnasib\u0259tl\u0259rinin aradan qald\u0131r\u0131lmas\u0131 istiqam\u0259tind\u0259 ciddi add\u0131mlar at\u0131lmaqdad\u0131r. \u00d6lk\u0259d\u0259 i\u015f\u0259g\u00f6t\u00fcr\u0259n-i\u015f\u00e7i m\u00fcnasib\u0259tl\u0259rinin r\u0259smil\u0259\u015fdirilm\u0259si, \u0259m\u0259yin \u00f6d\u0259ni\u015finin t\u0259\u015fkilin\u0259 n\u0259zar\u0259t mexanizml\u0259rinin t\u0259kmill\u0259\u015fdirilm\u0259si v\u0259 bu sah\u0259d\u0259 d\u00f6vl\u0259t orqanlar\u0131 aras\u0131nda daha s\u0259m\u0259r\u0259li koordinasiya olunmu\u015f siyas\u0259tin h\u0259yata ke\u00e7irilm\u0259si m\u0259qs\u0259dil\u0259 2017-ci ilin mart ay\u0131n\u0131n 17-d\u0259 Az\u0259rbaycan Prezidenti \u0130lham \u018fliyevin s\u0259r\u0259ncam\u0131 il\u0259 aidiyy\u0259ti d\u00f6vl\u0259t qurumlar\u0131n\u0131n v\u0259 h\u00f6k\u00fcm\u0259tin sosial t\u0259r\u0259fda\u015flar\u0131n\u0131n r\u0259hb\u0259rlinin i\u015ftirak\u0131 il\u0259 \u018fm\u0259k M\u00fcnasib\u0259tl\u0259rinin T\u0259nziml\u0259nm\u0259si v\u0259 Koordinasiyas\u0131 Komissiyas\u0131 yarad\u0131l\u0131b v\u0259 2017-ci ilin 9 oktyabr tarixind\u0259 &#8220;Az\u0259rbaycan Respublikas\u0131nda qeyri-r\u0259smi m\u0259\u015f\u011fullu\u011fun qar\u015f\u0131s\u0131n\u0131n al\u0131nmas\u0131na dair T\u0259dbirl\u0259r Plan\u0131&#8221; t\u0259sdiq edilib. T\u0259dbirl\u0259r Plan\u0131na uy\u011fun olaraq normativ h\u00fcquqi aktlar\u0131n v\u0259 inzibat\u00e7\u0131l\u0131\u011f\u0131n t\u0259kmill\u0259\u015fdirilm\u0259si, n\u0259zar\u0259t t\u0259dbirl\u0259rinin g\u00fccl\u0259ndirilm\u0259si, monitorinq v\u0259 qiym\u0259tl\u0259ndirm\u0259 sisteminin qurulmas\u0131, m\u0259lumatland\u0131rma v\u0259 t\u0259bli\u011fat i\u015fl\u0259rinin t\u0259\u015fkili il\u0259 ba\u011fl\u0131 36 t\u0259dbirin h\u0259yata ke\u00e7irilm\u0259si n\u0259z\u0259rd\u0259 tutulub.<\/p>\n<p>\u00d6lk\u0259d\u0259 qeyri-formal m\u0259\u015f\u011fullu\u011fun qar\u015f\u0131s\u0131n\u0131n al\u0131nmas\u0131 m\u0259qs\u0259dil\u0259 Komissiya yan\u0131nda m\u00fcvafiq i\u015f\u00e7i qruplar yarad\u0131l\u0131b, m\u00f6vcud h\u00fcquqi baza t\u0259kmill\u0259\u015fdirilib v\u0259 bir s\u0131ra normativ h\u00fcquqi aktlara d\u0259yi\u015fiklikl\u0259r edilm\u0259si bar\u0259d\u0259 layih\u0259l\u0259r haz\u0131rlan\u0131b.<\/p>\n<p>Son d\u00f6vrl\u0259r Komissiyan\u0131n apard\u0131\u011f\u0131 s\u0259m\u0259r\u0259li f\u0259aliyy\u0259t n\u0259tic\u0259sind\u0259 \u00f6lk\u0259 \u00fczr\u0259 leqal f\u0259aliyy\u0259t g\u00f6st\u0259r\u0259n i\u015f\u00e7il\u0259rin v\u0259 fiziki \u015f\u0259xs olan aktiv f\u0259rdi sahibkarlar\u0131n say\u0131nda \u0259h\u0259miyy\u0259tli art\u0131m m\u00fc\u015fahid\u0259 edilm\u0259kd\u0259dir.<\/p>\n<div id=\"AdributorNativeVideo0\" class=\"AdributorNativeVideo\"><\/div>\n<p>Cari ilin 31 oktyabr tarixin\u0259 olan m\u0259lumata \u0259sas\u0259n \u00f6lk\u0259d\u0259 \u0259m\u0259k m\u00fcqavil\u0259si il\u0259 i\u015fl\u0259y\u0259nl\u0259rin say\u0131 2017-ci ilin sonu il\u0259 m\u00fcqayis\u0259d\u0259 75 min n\u0259f\u0259r artaraq 1.386.145 n\u0259f\u0259r t\u0259\u015fkil edib. \u00dcmumiyy\u0259tl\u0259 is\u0259 &#8220;\u018fm\u0259k M\u00fcnasib\u0259tl\u0259rinin T\u0259nziml\u0259nm\u0259si v\u0259 Koordinasiyas\u0131 Komissiyas\u0131n\u0131n&#8221; yarad\u0131ld\u0131\u011f\u0131 2017-ci ilin mart ay\u0131ndan ke\u00e7\u0259n m\u00fcdd\u0259t \u0259rzind\u0259 \u0259m\u0259k f\u0259aliyy\u0259ti leqalla\u015fd\u0131r\u0131lan i\u015f\u00e7il\u0259rin say\u0131 120 min n\u0259f\u0259rd\u0259n \u00e7ox olub ki, bu da b\u00fct\u00fcn muzdlu i\u015f\u00e7il\u0259rin t\u0259xmin\u0259n 9%-ni t\u0259\u015fkil edir. F\u0259aliyy\u0259t sah\u0259l\u0259ri \u00fczr\u0259 \u0259n \u00e7ox leqalla\u015fma hallar\u0131 tikintid\u0259, p\u0259rak\u0259nd\u0259 v\u0259 topdansat\u0131\u015f v\u0259 ia\u015f\u0259 sah\u0259l\u0259rind\u0259 m\u00fc\u015fahid\u0259 edilib.<\/p>\n<p>H\u0259m\u00e7inin 2018-ci ilin 1 oktyabr tarixin\u0259 olan m\u0259lumata g\u00f6r\u0259 Vergil\u0259r Nazirliyind\u0259 qeydiyyatda olan aktiv fiziki \u015f\u0259xs f\u0259rdi sahibkarlar\u0131n say\u0131 ilin \u0259vv\u0259li il\u0259 m\u00fcqayis\u0259d\u0259 23 min n\u0259f\u0259r artaraq 351.607 n\u0259f\u0259r t\u0259\u015fkil edib.<\/p>\n<p>2018-ci il 1 oktyabr tarixin\u0259 \u018fm\u0259k v\u0259 \u018fhalinin Sosial M\u00fcdafi\u0259si Nazirliyi yan\u0131nda D\u00f6vl\u0259t Sosial M\u00fcdafi\u0259 Fondunda qeydiyyatda olan s\u0131\u011fortaolunanlar\u0131n say\u0131 3 690 120 n\u0259f\u0259r t\u0259\u015fkil edir. Bu da \u00f6t\u0259n ilin m\u00fcvafiq d\u00f6vr\u00fc (3 528 466 n\u0259f\u0259r) il\u0259 m\u00fcqayis\u0259d\u0259 161 654 n\u0259f\u0259r v\u0259 ya 4,6 faiz \u00e7oxdur.<\/p>\n<p>Qeyri-formal m\u0259\u015f\u011fullu\u011fun aradan qald\u0131r\u0131lmas\u0131 \u00fc\u00e7\u00fcn m\u00fcvafiq qurumlar birg\u0259 f\u0259aliyy\u0259t g\u00f6st\u0259rir, m\u0259s\u0259l\u0259y\u0259 kompleks yana\u015f\u0131laraq yaln\u0131z inzibati t\u0259dbirl\u0259r deyil, h\u0259m\u00e7inin stimulla\u015fd\u0131r\u0131c\u0131 v\u0259 maarifl\u0259ndirici t\u0259dbirl\u0259r d\u0259 h\u0259yata ke\u00e7irilir. Art\u0131q ictimayy\u0259t\u0259 m\u0259lumat verildiyi kimi, yax\u0131n vaxtlarda vergil\u0259r sah\u0259sind\u0259 k\u00f6kl\u00fc islahatlar\u0131n h\u0259yata ke\u00e7irilm\u0259si qeyri-r\u0259smi m\u0259\u015f\u011fullu\u011fun aradan qald\u0131r\u0131lmas\u0131na ciddi t\u0259kan ver\u0259c\u0259k.<\/p>\n","protected":false},"excerpt":{"rendered":"<p>Az\u0259rbaycanda \u0259m\u0259k m\u00fcnasib\u0259tl\u0259rinin leqalla\u015fd\u0131r\u0131lmas\u0131 istiqam\u0259tind\u0259 m\u00fch\u00fcm add\u0131mlar at\u0131l\u0131r. ARANTV.AZ bildirir ki, \u018fm\u0259k M\u00fcnasib\u0259tl\u0259rinin T\u0259nziml\u0259nm\u0259si v\u0259 Koordinasiyas\u0131 Komissiyas\u0131ndan trend-\u0259 veril\u0259n m\u0259lumata g\u00f6r\u0259, \u0259m\u0259k m\u00fcnasib\u0259tl\u0259rinin r\u0259smil\u0259\u015fdirilm\u0259si, v\u0259t\u0259nda\u015flar\u0131n \u0259m\u0259k v\u0259 sosial h\u00fcquqlar\u0131n\u0131n qorunmas\u0131 sah\u0259sind\u0259 m\u00f6vcud olan probleml\u0259rin h\u0259lli d\u00fcnyan\u0131n b\u00fct\u00fcn \u00f6lk\u0259l\u0259rind\u0259 oldu\u011fu kimi, Az\u0259rbaycan \u00fc\u00e7\u00fcn d\u0259 olduqca \u0259h\u0259miyy\u0259tlidir. Qeyri-formal m\u0259\u015f\u011fulluq \u0259m\u0259k bazar\u0131n\u0131n t\u0259nziml\u0259nm\u0259sin\u0259, vergi, sosial s\u0131\u011forta v\u0259 dig\u0259r m\u0259cburi \u00f6d\u0259ni\u015fl\u0259rin h\u0259yata ke\u00e7irilm\u0259sin\u0259, i\u015f\u00e7il\u0259rin g\u0259l\u0259c\u0259k sosial t\u0259minat h\u00fcquqlar\u0131na malik olmas\u0131na ciddi mane\u0259 yarad\u0131r. Az\u0259rbaycanda qeyri-formal \u0259m\u0259k m\u00fcnasib\u0259tl\u0259rinin aradan qald\u0131r\u0131lmas\u0131 istiqam\u0259tind\u0259 ciddi add\u0131mlar at\u0131lmaqdad\u0131r. \u00d6lk\u0259d\u0259 i\u015f\u0259g\u00f6t\u00fcr\u0259n-i\u015f\u00e7i m\u00fcnasib\u0259tl\u0259rinin r\u0259smil\u0259\u015fdirilm\u0259si, \u0259m\u0259yin \u00f6d\u0259ni\u015finin t\u0259\u015fkilin\u0259 n\u0259zar\u0259t mexanizml\u0259rinin t\u0259kmill\u0259\u015fdirilm\u0259si v\u0259&hellip;<\/p>\n","protected":false},"author":2,"featured_media":23102,"comment_status":"closed","ping_status":"closed","sticky":false,"template":"","format":"standard","meta":{"om_disable_all_campaigns":false,"_monsterinsights_skip_tracking":false,"_monsterinsights_sitenote_active":false,"_monsterinsights_sitenote_note":"","_monsterinsights_sitenote_category":0},"categories":[1],"tags":[],"aioseo_notices":[],"gutentor_comment":0,"rttpg_featured_image_url":{"full":["https:\/\/arantv.az\/wp-content\/uploads\/2018\/11\/703358.jpg",800,600,false],"landscape":["https:\/\/arantv.az\/wp-content\/uploads\/2018\/11\/703358.jpg",800,600,false],"portraits":["https:\/\/arantv.az\/wp-content\/uploads\/2018\/11\/703358.jpg",800,600,false],"thumbnail":["https:\/\/arantv.az\/wp-content\/uploads\/2018\/11\/703358-150x150.jpg",150,150,true],"medium":["https:\/\/arantv.az\/wp-content\/uploads\/2018\/11\/703358-300x225.jpg",300,225,true],"large":["https:\/\/arantv.az\/wp-content\/uploads\/2018\/11\/703358.jpg",640,480,false],"1536x1536":["https:\/\/arantv.az\/wp-content\/uploads\/2018\/11\/703358.jpg",800,600,false],"2048x2048":["https:\/\/arantv.az\/wp-content\/uploads\/2018\/11\/703358.jpg",800,600,false],"post-thumbnail":["https:\/\/arantv.az\/wp-content\/uploads\/2018\/11\/703358-240x172.jpg",240,172,true],"advps-thumb-one":["https:\/\/arantv.az\/wp-content\/uploads\/2018\/11\/703358.jpg",800,600,false]},"rttpg_author":{"display_name":"V\u00fcsal Rafiqo\u011flu","author_link":"https:\/\/arantv.az\/?author=2"},"rttpg_comment":0,"rttpg_category":"<a href=\"https:\/\/arantv.az\/?cat=1\" rel=\"category\">C\u0259miyy\u0259t<\/a>","rttpg_excerpt":"Az\u0259rbaycanda \u0259m\u0259k m\u00fcnasib\u0259tl\u0259rinin leqalla\u015fd\u0131r\u0131lmas\u0131 istiqam\u0259tind\u0259 m\u00fch\u00fcm add\u0131mlar at\u0131l\u0131r. ARANTV.AZ bildirir ki, \u018fm\u0259k M\u00fcnasib\u0259tl\u0259rinin T\u0259nziml\u0259nm\u0259si v\u0259 Koordinasiyas\u0131 Komissiyas\u0131ndan trend-\u0259 veril\u0259n m\u0259lumata g\u00f6r\u0259, \u0259m\u0259k m\u00fcnasib\u0259tl\u0259rinin r\u0259smil\u0259\u015fdirilm\u0259si, v\u0259t\u0259nda\u015flar\u0131n \u0259m\u0259k v\u0259 sosial h\u00fcquqlar\u0131n\u0131n qorunmas\u0131 sah\u0259sind\u0259 m\u00f6vcud olan probleml\u0259rin h\u0259lli d\u00fcnyan\u0131n b\u00fct\u00fcn \u00f6lk\u0259l\u0259rind\u0259 oldu\u011fu kimi, Az\u0259rbaycan \u00fc\u00e7\u00fcn d\u0259 olduqca \u0259h\u0259miyy\u0259tlidir. Qeyri-formal m\u0259\u015f\u011fulluq \u0259m\u0259k bazar\u0131n\u0131n t\u0259nziml\u0259nm\u0259sin\u0259, vergi, sosial s\u0131\u011forta v\u0259 dig\u0259r&hellip;","_links":{"self":[{"href":"https:\/\/arantv.az\/index.php?rest_route=\/wp\/v2\/posts\/23101"}],"collection":[{"href":"https:\/\/arantv.az\/index.php?rest_route=\/wp\/v2\/posts"}],"about":[{"href":"https:\/\/arantv.az\/index.php?rest_route=\/wp\/v2\/types\/post"}],"author":[{"embeddable":true,"href":"https:\/\/arantv.az\/index.php?rest_route=\/wp\/v2\/users\/2"}],"replies":[{"embeddable":true,"href":"https:\/\/arantv.az\/index.php?rest_route=%2Fwp%2Fv2%2Fcomments&post=23101"}],"version-history":[{"count":0,"href":"https:\/\/arantv.az\/index.php?rest_route=\/wp\/v2\/posts\/23101\/revisions"}],"wp:featuredmedia":[{"embeddable":true,"href":"https:\/\/arantv.az\/index.php?rest_route=\/wp\/v2\/media\/23102"}],"wp:attachment":[{"href":"https:\/\/arantv.az\/index.php?rest_route=%2Fwp%2Fv2%2Fmedia&parent=23101"}],"wp:term":[{"taxonomy":"category","embeddable":true,"href":"https:\/\/arantv.az\/index.php?rest_route=%2Fwp%2Fv2%2Fcategories&post=23101"},{"taxonomy":"post_tag","embeddable":true,"href":"https:\/\/arantv.az\/index.php?rest_route=%2Fwp%2Fv2%2Ftags&post=23101"}],"curies":[{"name":"wp","href":"https:\/\/api.w.org\/{rel}","templated":true}]}}