{"id":23108,"date":"2018-11-13T15:28:04","date_gmt":"2018-11-13T12:28:04","guid":{"rendered":"http:\/\/arantv.az\/?p=23108"},"modified":"2018-11-13T15:28:04","modified_gmt":"2018-11-13T12:28:04","slug":"r%c9%99smi-yerevan-az%c9%99rbaycan-v%c9%99-erm%c9%99nistan-xin-r%c9%99hb%c9%99rl%c9%99rinin-gorusu-bar%c9%99d%c9%99","status":"publish","type":"post","link":"https:\/\/arantv.az\/?p=23108","title":{"rendered":"R\u0259smi Yerevan Az\u0259rbaycan v\u0259 Erm\u0259nistan X\u0130N r\u0259hb\u0259rl\u0259rinin g\u00f6r\u00fc\u015f\u00fc bar\u0259d\u0259"},"content":{"rendered":"<p>\u0130lin sonuna q\u0259d\u0259r Erm\u0259nistan v\u0259 Az\u0259rbaycan\u0131n xarici i\u015fl\u0259r nazirl\u0259ri Zoqrab Mnatsakanyan v\u0259 Elmar M\u0259mm\u0259dyarovun daha bir g\u00f6r\u00fc\u015f\u00fc ba\u015f tutacaq.<\/p>\n<p><strong>ARANTV.AZ <\/strong>oxu.az-a istinad\u0259n x\u0259b\u0259r verir ki, bu bar\u0259d\u0259 Erm\u0259nistan Xarici \u0130\u015fl\u0259r Nazirliyinin (X\u0130N) m\u0259tbuat katibi Anna Naqdalyan brifinqd\u0259 m\u0259lumat verib.<\/p>\n<p>\u201cMnatsakanyan dekabr\u0131n 6-7 d\u0259 AT\u018fT Xarici \u0130\u015fl\u0259r Nazirl\u0259ri \u015euras\u0131n\u0131n iclas\u0131nda i\u015ftirak ed\u0259c\u0259k. H\u0259ms\u0259drl\u0259r t\u0259r\u0259find\u0259n t\u0259klif g\u0259lib ki, iclas \u00e7\u0259r\u00e7iv\u0259sind\u0259 g\u00f6r\u00fc\u015f ke\u00e7irilsin. G\u00f6r\u00fc\u015f bar\u0259d\u0259 m\u0259lumat t\u0259sdiql\u0259n\u0259n kimi bu bar\u0259d\u0259 ictimaiyy\u0259t\u0259 m\u0259lumat veril\u0259c\u0259k\u201d,- dey\u0259 Naqdalyan qeyd edib.<\/p>\n","protected":false},"excerpt":{"rendered":"<p>\u0130lin sonuna q\u0259d\u0259r Erm\u0259nistan v\u0259 Az\u0259rbaycan\u0131n xarici i\u015fl\u0259r nazirl\u0259ri Zoqrab Mnatsakanyan v\u0259 Elmar M\u0259mm\u0259dyarovun daha bir g\u00f6r\u00fc\u015f\u00fc ba\u015f tutacaq. ARANTV.AZ oxu.az-a istinad\u0259n x\u0259b\u0259r verir ki, bu bar\u0259d\u0259 Erm\u0259nistan Xarici \u0130\u015fl\u0259r Nazirliyinin (X\u0130N) m\u0259tbuat katibi Anna Naqdalyan brifinqd\u0259 m\u0259lumat verib. \u201cMnatsakanyan dekabr\u0131n 6-7 d\u0259 AT\u018fT Xarici \u0130\u015fl\u0259r Nazirl\u0259ri \u015euras\u0131n\u0131n iclas\u0131nda i\u015ftirak ed\u0259c\u0259k. H\u0259ms\u0259drl\u0259r t\u0259r\u0259find\u0259n t\u0259klif g\u0259lib ki, iclas \u00e7\u0259r\u00e7iv\u0259sind\u0259 g\u00f6r\u00fc\u015f ke\u00e7irilsin. G\u00f6r\u00fc\u015f bar\u0259d\u0259 m\u0259lumat t\u0259sdiql\u0259n\u0259n kimi bu bar\u0259d\u0259 ictimaiyy\u0259t\u0259 m\u0259lumat veril\u0259c\u0259k\u201d,- dey\u0259 Naqdalyan qeyd edib.<\/p>\n","protected":false},"author":2,"featured_media":23109,"comment_status":"closed","ping_status":"closed","sticky":false,"template":"","format":"standard","meta":{"om_disable_all_campaigns":false,"_monsterinsights_skip_tracking":false,"_monsterinsights_sitenote_active":false,"_monsterinsights_sitenote_note":"","_monsterinsights_sitenote_category":0},"categories":[19],"tags":[],"aioseo_notices":[],"gutentor_comment":0,"rttpg_featured_image_url":{"full":["https:\/\/arantv.az\/wp-content\/uploads\/2018\/11\/MyCollages-6.jpg",620,434,false],"landscape":["https:\/\/arantv.az\/wp-content\/uploads\/2018\/11\/MyCollages-6.jpg",620,434,false],"portraits":["https:\/\/arantv.az\/wp-content\/uploads\/2018\/11\/MyCollages-6.jpg",620,434,false],"thumbnail":["https:\/\/arantv.az\/wp-content\/uploads\/2018\/11\/MyCollages-6-150x150.jpg",150,150,true],"medium":["https:\/\/arantv.az\/wp-content\/uploads\/2018\/11\/MyCollages-6-300x210.jpg",300,210,true],"large":["https:\/\/arantv.az\/wp-content\/uploads\/2018\/11\/MyCollages-6.jpg",620,434,false],"1536x1536":["https:\/\/arantv.az\/wp-content\/uploads\/2018\/11\/MyCollages-6.jpg",620,434,false],"2048x2048":["https:\/\/arantv.az\/wp-content\/uploads\/2018\/11\/MyCollages-6.jpg",620,434,false],"post-thumbnail":["https:\/\/arantv.az\/wp-content\/uploads\/2018\/11\/MyCollages-6-240x172.jpg",240,172,true],"advps-thumb-one":["https:\/\/arantv.az\/wp-content\/uploads\/2018\/11\/MyCollages-6.jpg",620,434,false]},"rttpg_author":{"display_name":"V\u00fcsal Rafiqo\u011flu","author_link":"https:\/\/arantv.az\/?author=2"},"rttpg_comment":0,"rttpg_category":"<a href=\"https:\/\/arantv.az\/?cat=19\" rel=\"category\">G\u00fcnd\u0259m<\/a>","rttpg_excerpt":"\u0130lin sonuna q\u0259d\u0259r Erm\u0259nistan v\u0259 Az\u0259rbaycan\u0131n xarici i\u015fl\u0259r nazirl\u0259ri Zoqrab Mnatsakanyan v\u0259 Elmar M\u0259mm\u0259dyarovun daha bir g\u00f6r\u00fc\u015f\u00fc ba\u015f tutacaq. ARANTV.AZ oxu.az-a istinad\u0259n x\u0259b\u0259r verir ki, bu bar\u0259d\u0259 Erm\u0259nistan Xarici \u0130\u015fl\u0259r Nazirliyinin (X\u0130N) m\u0259tbuat katibi Anna Naqdalyan brifinqd\u0259 m\u0259lumat verib. \u201cMnatsakanyan dekabr\u0131n 6-7 d\u0259 AT\u018fT Xarici \u0130\u015fl\u0259r Nazirl\u0259ri \u015euras\u0131n\u0131n iclas\u0131nda i\u015ftirak ed\u0259c\u0259k. H\u0259ms\u0259drl\u0259r t\u0259r\u0259find\u0259n t\u0259klif g\u0259lib&hellip;","_links":{"self":[{"href":"https:\/\/arantv.az\/index.php?rest_route=\/wp\/v2\/posts\/23108"}],"collection":[{"href":"https:\/\/arantv.az\/index.php?rest_route=\/wp\/v2\/posts"}],"about":[{"href":"https:\/\/arantv.az\/index.php?rest_route=\/wp\/v2\/types\/post"}],"author":[{"embeddable":true,"href":"https:\/\/arantv.az\/index.php?rest_route=\/wp\/v2\/users\/2"}],"replies":[{"embeddable":true,"href":"https:\/\/arantv.az\/index.php?rest_route=%2Fwp%2Fv2%2Fcomments&post=23108"}],"version-history":[{"count":0,"href":"https:\/\/arantv.az\/index.php?rest_route=\/wp\/v2\/posts\/23108\/revisions"}],"wp:featuredmedia":[{"embeddable":true,"href":"https:\/\/arantv.az\/index.php?rest_route=\/wp\/v2\/media\/23109"}],"wp:attachment":[{"href":"https:\/\/arantv.az\/index.php?rest_route=%2Fwp%2Fv2%2Fmedia&parent=23108"}],"wp:term":[{"taxonomy":"category","embeddable":true,"href":"https:\/\/arantv.az\/index.php?rest_route=%2Fwp%2Fv2%2Fcategories&post=23108"},{"taxonomy":"post_tag","embeddable":true,"href":"https:\/\/arantv.az\/index.php?rest_route=%2Fwp%2Fv2%2Ftags&post=23108"}],"curies":[{"name":"wp","href":"https:\/\/api.w.org\/{rel}","templated":true}]}}