{"id":23118,"date":"2018-11-13T15:39:10","date_gmt":"2018-11-13T12:39:10","guid":{"rendered":"http:\/\/arantv.az\/?p=23118"},"modified":"2018-11-13T15:39:10","modified_gmt":"2018-11-13T12:39:10","slug":"prezidentin-dill%c9%99-bagli-sonuncu-f%c9%99rmaninda-%c9%99ks-olunan-t%c9%99dbirl%c9%99r-plani-hazirdir","status":"publish","type":"post","link":"https:\/\/arantv.az\/?p=23118","title":{"rendered":"\u201cPrezidentin dill\u0259 ba\u011fl\u0131 sonuncu f\u0259rman\u0131nda \u0259ks olunan T\u0259dbirl\u0259r Plan\u0131 haz\u0131rd\u0131r\u201d"},"content":{"rendered":"<p><strong>&#8220;Prezident\u00a0\u0130lham \u018fliyevin imzalad\u0131\u011f\u0131 &#8220;Az\u0259rbaycan dilinin safl\u0131\u011f\u0131n\u0131n qorunmas\u0131 v\u0259 d\u00f6vl\u0259t dilind\u0259n istifad\u0259nin daha da t\u0259kmill\u0259\u015fdirilm\u0259si il\u0259 ba\u011fl\u0131 t\u0259dbirl\u0259r haqq\u0131nda&#8221; imzalad\u0131\u011f\u0131\u00a0f\u0259rman\u0131nda olan tap\u015f\u0131r\u0131qlara uy\u011fun olaraq,\u00a0&#8220;Az\u0259rbaycan dilinin safl\u0131\u011f\u0131n\u0131n qorunmas\u0131 v\u0259 d\u00f6vl\u0259t dilind\u0259n istifad\u0259nin daha da yax\u015f\u0131la\u015fd\u0131r\u0131lmas\u0131 il\u0259 ba\u011fl\u0131 T\u0259dbirl\u0259r Plan\u0131&#8221;n\u0131 haz\u0131rlamaq \u00fc\u00e7\u00fcn yarad\u0131lan \u0130\u015f\u00e7i qrup art\u0131q v\u0259zif\u0259sini yerin\u0259 yetirib,\u00a0T\u0259dbirl\u0259r Plan\u0131n\u0131 haz\u0131rlay\u0131b v\u0259\u00a0Az\u0259rbaycan\u00a0Milli Elml\u0259r Akademiyas\u0131n\u0131n (AMEA) R\u0259yas\u0259t Hey\u0259tin\u0259 t\u0259hvil verib&#8221;.<\/strong><\/p>\n<p><strong>ARANTV.AZ<\/strong> x\u0259b\u0259r verir ki, bunu report.az-a a\u00e7\u0131qlamas\u0131nda\u00a0&#8220;Az\u0259rbaycan dilinin safl\u0131\u011f\u0131n\u0131n qorunmas\u0131 v\u0259 d\u00f6vl\u0259t dilind\u0259n istifad\u0259nin daha da yax\u015f\u0131la\u015fd\u0131r\u0131lmas\u0131 il\u0259 ba\u011fl\u0131 T\u0259dbirl\u0259r Plan\u0131&#8221;n\u0131 haz\u0131rlamaq \u00fc\u00e7\u00fcn yarad\u0131lan \u0130\u015f\u00e7i qrupunun s\u0259dri,\u00a0D\u00f6vl\u0259t Dil Komissiyas\u0131n\u0131n \u00fczv\u00fc, AMEA-n\u0131n N\u0259simi ad\u0131na Dil\u00e7ilik \u0130nstitutunun direktoru\u00a0M\u00f6hs\u00fcn Na\u011f\u0131soylu\u00a0deyib.<\/p>\n<p>O bildirib ki, Prezident \u0130lham \u018fliyevin imzalad\u0131\u011f\u0131 f\u0259rman m\u00fcst\u0259qil Az\u0259rbaycan d\u00f6vl\u0259tinin dil siyas\u0259tinin m\u00fcasir m\u0259rh\u0259l\u0259d\u0259ki h\u0259d\u0259fl\u0259rini, istiqam\u0259tl\u0259rini, v\u0259zif\u0259l\u0259rini m\u00fc\u0259yy\u0259n edir: &#8220;F\u0259rman dilimiz\u0259 k\u0259nardan daxil olan yad k\u0259lm\u0259l\u0259r\u0259, dilimizin qrammatikas\u0131na uy\u011fun olmayan s\u00f6zl\u0259r\u0259 h\u0259ssas m\u00fcnasib\u0259t b\u0259sl\u0259m\u0259yi t\u0259l\u0259b edir. Dilimizin daha \u00e7ox \u00f6z\u00fcn\u00fcn daxili z\u0259nginlikl\u0259ri hesab\u0131na inki\u015faf etdirilm\u0259si v\u0259zif\u0259l\u0259rini qar\u015f\u0131ya qoyur&#8221;.<\/p>\n<div id=\"AdributorNativeVideo0\" class=\"AdributorNativeVideo\"><\/div>\n<p>Direktorun s\u00f6zl\u0259rin\u0259 g\u00f6r\u0259, t\u0259dbirl\u0259r plan\u0131nda 30-dan \u00e7ox madd\u0259 \u00f6z \u0259ksini tap\u0131b.<\/p>\n","protected":false},"excerpt":{"rendered":"<p>&#8220;Prezident\u00a0\u0130lham \u018fliyevin imzalad\u0131\u011f\u0131 &#8220;Az\u0259rbaycan dilinin safl\u0131\u011f\u0131n\u0131n qorunmas\u0131 v\u0259 d\u00f6vl\u0259t dilind\u0259n istifad\u0259nin daha da t\u0259kmill\u0259\u015fdirilm\u0259si il\u0259 ba\u011fl\u0131 t\u0259dbirl\u0259r haqq\u0131nda&#8221; imzalad\u0131\u011f\u0131\u00a0f\u0259rman\u0131nda olan tap\u015f\u0131r\u0131qlara uy\u011fun olaraq,\u00a0&#8220;Az\u0259rbaycan dilinin safl\u0131\u011f\u0131n\u0131n qorunmas\u0131 v\u0259 d\u00f6vl\u0259t dilind\u0259n istifad\u0259nin daha da yax\u015f\u0131la\u015fd\u0131r\u0131lmas\u0131 il\u0259 ba\u011fl\u0131 T\u0259dbirl\u0259r Plan\u0131&#8221;n\u0131 haz\u0131rlamaq \u00fc\u00e7\u00fcn yarad\u0131lan \u0130\u015f\u00e7i qrup art\u0131q v\u0259zif\u0259sini yerin\u0259 yetirib,\u00a0T\u0259dbirl\u0259r Plan\u0131n\u0131 haz\u0131rlay\u0131b v\u0259\u00a0Az\u0259rbaycan\u00a0Milli Elml\u0259r Akademiyas\u0131n\u0131n (AMEA) R\u0259yas\u0259t Hey\u0259tin\u0259 t\u0259hvil verib&#8221;. ARANTV.AZ x\u0259b\u0259r verir ki, bunu report.az-a a\u00e7\u0131qlamas\u0131nda\u00a0&#8220;Az\u0259rbaycan dilinin safl\u0131\u011f\u0131n\u0131n qorunmas\u0131 v\u0259 d\u00f6vl\u0259t dilind\u0259n istifad\u0259nin daha da yax\u015f\u0131la\u015fd\u0131r\u0131lmas\u0131 il\u0259 ba\u011fl\u0131 T\u0259dbirl\u0259r Plan\u0131&#8221;n\u0131 haz\u0131rlamaq \u00fc\u00e7\u00fcn yarad\u0131lan \u0130\u015f\u00e7i qrupunun s\u0259dri,\u00a0D\u00f6vl\u0259t Dil Komissiyas\u0131n\u0131n \u00fczv\u00fc, AMEA-n\u0131n N\u0259simi ad\u0131na Dil\u00e7ilik&hellip;<\/p>\n","protected":false},"author":2,"featured_media":23119,"comment_status":"closed","ping_status":"closed","sticky":false,"template":"","format":"standard","meta":{"om_disable_all_campaigns":false,"_monsterinsights_skip_tracking":false,"_monsterinsights_sitenote_active":false,"_monsterinsights_sitenote_note":"","_monsterinsights_sitenote_category":0},"categories":[1],"tags":[],"aioseo_notices":[],"gutentor_comment":0,"rttpg_featured_image_url":{"full":["https:\/\/arantv.az\/wp-content\/uploads\/2018\/11\/703325.jpg",800,600,false],"landscape":["https:\/\/arantv.az\/wp-content\/uploads\/2018\/11\/703325.jpg",800,600,false],"portraits":["https:\/\/arantv.az\/wp-content\/uploads\/2018\/11\/703325.jpg",800,600,false],"thumbnail":["https:\/\/arantv.az\/wp-content\/uploads\/2018\/11\/703325-150x150.jpg",150,150,true],"medium":["https:\/\/arantv.az\/wp-content\/uploads\/2018\/11\/703325-300x225.jpg",300,225,true],"large":["https:\/\/arantv.az\/wp-content\/uploads\/2018\/11\/703325.jpg",640,480,false],"1536x1536":["https:\/\/arantv.az\/wp-content\/uploads\/2018\/11\/703325.jpg",800,600,false],"2048x2048":["https:\/\/arantv.az\/wp-content\/uploads\/2018\/11\/703325.jpg",800,600,false],"post-thumbnail":["https:\/\/arantv.az\/wp-content\/uploads\/2018\/11\/703325-240x172.jpg",240,172,true],"advps-thumb-one":["https:\/\/arantv.az\/wp-content\/uploads\/2018\/11\/703325.jpg",800,600,false]},"rttpg_author":{"display_name":"V\u00fcsal Rafiqo\u011flu","author_link":"https:\/\/arantv.az\/?author=2"},"rttpg_comment":0,"rttpg_category":"<a href=\"https:\/\/arantv.az\/?cat=1\" rel=\"category\">C\u0259miyy\u0259t<\/a>","rttpg_excerpt":"&#8220;Prezident\u00a0\u0130lham \u018fliyevin imzalad\u0131\u011f\u0131 &#8220;Az\u0259rbaycan dilinin safl\u0131\u011f\u0131n\u0131n qorunmas\u0131 v\u0259 d\u00f6vl\u0259t dilind\u0259n istifad\u0259nin daha da t\u0259kmill\u0259\u015fdirilm\u0259si il\u0259 ba\u011fl\u0131 t\u0259dbirl\u0259r haqq\u0131nda&#8221; imzalad\u0131\u011f\u0131\u00a0f\u0259rman\u0131nda olan tap\u015f\u0131r\u0131qlara uy\u011fun olaraq,\u00a0&#8220;Az\u0259rbaycan dilinin safl\u0131\u011f\u0131n\u0131n qorunmas\u0131 v\u0259 d\u00f6vl\u0259t dilind\u0259n istifad\u0259nin daha da yax\u015f\u0131la\u015fd\u0131r\u0131lmas\u0131 il\u0259 ba\u011fl\u0131 T\u0259dbirl\u0259r Plan\u0131&#8221;n\u0131 haz\u0131rlamaq \u00fc\u00e7\u00fcn yarad\u0131lan \u0130\u015f\u00e7i qrup art\u0131q v\u0259zif\u0259sini yerin\u0259 yetirib,\u00a0T\u0259dbirl\u0259r Plan\u0131n\u0131 haz\u0131rlay\u0131b v\u0259\u00a0Az\u0259rbaycan\u00a0Milli Elml\u0259r Akademiyas\u0131n\u0131n (AMEA) R\u0259yas\u0259t Hey\u0259tin\u0259 t\u0259hvil&hellip;","_links":{"self":[{"href":"https:\/\/arantv.az\/index.php?rest_route=\/wp\/v2\/posts\/23118"}],"collection":[{"href":"https:\/\/arantv.az\/index.php?rest_route=\/wp\/v2\/posts"}],"about":[{"href":"https:\/\/arantv.az\/index.php?rest_route=\/wp\/v2\/types\/post"}],"author":[{"embeddable":true,"href":"https:\/\/arantv.az\/index.php?rest_route=\/wp\/v2\/users\/2"}],"replies":[{"embeddable":true,"href":"https:\/\/arantv.az\/index.php?rest_route=%2Fwp%2Fv2%2Fcomments&post=23118"}],"version-history":[{"count":0,"href":"https:\/\/arantv.az\/index.php?rest_route=\/wp\/v2\/posts\/23118\/revisions"}],"wp:featuredmedia":[{"embeddable":true,"href":"https:\/\/arantv.az\/index.php?rest_route=\/wp\/v2\/media\/23119"}],"wp:attachment":[{"href":"https:\/\/arantv.az\/index.php?rest_route=%2Fwp%2Fv2%2Fmedia&parent=23118"}],"wp:term":[{"taxonomy":"category","embeddable":true,"href":"https:\/\/arantv.az\/index.php?rest_route=%2Fwp%2Fv2%2Fcategories&post=23118"},{"taxonomy":"post_tag","embeddable":true,"href":"https:\/\/arantv.az\/index.php?rest_route=%2Fwp%2Fv2%2Ftags&post=23118"}],"curies":[{"name":"wp","href":"https:\/\/api.w.org\/{rel}","templated":true}]}}