{"id":23150,"date":"2018-11-13T16:05:06","date_gmt":"2018-11-13T13:05:06","guid":{"rendered":"http:\/\/arantv.az\/?p=23150"},"modified":"2018-11-13T16:05:06","modified_gmt":"2018-11-13T13:05:06","slug":"%c9%99flatun-amasov-hokum%c9%99t%c9%99-cap-m%c9%99hsullari-uz%c9%99rind%c9%99n-%c9%99lav%c9%99-d%c9%99y%c9%99r-vergisinin-goturm%c9%99sini-t%c9%99klif-etdi","status":"publish","type":"post","link":"https:\/\/arantv.az\/?p=23150","title":{"rendered":"\u018fflatun Ama\u015fov h\u00f6kum\u0259t\u0259 \u00e7ap m\u0259hsullar\u0131 \u00fcz\u0259rind\u0259n \u0259lav\u0259 d\u0259y\u0259r vergisinin g\u00f6t\u00fcrm\u0259sini t\u0259klif etdi"},"content":{"rendered":"<div class=\"spot\">Milli M\u0259clisin bu g\u00fcn ke\u00e7iril\u0259n plenar iclas\u0131nda \u00e7ap m\u0259hsullar\u0131 \u00fcz\u0259rind\u0259n \u0259lav\u0259 d\u0259y\u0259r vergisinin g\u00f6t\u00fcr\u00fclm\u0259si t\u0259klif edilib.<\/div>\n<p><strong>ARANTV.AZ<\/strong> x\u0259b\u0259r verir ki, bu t\u0259klifi Milli M\u0259clisd\u0259 2019-cu ilin d\u00f6vl\u0259t b\u00fcdc\u0259sinin m\u00fczakir\u0259si zaman\u0131 \u00e7\u0131x\u0131\u015f ed\u0259n\u00a0 M\u0259tbuat \u015euras\u0131n\u0131n s\u0259dri \u018fflatun Ama\u015fov s\u0259sl\u0259ndirib.<\/p>\n<p>Deputat deyib ki,\u00a0 Az\u0259rbaycan medias\u0131n\u0131n iqtisadi durumu problemsiz deyil, lakin \u00e7ap m\u0259hsullar\u0131 \u00fcz\u0259rind\u0259n \u0259lav\u0259 d\u0259y\u0259r vergisinin g\u00f6t\u00fcr\u00fclm\u0259si yax\u015f\u0131 olar:<\/p>\n<p>\u201cVerginin g\u00f6t\u00fcr\u00fclm\u0259si bu sah\u0259nin daha da inki\u015faf etm\u0259sin\u0259 s\u0259b\u0259b olacaq. M\u0259n t\u0259hsil sah\u0259sin\u0259 ayr\u0131lan v\u0259saitin art\u0131r\u0131lmas\u0131n\u0131 da vacib say\u0131ram. Bu v\u0259sait Az\u0259rbaycandilli m\u0259kt\u0259bl\u0259rd\u0259 d\u0259rslikl\u0259rin daha m\u00fcasir haz\u0131rlanmas\u0131na s\u0259rf edilsin. Son zamanlar m\u00fczakir\u0259l\u0259r\u0259 s\u0259b\u0259b olan m\u0259s\u0259l\u0259l\u0259r bunu t\u0259l\u0259b edir. Bu m\u0259kt\u0259bl\u0259r g\u00fccl\u00fc olmal\u0131d\u0131r ki, \u00f6vladlar\u0131n\u0131 dig\u0259r dill\u0259rd\u0259 olan m\u0259kt\u0259bl\u0259r\u0259 g\u00f6nd\u0259r\u0259n valideynl\u0259rin b\u0259han\u0259si olmas\u0131n\u201d.<\/p>\n<div id=\"AdributorNativeVideo0\" class=\"AdributorNativeVideo\"><\/div>\n<p><em>\u00d6lk\u0259.Az<\/em><\/p>\n","protected":false},"excerpt":{"rendered":"<p>Milli M\u0259clisin bu g\u00fcn ke\u00e7iril\u0259n plenar iclas\u0131nda \u00e7ap m\u0259hsullar\u0131 \u00fcz\u0259rind\u0259n \u0259lav\u0259 d\u0259y\u0259r vergisinin g\u00f6t\u00fcr\u00fclm\u0259si t\u0259klif edilib. ARANTV.AZ x\u0259b\u0259r verir ki, bu t\u0259klifi Milli M\u0259clisd\u0259 2019-cu ilin d\u00f6vl\u0259t b\u00fcdc\u0259sinin m\u00fczakir\u0259si zaman\u0131 \u00e7\u0131x\u0131\u015f ed\u0259n\u00a0 M\u0259tbuat \u015euras\u0131n\u0131n s\u0259dri \u018fflatun Ama\u015fov s\u0259sl\u0259ndirib. Deputat deyib ki,\u00a0 Az\u0259rbaycan medias\u0131n\u0131n iqtisadi durumu problemsiz deyil, lakin \u00e7ap m\u0259hsullar\u0131 \u00fcz\u0259rind\u0259n \u0259lav\u0259 d\u0259y\u0259r vergisinin g\u00f6t\u00fcr\u00fclm\u0259si yax\u015f\u0131 olar: \u201cVerginin g\u00f6t\u00fcr\u00fclm\u0259si bu sah\u0259nin daha da inki\u015faf etm\u0259sin\u0259 s\u0259b\u0259b olacaq. M\u0259n t\u0259hsil sah\u0259sin\u0259 ayr\u0131lan v\u0259saitin art\u0131r\u0131lmas\u0131n\u0131 da vacib say\u0131ram. Bu v\u0259sait Az\u0259rbaycandilli m\u0259kt\u0259bl\u0259rd\u0259 d\u0259rslikl\u0259rin daha m\u00fcasir haz\u0131rlanmas\u0131na s\u0259rf edilsin. Son zamanlar m\u00fczakir\u0259l\u0259r\u0259 s\u0259b\u0259b&hellip;<\/p>\n","protected":false},"author":2,"featured_media":23152,"comment_status":"closed","ping_status":"closed","sticky":false,"template":"","format":"standard","meta":{"om_disable_all_campaigns":false,"_monsterinsights_skip_tracking":false,"_monsterinsights_sitenote_active":false,"_monsterinsights_sitenote_note":"","_monsterinsights_sitenote_category":0},"categories":[4],"tags":[],"aioseo_notices":[],"gutentor_comment":0,"rttpg_featured_image_url":{"full":["https:\/\/arantv.az\/wp-content\/uploads\/2018\/11\/eflatunamasovv-1.jpg",620,375,false],"landscape":["https:\/\/arantv.az\/wp-content\/uploads\/2018\/11\/eflatunamasovv-1.jpg",620,375,false],"portraits":["https:\/\/arantv.az\/wp-content\/uploads\/2018\/11\/eflatunamasovv-1.jpg",620,375,false],"thumbnail":["https:\/\/arantv.az\/wp-content\/uploads\/2018\/11\/eflatunamasovv-1-150x150.jpg",150,150,true],"medium":["https:\/\/arantv.az\/wp-content\/uploads\/2018\/11\/eflatunamasovv-1-300x181.jpg",300,181,true],"large":["https:\/\/arantv.az\/wp-content\/uploads\/2018\/11\/eflatunamasovv-1.jpg",620,375,false],"1536x1536":["https:\/\/arantv.az\/wp-content\/uploads\/2018\/11\/eflatunamasovv-1.jpg",620,375,false],"2048x2048":["https:\/\/arantv.az\/wp-content\/uploads\/2018\/11\/eflatunamasovv-1.jpg",620,375,false],"post-thumbnail":["https:\/\/arantv.az\/wp-content\/uploads\/2018\/11\/eflatunamasovv-1-240x172.jpg",240,172,true],"advps-thumb-one":["https:\/\/arantv.az\/wp-content\/uploads\/2018\/11\/eflatunamasovv-1.jpg",620,375,false]},"rttpg_author":{"display_name":"V\u00fcsal Rafiqo\u011flu","author_link":"https:\/\/arantv.az\/?author=2"},"rttpg_comment":0,"rttpg_category":"<a href=\"https:\/\/arantv.az\/?cat=4\" rel=\"category\">Siyas\u0259t<\/a>","rttpg_excerpt":"Milli M\u0259clisin bu g\u00fcn ke\u00e7iril\u0259n plenar iclas\u0131nda \u00e7ap m\u0259hsullar\u0131 \u00fcz\u0259rind\u0259n \u0259lav\u0259 d\u0259y\u0259r vergisinin g\u00f6t\u00fcr\u00fclm\u0259si t\u0259klif edilib. ARANTV.AZ x\u0259b\u0259r verir ki, bu t\u0259klifi Milli M\u0259clisd\u0259 2019-cu ilin d\u00f6vl\u0259t b\u00fcdc\u0259sinin m\u00fczakir\u0259si zaman\u0131 \u00e7\u0131x\u0131\u015f ed\u0259n\u00a0 M\u0259tbuat \u015euras\u0131n\u0131n s\u0259dri \u018fflatun Ama\u015fov s\u0259sl\u0259ndirib. Deputat deyib ki,\u00a0 Az\u0259rbaycan medias\u0131n\u0131n iqtisadi durumu problemsiz deyil, lakin \u00e7ap m\u0259hsullar\u0131 \u00fcz\u0259rind\u0259n \u0259lav\u0259 d\u0259y\u0259r vergisinin g\u00f6t\u00fcr\u00fclm\u0259si&hellip;","_links":{"self":[{"href":"https:\/\/arantv.az\/index.php?rest_route=\/wp\/v2\/posts\/23150"}],"collection":[{"href":"https:\/\/arantv.az\/index.php?rest_route=\/wp\/v2\/posts"}],"about":[{"href":"https:\/\/arantv.az\/index.php?rest_route=\/wp\/v2\/types\/post"}],"author":[{"embeddable":true,"href":"https:\/\/arantv.az\/index.php?rest_route=\/wp\/v2\/users\/2"}],"replies":[{"embeddable":true,"href":"https:\/\/arantv.az\/index.php?rest_route=%2Fwp%2Fv2%2Fcomments&post=23150"}],"version-history":[{"count":0,"href":"https:\/\/arantv.az\/index.php?rest_route=\/wp\/v2\/posts\/23150\/revisions"}],"wp:featuredmedia":[{"embeddable":true,"href":"https:\/\/arantv.az\/index.php?rest_route=\/wp\/v2\/media\/23152"}],"wp:attachment":[{"href":"https:\/\/arantv.az\/index.php?rest_route=%2Fwp%2Fv2%2Fmedia&parent=23150"}],"wp:term":[{"taxonomy":"category","embeddable":true,"href":"https:\/\/arantv.az\/index.php?rest_route=%2Fwp%2Fv2%2Fcategories&post=23150"},{"taxonomy":"post_tag","embeddable":true,"href":"https:\/\/arantv.az\/index.php?rest_route=%2Fwp%2Fv2%2Ftags&post=23150"}],"curies":[{"name":"wp","href":"https:\/\/api.w.org\/{rel}","templated":true}]}}