{"id":23154,"date":"2018-11-13T16:06:06","date_gmt":"2018-11-13T13:06:06","guid":{"rendered":"http:\/\/arantv.az\/?p=23154"},"modified":"2018-11-13T16:06:06","modified_gmt":"2018-11-13T13:06:06","slug":"100-minl%c9%99rl%c9%99-insan-100-200-kilometrlik-yolun-%c9%99v%c9%99zin%c9%99-400-500-kilometrlik-yoldan-istifad%c9%99-edir-deputat","status":"publish","type":"post","link":"https:\/\/arantv.az\/?p=23154","title":{"rendered":"\u201c100 minl\u0259rl\u0259 insan 100-200 kilometrlik yolun \u0259v\u0259zin\u0259 400-500 kilometrlik yoldan istifad\u0259 edir\u201d \u2014 Deputat"},"content":{"rendered":"<div class=\"spot\">&#8220;2019-cu ilin b\u00fcdc\u0259 z\u0259rfini m\u00fcdafi\u0259 ed\u0259c\u0259m. Bu il A\u011fsuda yol \u00e7\u0259kilm\u0259si g\u00fcnd\u0259liy\u0259 sal\u0131n\u0131b. Xahi\u015f edir\u0259m bu m\u0259s\u0259l\u0259 tezl\u0259\u015fdirilsin&#8221;.<\/div>\n<p><strong>ARANTV.AZ<\/strong> x\u0259b\u0259r verir ki, bu s\u00f6zl\u0259ri Milli M\u0259clisd\u0259 \u201c2019-cu ilin d\u00f6vl\u0259t b\u00fcdc\u0259si haqq\u0131nda\u201d qanun layih\u0259sinin m\u00fczakir\u0259si zaman\u0131 deputat Tahir K\u0259rimli deyib.<\/p>\n<p>Deputat t\u0259klif edib ki, Quba-\u015eamax\u0131 yolunun tikintisini ba\u015fa \u00e7atd\u0131r\u0131ls\u0131n:<\/p>\n<p>\u201cN\u0259z\u0259r\u0259 almaq laz\u0131md\u0131r ki, bu \u0259traf rayonlar \u00fc\u00e7\u00fcn x\u00fcsusi \u0259h\u0259miyy\u0259t\u0259 laz\u0131md\u0131r. 100 minl\u0259rl\u0259 insan 100-200 kilometrlik yolun \u0259v\u0259zin\u0259 400-500 kilometrlik yoldan istifad\u0259 etm\u0259li olurlar. Eyni zamanda vaxtlar\u0131n\u0131 v\u0259 pullar\u0131n\u0131 s\u0259rf edirl\u0259r. Bu m\u0259s\u0259l\u0259 d\u0259 h\u0259ll edilm\u0259lidir. Hesab edir\u0259m ki, u\u015faq pulunun b\u0259rpas\u0131 da vacibdir. H\u0259m\u00e7inin \u015f\u0259hidl\u0259r \u00fc\u00e7\u00fcn m\u0259nzill\u0259rin haz\u0131rlanmas\u0131 m\u0259s\u0259l\u0259sini qald\u0131rm\u0131\u015fd\u0131m. Bu ilin d\u00f6vl\u0259t b\u00fcdc\u0259sind\u0259n bu i\u015f \u00fc\u00e7\u00fcn 45,5 milyon manat ayr\u0131l\u0131b v\u0259 bu \u00f6t\u0259n ill\u0259 m\u00fcqayis\u0259d\u0259 3 d\u0259f\u0259 \u00e7oxdur. Bu \u00e7ox m\u00fcsb\u0259t hald\u0131r. H\u0259m\u00e7inin \u015f\u0259hid olan insanlar\u0131m\u0131za veril\u0259n bird\u0259f\u0259lik konsepsiya v\u0259t\u0259n u\u011frunda \u015f\u0259hid olan polis i\u015f\u00e7il\u0259rin\u0259 d\u0259 \u015famil edilm\u0259lidir\u201d.<\/p>\n<p>T.K\u0259rimli qeyd edib ki, 2018-ci il \u00fc\u00e7\u00fcn art\u0131m 1,5 fazi n\u0259z\u0259rd\u0259 tutulsa da, ilin 9 ay\u0131n\u0131n g\u00f6st\u0259ricisi c\u0259mi 0,8 faizdir:<\/p>\n<div id=\"AdributorNativeVideo0\" class=\"AdributorNativeVideo\"><\/div>\n<p>\u201cBilmir\u0259m, ilin sonuna q\u0259d\u0259r bu art\u0131m 1,5 faiz h\u0259dd\u0259 q\u0259d\u0259r g\u0259lib \u00e7\u0131xa bil\u0259c\u0259kmi. Bu il \u00dcDM 3,6 faiz art\u0131m\u0131 n\u0259z\u0259rd\u0259 tutulub. Bu yax\u015f\u0131 hald\u0131r. M\u0259n \u00f6t\u0259n ilin b\u00fcdc\u0259 m\u00fczakir\u0259si zaman\u0131 bal\u0131q\u00e7\u0131l\u0131q v\u0259 \u015f\u0259rab\u00e7\u0131l\u0131qla ba\u011fl\u0131 t\u0259nqidl\u0259r s\u0259sl\u0259ndirdim. Ancaq t\u0259\u0259ss\u00fcfl\u0259r olsun ki, bu ilin b\u00fcdc\u0259 z\u0259rfind\u0259 bal\u0131q\u00e7\u0131l\u0131qla ba\u011fl\u0131 r\u0259q\u0259ml\u0259r\u0259 rastla\u015fmad\u0131m\u201d.<\/p>\n<p>Sonda deputat bildirib ki, b\u00fcdc\u0259 optimald\u0131r, real durum n\u0259z\u0259r\u0259 al\u0131n\u0131b v\u0259 ona s\u0259s ver\u0259c\u0259k.<\/p>\n<p>\u00d6lk\u0259.Az<\/p>\n","protected":false},"excerpt":{"rendered":"<p>&#8220;2019-cu ilin b\u00fcdc\u0259 z\u0259rfini m\u00fcdafi\u0259 ed\u0259c\u0259m. Bu il A\u011fsuda yol \u00e7\u0259kilm\u0259si g\u00fcnd\u0259liy\u0259 sal\u0131n\u0131b. Xahi\u015f edir\u0259m bu m\u0259s\u0259l\u0259 tezl\u0259\u015fdirilsin&#8221;. ARANTV.AZ x\u0259b\u0259r verir ki, bu s\u00f6zl\u0259ri Milli M\u0259clisd\u0259 \u201c2019-cu ilin d\u00f6vl\u0259t b\u00fcdc\u0259si haqq\u0131nda\u201d qanun layih\u0259sinin m\u00fczakir\u0259si zaman\u0131 deputat Tahir K\u0259rimli deyib. Deputat t\u0259klif edib ki, Quba-\u015eamax\u0131 yolunun tikintisini ba\u015fa \u00e7atd\u0131r\u0131ls\u0131n: \u201cN\u0259z\u0259r\u0259 almaq laz\u0131md\u0131r ki, bu \u0259traf rayonlar \u00fc\u00e7\u00fcn x\u00fcsusi \u0259h\u0259miyy\u0259t\u0259 laz\u0131md\u0131r. 100 minl\u0259rl\u0259 insan 100-200 kilometrlik yolun \u0259v\u0259zin\u0259 400-500 kilometrlik yoldan istifad\u0259 etm\u0259li olurlar. Eyni zamanda vaxtlar\u0131n\u0131 v\u0259 pullar\u0131n\u0131 s\u0259rf edirl\u0259r. Bu m\u0259s\u0259l\u0259 d\u0259 h\u0259ll edilm\u0259lidir. Hesab edir\u0259m ki, u\u015faq pulunun b\u0259rpas\u0131&hellip;<\/p>\n","protected":false},"author":2,"featured_media":23155,"comment_status":"closed","ping_status":"closed","sticky":false,"template":"","format":"standard","meta":{"om_disable_all_campaigns":false,"_monsterinsights_skip_tracking":false,"_monsterinsights_sitenote_active":false,"_monsterinsights_sitenote_note":"","_monsterinsights_sitenote_category":0},"categories":[4],"tags":[],"aioseo_notices":[],"gutentor_comment":0,"rttpg_featured_image_url":{"full":["https:\/\/arantv.az\/wp-content\/uploads\/2018\/11\/46089045_767096403641774_7751981309999710208_n.jpg",620,375,false],"landscape":["https:\/\/arantv.az\/wp-content\/uploads\/2018\/11\/46089045_767096403641774_7751981309999710208_n.jpg",620,375,false],"portraits":["https:\/\/arantv.az\/wp-content\/uploads\/2018\/11\/46089045_767096403641774_7751981309999710208_n.jpg",620,375,false],"thumbnail":["https:\/\/arantv.az\/wp-content\/uploads\/2018\/11\/46089045_767096403641774_7751981309999710208_n-150x150.jpg",150,150,true],"medium":["https:\/\/arantv.az\/wp-content\/uploads\/2018\/11\/46089045_767096403641774_7751981309999710208_n-300x181.jpg",300,181,true],"large":["https:\/\/arantv.az\/wp-content\/uploads\/2018\/11\/46089045_767096403641774_7751981309999710208_n.jpg",620,375,false],"1536x1536":["https:\/\/arantv.az\/wp-content\/uploads\/2018\/11\/46089045_767096403641774_7751981309999710208_n.jpg",620,375,false],"2048x2048":["https:\/\/arantv.az\/wp-content\/uploads\/2018\/11\/46089045_767096403641774_7751981309999710208_n.jpg",620,375,false],"post-thumbnail":["https:\/\/arantv.az\/wp-content\/uploads\/2018\/11\/46089045_767096403641774_7751981309999710208_n-240x172.jpg",240,172,true],"advps-thumb-one":["https:\/\/arantv.az\/wp-content\/uploads\/2018\/11\/46089045_767096403641774_7751981309999710208_n.jpg",620,375,false]},"rttpg_author":{"display_name":"V\u00fcsal Rafiqo\u011flu","author_link":"https:\/\/arantv.az\/?author=2"},"rttpg_comment":0,"rttpg_category":"<a href=\"https:\/\/arantv.az\/?cat=4\" rel=\"category\">Siyas\u0259t<\/a>","rttpg_excerpt":"&#8220;2019-cu ilin b\u00fcdc\u0259 z\u0259rfini m\u00fcdafi\u0259 ed\u0259c\u0259m. Bu il A\u011fsuda yol \u00e7\u0259kilm\u0259si g\u00fcnd\u0259liy\u0259 sal\u0131n\u0131b. Xahi\u015f edir\u0259m bu m\u0259s\u0259l\u0259 tezl\u0259\u015fdirilsin&#8221;. ARANTV.AZ x\u0259b\u0259r verir ki, bu s\u00f6zl\u0259ri Milli M\u0259clisd\u0259 \u201c2019-cu ilin d\u00f6vl\u0259t b\u00fcdc\u0259si haqq\u0131nda\u201d qanun layih\u0259sinin m\u00fczakir\u0259si zaman\u0131 deputat Tahir K\u0259rimli deyib. Deputat t\u0259klif edib ki, Quba-\u015eamax\u0131 yolunun tikintisini ba\u015fa \u00e7atd\u0131r\u0131ls\u0131n: \u201cN\u0259z\u0259r\u0259 almaq laz\u0131md\u0131r ki, bu \u0259traf rayonlar&hellip;","_links":{"self":[{"href":"https:\/\/arantv.az\/index.php?rest_route=\/wp\/v2\/posts\/23154"}],"collection":[{"href":"https:\/\/arantv.az\/index.php?rest_route=\/wp\/v2\/posts"}],"about":[{"href":"https:\/\/arantv.az\/index.php?rest_route=\/wp\/v2\/types\/post"}],"author":[{"embeddable":true,"href":"https:\/\/arantv.az\/index.php?rest_route=\/wp\/v2\/users\/2"}],"replies":[{"embeddable":true,"href":"https:\/\/arantv.az\/index.php?rest_route=%2Fwp%2Fv2%2Fcomments&post=23154"}],"version-history":[{"count":0,"href":"https:\/\/arantv.az\/index.php?rest_route=\/wp\/v2\/posts\/23154\/revisions"}],"wp:featuredmedia":[{"embeddable":true,"href":"https:\/\/arantv.az\/index.php?rest_route=\/wp\/v2\/media\/23155"}],"wp:attachment":[{"href":"https:\/\/arantv.az\/index.php?rest_route=%2Fwp%2Fv2%2Fmedia&parent=23154"}],"wp:term":[{"taxonomy":"category","embeddable":true,"href":"https:\/\/arantv.az\/index.php?rest_route=%2Fwp%2Fv2%2Fcategories&post=23154"},{"taxonomy":"post_tag","embeddable":true,"href":"https:\/\/arantv.az\/index.php?rest_route=%2Fwp%2Fv2%2Ftags&post=23154"}],"curies":[{"name":"wp","href":"https:\/\/api.w.org\/{rel}","templated":true}]}}