{"id":23160,"date":"2018-11-13T16:16:03","date_gmt":"2018-11-13T13:16:03","guid":{"rendered":"http:\/\/arantv.az\/?p=23160"},"modified":"2018-11-13T16:16:03","modified_gmt":"2018-11-13T13:16:03","slug":"mahmud-abbas-da-xarici-s%c9%99f%c9%99rini-yarimciq-saxladi","status":"publish","type":"post","link":"https:\/\/arantv.az\/?p=23160","title":{"rendered":"Mahmud Abbas da xarici s\u0259f\u0259rini yar\u0131m\u00e7\u0131q saxlad\u0131"},"content":{"rendered":"<p><strong>F\u0259l\u0259stin r\u0259hb\u0259ri Mahmud Abbas xarici s\u0259f\u0259rini yar\u0131m\u00e7\u0131q saxlayaraq geri d\u00f6nm\u0259li olub.<\/strong><\/p>\n<p><strong>ARANTV.AZ<\/strong> trend-\u0259 istinad\u0259n bildirir ki,\u00a0o, Q\u0259zza zola\u011f\u0131nda g\u0259rgin v\u0259ziyy\u0259tin davam etm\u0259si il\u0259 \u0259laq\u0259dar bu q\u0259rar\u0131 q\u0259bul edib.<\/p>\n<p>Qeyd ed\u0259k ki, \u00f6t\u0259n g\u00fcn \u0130srailin Ba\u015f naziri Benyamin Netanyahu Fransa s\u0259f\u0259rini yar\u0131m\u00e7\u0131q qoyaraq \u00f6lk\u0259y\u0259 qay\u0131tm\u0131\u015fd\u0131.<\/p>\n<p>Xat\u0131rladaq ki, Q\u0259zzada \u0130srail h\u0259rb\u00e7il\u0259ri il\u0259 f\u0259l\u0259stinlil\u0259r aras\u0131nda silahl\u0131 toqqu\u015fma v\u0259 raket h\u00fccumlar\u0131 davam edir.<\/p>\n","protected":false},"excerpt":{"rendered":"<p>F\u0259l\u0259stin r\u0259hb\u0259ri Mahmud Abbas xarici s\u0259f\u0259rini yar\u0131m\u00e7\u0131q saxlayaraq geri d\u00f6nm\u0259li olub. ARANTV.AZ trend-\u0259 istinad\u0259n bildirir ki,\u00a0o, Q\u0259zza zola\u011f\u0131nda g\u0259rgin v\u0259ziyy\u0259tin davam etm\u0259si il\u0259 \u0259laq\u0259dar bu q\u0259rar\u0131 q\u0259bul edib. Qeyd ed\u0259k ki, \u00f6t\u0259n g\u00fcn \u0130srailin Ba\u015f naziri Benyamin Netanyahu Fransa s\u0259f\u0259rini yar\u0131m\u00e7\u0131q qoyaraq \u00f6lk\u0259y\u0259 qay\u0131tm\u0131\u015fd\u0131. Xat\u0131rladaq ki, Q\u0259zzada \u0130srail h\u0259rb\u00e7il\u0259ri il\u0259 f\u0259l\u0259stinlil\u0259r aras\u0131nda silahl\u0131 toqqu\u015fma v\u0259 raket h\u00fccumlar\u0131 davam edir.<\/p>\n","protected":false},"author":2,"featured_media":23161,"comment_status":"closed","ping_status":"closed","sticky":false,"template":"","format":"standard","meta":{"om_disable_all_campaigns":false,"_monsterinsights_skip_tracking":false,"_monsterinsights_sitenote_active":false,"_monsterinsights_sitenote_note":"","_monsterinsights_sitenote_category":0},"categories":[7],"tags":[],"aioseo_notices":[],"gutentor_comment":0,"rttpg_featured_image_url":{"full":["https:\/\/arantv.az\/wp-content\/uploads\/2018\/11\/703331.jpg",600,450,false],"landscape":["https:\/\/arantv.az\/wp-content\/uploads\/2018\/11\/703331.jpg",600,450,false],"portraits":["https:\/\/arantv.az\/wp-content\/uploads\/2018\/11\/703331.jpg",600,450,false],"thumbnail":["https:\/\/arantv.az\/wp-content\/uploads\/2018\/11\/703331-150x150.jpg",150,150,true],"medium":["https:\/\/arantv.az\/wp-content\/uploads\/2018\/11\/703331-300x225.jpg",300,225,true],"large":["https:\/\/arantv.az\/wp-content\/uploads\/2018\/11\/703331.jpg",600,450,false],"1536x1536":["https:\/\/arantv.az\/wp-content\/uploads\/2018\/11\/703331.jpg",600,450,false],"2048x2048":["https:\/\/arantv.az\/wp-content\/uploads\/2018\/11\/703331.jpg",600,450,false],"post-thumbnail":["https:\/\/arantv.az\/wp-content\/uploads\/2018\/11\/703331-240x172.jpg",240,172,true],"advps-thumb-one":["https:\/\/arantv.az\/wp-content\/uploads\/2018\/11\/703331.jpg",600,450,false]},"rttpg_author":{"display_name":"V\u00fcsal Rafiqo\u011flu","author_link":"https:\/\/arantv.az\/?author=2"},"rttpg_comment":0,"rttpg_category":"<a href=\"https:\/\/arantv.az\/?cat=7\" rel=\"category\">D\u00fcnya<\/a>","rttpg_excerpt":"F\u0259l\u0259stin r\u0259hb\u0259ri Mahmud Abbas xarici s\u0259f\u0259rini yar\u0131m\u00e7\u0131q saxlayaraq geri d\u00f6nm\u0259li olub. ARANTV.AZ trend-\u0259 istinad\u0259n bildirir ki,\u00a0o, Q\u0259zza zola\u011f\u0131nda g\u0259rgin v\u0259ziyy\u0259tin davam etm\u0259si il\u0259 \u0259laq\u0259dar bu q\u0259rar\u0131 q\u0259bul edib. Qeyd ed\u0259k ki, \u00f6t\u0259n g\u00fcn \u0130srailin Ba\u015f naziri Benyamin Netanyahu Fransa s\u0259f\u0259rini yar\u0131m\u00e7\u0131q qoyaraq \u00f6lk\u0259y\u0259 qay\u0131tm\u0131\u015fd\u0131. Xat\u0131rladaq ki, Q\u0259zzada \u0130srail h\u0259rb\u00e7il\u0259ri il\u0259 f\u0259l\u0259stinlil\u0259r aras\u0131nda silahl\u0131 toqqu\u015fma v\u0259&hellip;","_links":{"self":[{"href":"https:\/\/arantv.az\/index.php?rest_route=\/wp\/v2\/posts\/23160"}],"collection":[{"href":"https:\/\/arantv.az\/index.php?rest_route=\/wp\/v2\/posts"}],"about":[{"href":"https:\/\/arantv.az\/index.php?rest_route=\/wp\/v2\/types\/post"}],"author":[{"embeddable":true,"href":"https:\/\/arantv.az\/index.php?rest_route=\/wp\/v2\/users\/2"}],"replies":[{"embeddable":true,"href":"https:\/\/arantv.az\/index.php?rest_route=%2Fwp%2Fv2%2Fcomments&post=23160"}],"version-history":[{"count":0,"href":"https:\/\/arantv.az\/index.php?rest_route=\/wp\/v2\/posts\/23160\/revisions"}],"wp:featuredmedia":[{"embeddable":true,"href":"https:\/\/arantv.az\/index.php?rest_route=\/wp\/v2\/media\/23161"}],"wp:attachment":[{"href":"https:\/\/arantv.az\/index.php?rest_route=%2Fwp%2Fv2%2Fmedia&parent=23160"}],"wp:term":[{"taxonomy":"category","embeddable":true,"href":"https:\/\/arantv.az\/index.php?rest_route=%2Fwp%2Fv2%2Fcategories&post=23160"},{"taxonomy":"post_tag","embeddable":true,"href":"https:\/\/arantv.az\/index.php?rest_route=%2Fwp%2Fv2%2Ftags&post=23160"}],"curies":[{"name":"wp","href":"https:\/\/api.w.org\/{rel}","templated":true}]}}