{"id":23166,"date":"2018-11-13T16:19:40","date_gmt":"2018-11-13T13:19:40","guid":{"rendered":"http:\/\/arantv.az\/?p=23166"},"modified":"2018-11-13T16:19:40","modified_gmt":"2018-11-13T13:19:40","slug":"oz%c9%99l-s%c9%99hiyy%c9%99-v%c9%99-t%c9%99hsil-mu%c9%99ssis%c9%99l%c9%99rin%c9%99-vergi-guz%c9%99stl%c9%99rinin-edilm%c9%99sin%c9%99-ehtiyac-var-deputat","status":"publish","type":"post","link":"https:\/\/arantv.az\/?p=23166","title":{"rendered":"&#8220;\u00d6z\u0259l s\u0259hiyy\u0259 v\u0259 t\u0259hsil m\u00fc\u0259ssis\u0259l\u0259rin\u0259 vergi g\u00fcz\u0259\u015ftl\u0259rinin edilm\u0259sin\u0259 ehtiyac var&#8221; \u2014 Deputat"},"content":{"rendered":"<div class=\"spot\">&#8220;B\u00fcdc\u0259nin sosial istiqam\u0259tli olmas\u0131 Prezident \u0130lham \u018fliyevin siyas\u0259tind\u0259 h\u0259r zaman \u0259halinin sosial rifah\u0131na \u00f6n\u0259m verdiyini g\u00f6st\u0259rir. M\u00fcst\u0259qillik ill\u0259rind\u0259 d\u00f6vl\u0259t b\u00fcdc\u0259sind\u0259 s\u0259hiyy\u0259 x\u0259rcl\u0259ri 2019-cu il b\u00fcdc\u0259sind\u0259 \u0259n y\u00fcks\u0259k h\u0259dd\u0259 \u00e7at\u0131b&#8221;.<\/div>\n<p><strong>ARANTV.AZ<\/strong> x\u0259b\u0259r verir ki, bu s\u00f6zl\u0259ri mill\u0259t v\u0259kili Musa Quliyev Milli M\u0259clisd\u0259 2019-cu il b\u00fcdc\u0259 m\u00fczakir\u0259l\u0259ri zaman\u0131 \u00e7\u0131x\u0131\u015f ed\u0259rk\u0259n deyib.<\/p>\n<p>Mill\u0259t v\u0259kili bildirib ki, g\u0259l\u0259n il b\u00fcdc\u0259 layih\u0259sind\u0259 s\u0259hiyy\u0259y\u0259\u00a0 1 milyard 48 milyon manat civar\u0131nda v\u0259sait ayr\u0131l\u0131b ki, bu da cari ill\u0259 m\u00fcqayis\u0259d\u0259 53.9 faiz \u00e7oxdur:<\/p>\n<p>\u201cBununla yana\u015f\u0131 h\u00f6k\u00fcm\u0259t \u00fczvl\u0259rinin iclasda i\u015ftirak\u0131n\u0131 n\u0259z\u0259r\u0259 alaraq b\u0259zi t\u0259klifl\u0259r ir\u0259li s\u00fcrm\u0259k ist\u0259yir\u0259m. M\u0259s\u0259l\u0259n,\u015f\u0259k\u0259rli diabet x\u0259st\u0259l\u0259rinin insulin vahidl\u0259ri il\u0259 t\u0259minat\u0131na\u00a0 yenid\u0259n bax\u0131lmas\u0131n\u0131 t\u0259klif edir\u0259m. Haz\u0131rda bu xidm\u0259t 1990-c\u0131 ill\u0259rd\u0259n q\u0259bul edilmi\u015f normative \u0259sas\u0131nda apar\u0131l\u0131r. H\u0259min normativd\u0259 bir x\u0259st\u0259nin\u00a0 m\u00fc\u0259lic\u0259 \u00fc\u00e7\u00fcn 40 vahid m\u00fc\u0259yy\u0259n edilib, \u00dcmumd\u00fcnya S\u0259hiyy\u0259 T\u0259\u015fkilat\u0131n\u0131n t\u0259l\u0259bl\u0259rind\u0259 bu r\u0259q\u0259m 60 vahidd\u0259n 80 vahid\u0259 art\u0131r\u0131l\u0131b. Y\u0259ni biz m\u00f6vcud r\u0259q\u0259mi 2 d\u0259f\u0259 art\u0131rmal\u0131y\u0131q. D\u00fcnyada anoloq insulind\u0259n istifad\u0259 edir ki, bu istiqam\u0259td\u0259 d\u0259yi\u015fiklik etm\u0259liyik\u201d.<\/p>\n<div id=\"AdributorNativeVideo0\" class=\"AdributorNativeVideo\"><\/div>\n<p>Mill\u0259t v\u0259kili \u00e7\u0131x\u0131\u015f\u0131 zaman\u0131 h\u0259m\u00e7inin deputat se\u00e7ildiyi G\u0259nc\u0259 \u015f\u0259h\u0259rinin probleml\u0259rini d\u0259 diqq\u0259t\u0259 \u00e7atd\u0131r\u0131b:<\/p>\n<p>\u201cG\u0259nc\u0259d\u0259 3 n\u00f6mr\u0259li x\u0259st\u0259xana 60 il \u0259vv\u0259l tikilib, onun t\u0259mirin\u0259 ehtiyac var. G\u0259l\u0259n ilin b\u00fcdc\u0259sind\u0259 h\u0259min x\u0259st\u0259xana\u0131n b\u0259rpas\u0131 \u00fc\u00e7\u00fcn v\u0259sait ayr\u0131lmaya bil\u0259r, lakin n\u00f6vb\u0259ti ill\u0259rd\u0259 bu sah\u0259y\u0259 v\u0259sait n\u0259z\u0259r\u0259 al\u0131nmas\u0131n\u0131 xahi\u015f edir\u0259m. \u00d6z\u0259l s\u0259hiyy\u0259 v\u0259 t\u0259hsil m\u00fc\u0259ssis\u0259l\u0259rin\u0259 vergi g\u00fcz\u0259\u015ftl\u0259rin edilm\u0259sin\u0259 ehtiyac var\u201d.<\/p>\n<p><em><br \/>\n\u00d6lk\u0259.Az<\/em><\/p>\n","protected":false},"excerpt":{"rendered":"<p>&#8220;B\u00fcdc\u0259nin sosial istiqam\u0259tli olmas\u0131 Prezident \u0130lham \u018fliyevin siyas\u0259tind\u0259 h\u0259r zaman \u0259halinin sosial rifah\u0131na \u00f6n\u0259m verdiyini g\u00f6st\u0259rir. M\u00fcst\u0259qillik ill\u0259rind\u0259 d\u00f6vl\u0259t b\u00fcdc\u0259sind\u0259 s\u0259hiyy\u0259 x\u0259rcl\u0259ri 2019-cu il b\u00fcdc\u0259sind\u0259 \u0259n y\u00fcks\u0259k h\u0259dd\u0259 \u00e7at\u0131b&#8221;. ARANTV.AZ x\u0259b\u0259r verir ki, bu s\u00f6zl\u0259ri mill\u0259t v\u0259kili Musa Quliyev Milli M\u0259clisd\u0259 2019-cu il b\u00fcdc\u0259 m\u00fczakir\u0259l\u0259ri zaman\u0131 \u00e7\u0131x\u0131\u015f ed\u0259rk\u0259n deyib. Mill\u0259t v\u0259kili bildirib ki, g\u0259l\u0259n il b\u00fcdc\u0259 layih\u0259sind\u0259 s\u0259hiyy\u0259y\u0259\u00a0 1 milyard 48 milyon manat civar\u0131nda v\u0259sait ayr\u0131l\u0131b ki, bu da cari ill\u0259 m\u00fcqayis\u0259d\u0259 53.9 faiz \u00e7oxdur: \u201cBununla yana\u015f\u0131 h\u00f6k\u00fcm\u0259t \u00fczvl\u0259rinin iclasda i\u015ftirak\u0131n\u0131 n\u0259z\u0259r\u0259 alaraq b\u0259zi t\u0259klifl\u0259r ir\u0259li s\u00fcrm\u0259k ist\u0259yir\u0259m. M\u0259s\u0259l\u0259n,\u015f\u0259k\u0259rli diabet&hellip;<\/p>\n","protected":false},"author":2,"featured_media":23167,"comment_status":"closed","ping_status":"closed","sticky":false,"template":"","format":"standard","meta":{"om_disable_all_campaigns":false,"_monsterinsights_skip_tracking":false,"_monsterinsights_sitenote_active":false,"_monsterinsights_sitenote_note":"","_monsterinsights_sitenote_category":0},"categories":[4],"tags":[],"aioseo_notices":[],"gutentor_comment":0,"rttpg_featured_image_url":{"full":["https:\/\/arantv.az\/wp-content\/uploads\/2018\/11\/musaquliyv.jpg",620,375,false],"landscape":["https:\/\/arantv.az\/wp-content\/uploads\/2018\/11\/musaquliyv.jpg",620,375,false],"portraits":["https:\/\/arantv.az\/wp-content\/uploads\/2018\/11\/musaquliyv.jpg",620,375,false],"thumbnail":["https:\/\/arantv.az\/wp-content\/uploads\/2018\/11\/musaquliyv-150x150.jpg",150,150,true],"medium":["https:\/\/arantv.az\/wp-content\/uploads\/2018\/11\/musaquliyv-300x181.jpg",300,181,true],"large":["https:\/\/arantv.az\/wp-content\/uploads\/2018\/11\/musaquliyv.jpg",620,375,false],"1536x1536":["https:\/\/arantv.az\/wp-content\/uploads\/2018\/11\/musaquliyv.jpg",620,375,false],"2048x2048":["https:\/\/arantv.az\/wp-content\/uploads\/2018\/11\/musaquliyv.jpg",620,375,false],"post-thumbnail":["https:\/\/arantv.az\/wp-content\/uploads\/2018\/11\/musaquliyv-240x172.jpg",240,172,true],"advps-thumb-one":["https:\/\/arantv.az\/wp-content\/uploads\/2018\/11\/musaquliyv.jpg",620,375,false]},"rttpg_author":{"display_name":"V\u00fcsal Rafiqo\u011flu","author_link":"https:\/\/arantv.az\/?author=2"},"rttpg_comment":0,"rttpg_category":"<a href=\"https:\/\/arantv.az\/?cat=4\" rel=\"category\">Siyas\u0259t<\/a>","rttpg_excerpt":"&#8220;B\u00fcdc\u0259nin sosial istiqam\u0259tli olmas\u0131 Prezident \u0130lham \u018fliyevin siyas\u0259tind\u0259 h\u0259r zaman \u0259halinin sosial rifah\u0131na \u00f6n\u0259m verdiyini g\u00f6st\u0259rir. M\u00fcst\u0259qillik ill\u0259rind\u0259 d\u00f6vl\u0259t b\u00fcdc\u0259sind\u0259 s\u0259hiyy\u0259 x\u0259rcl\u0259ri 2019-cu il b\u00fcdc\u0259sind\u0259 \u0259n y\u00fcks\u0259k h\u0259dd\u0259 \u00e7at\u0131b&#8221;. ARANTV.AZ x\u0259b\u0259r verir ki, bu s\u00f6zl\u0259ri mill\u0259t v\u0259kili Musa Quliyev Milli M\u0259clisd\u0259 2019-cu il b\u00fcdc\u0259 m\u00fczakir\u0259l\u0259ri zaman\u0131 \u00e7\u0131x\u0131\u015f ed\u0259rk\u0259n deyib. Mill\u0259t v\u0259kili bildirib ki, g\u0259l\u0259n il&hellip;","_links":{"self":[{"href":"https:\/\/arantv.az\/index.php?rest_route=\/wp\/v2\/posts\/23166"}],"collection":[{"href":"https:\/\/arantv.az\/index.php?rest_route=\/wp\/v2\/posts"}],"about":[{"href":"https:\/\/arantv.az\/index.php?rest_route=\/wp\/v2\/types\/post"}],"author":[{"embeddable":true,"href":"https:\/\/arantv.az\/index.php?rest_route=\/wp\/v2\/users\/2"}],"replies":[{"embeddable":true,"href":"https:\/\/arantv.az\/index.php?rest_route=%2Fwp%2Fv2%2Fcomments&post=23166"}],"version-history":[{"count":0,"href":"https:\/\/arantv.az\/index.php?rest_route=\/wp\/v2\/posts\/23166\/revisions"}],"wp:featuredmedia":[{"embeddable":true,"href":"https:\/\/arantv.az\/index.php?rest_route=\/wp\/v2\/media\/23167"}],"wp:attachment":[{"href":"https:\/\/arantv.az\/index.php?rest_route=%2Fwp%2Fv2%2Fmedia&parent=23166"}],"wp:term":[{"taxonomy":"category","embeddable":true,"href":"https:\/\/arantv.az\/index.php?rest_route=%2Fwp%2Fv2%2Fcategories&post=23166"},{"taxonomy":"post_tag","embeddable":true,"href":"https:\/\/arantv.az\/index.php?rest_route=%2Fwp%2Fv2%2Ftags&post=23166"}],"curies":[{"name":"wp","href":"https:\/\/api.w.org\/{rel}","templated":true}]}}