{"id":23169,"date":"2018-11-13T16:20:45","date_gmt":"2018-11-13T13:20:45","guid":{"rendered":"http:\/\/arantv.az\/?p=23169"},"modified":"2018-11-13T16:20:45","modified_gmt":"2018-11-13T13:20:45","slug":"%c9%99limi-uzun%c9%99-c%c9%99km%c9%99k-ist%c9%99dim-qoymadilar-5-aydan-sonra-meyiti-g%c9%99l%c9%99n-alpinistin-anasi-danisdi-video","status":"publish","type":"post","link":"https:\/\/arantv.az\/?p=23169","title":{"rendered":"\u201c\u018flimi \u00fcz\u00fcn\u0259 \u00e7\u0259km\u0259k ist\u0259dim, qoymad\u0131lar\u201d \u2014 5 aydan sonra meyiti g\u0259l\u0259n alpinistin anas\u0131 DANI\u015eDI &#8211; V\u0130DEO"},"content":{"rendered":"<div class=\"spot\">ARB TV-nin \u201cBu q\u0259d\u0259r\u201d proqram\u0131n\u0131n n\u00f6vb\u0259ti burax\u0131l\u0131\u015f\u0131 efir\u0259 gedib.<\/div>\n<p><strong>ARANTV.AZ<\/strong> x\u0259b\u0259r verir ki, verili\u015fin bu d\u0259f\u0259ki\u00a0 burax\u0131l\u0131\u015f\u0131 2017-ci ilin dekabr ay\u0131nda Tufan da\u011fa qalxmaq \u00fc\u00e7\u00fcn yola \u00e7\u0131xan v\u0259 5 aydan sonra meyitl\u0259ri tap\u0131lan 3 alpinistd\u0259n biri olan Namin B\u00fcnyatova h\u0259sr olunub.<\/p>\n<p>S\u0259ad\u0259t B\u00fcnyatov \u2013 Naminin anas\u0131: \u201cDa\u011flarla, t\u0259bi\u0259tl\u0259 maraqlanan u\u015faq olub. D\u0259c\u0259l u\u015faq olmay\u0131b. M\u0259kt\u0259bd\u0259, ba\u011f\u00e7ada m\u00fc\u0259lliml\u0259r ondan raz\u0131 qal\u0131b. Rus dilini \u00f6z\u00fc \u00f6yr\u0259nmi\u015fdi. Yax\u015f\u0131 bilirdi. Yolda\u015f\u0131m\u0131 itir\u0259nd\u0259 \u00e7ox g\u0259nc idim. Amma Namin m\u0259n\u0259 t\u0259s\u0259lli idi. Onun ail\u0259 qurma\u011f\u0131 t\u0259sad\u00fcf\u0259n oldu. Ona q\u0131z axtar\u0131rd\u0131m amma tapm\u0131rd\u0131m. Se\u00e7imi \u00f6z\u00fc edib, evl\u0259ndi. V\u0259t\u0259nini sev\u0259n idi. Yola \u00e7\u0131xanda birinci \u00e7antas\u0131na bayra\u011f\u0131n\u0131 qoyurdu. Bir d\u0259f\u0259 bayra\u011f\u0131 tapa bilm\u0259di, \u0259s\u0259bil\u0259\u015fdi. Tapanda u\u015faq kimi sevindi. H\u00fcnd\u00fcrl\u00fcy\u00fc \u00e7ox sevirdi. Arzular\u0131 \u00e7ox idi. Deyirdi ki, biraz d\u00f6z, b\u00fct\u00fcn d\u00fcnya m\u0259ni tan\u0131yacaq. 7 min metrlik da\u011f idi, getdi 1 aya g\u0259ldi. H\u0259r g\u00fcn a\u011flay\u0131rd\u0131m. Bir g\u00fcn dedi ki, biz Quba da\u011flar\u0131na ged\u0259c\u0259yik. Quba s\u00f6z\u00fc m\u0259ni aldatd\u0131. Fikirl\u0259\u015fdim ki, yax\u0131nd\u0131. Dedi ki, 1 g\u00fcn\u0259 qay\u0131daca\u011f\u0131q. 3 d\u0259f\u0259 soru\u015fdum ki, hans\u0131 da\u011fa ged\u0259c\u0259ks\u0259n? Cavab verm\u0259di. El\u0259 bil ki, k\u00f6n\u00fcls\u00fcz getdi. \u0130lk d\u0259f\u0259 idi ki, da\u011fa ged\u0259nd\u0259 sevinmirdi. M\u0259n onun \u00f6l\u00fcm x\u0259b\u0259rini fikil\u0259\u015f\u0259nd\u0259 \u00f6z\u00fcmd\u0259n uzaqla\u015fd\u0131r\u0131rd\u0131m. \u018fmim a\u011flayanda dedim ki, nolub, Namind\u0259n bir x\u0259b\u0259r var? Dedil\u0259r yox. Sonra c\u0259naz\u0259sini \u0259misinin qap\u0131s\u0131na g\u0259tirdil\u0259r. \u0130st\u0259dim \u0259limi \u00fcz\u00fcn\u0259 \u00e7\u0259kim, dedil\u0259r olmaz\u201d.<\/p>\n<div id=\"AdributorNativeVideo0\" class=\"AdributorNativeVideo\"><\/div>\n<p><iframe loading=\"lazy\" src=\"https:\/\/www.youtube.com\/embed\/9-4bUMt0QMY\" width=\"715\" height=\"392\" frameborder=\"0\" data-mce-fragment=\"1\"><\/iframe><br \/>\n<em>\u00d6lk\u0259.Az<\/em><\/p>\n","protected":false},"excerpt":{"rendered":"<p>ARB TV-nin \u201cBu q\u0259d\u0259r\u201d proqram\u0131n\u0131n n\u00f6vb\u0259ti burax\u0131l\u0131\u015f\u0131 efir\u0259 gedib. ARANTV.AZ x\u0259b\u0259r verir ki, verili\u015fin bu d\u0259f\u0259ki\u00a0 burax\u0131l\u0131\u015f\u0131 2017-ci ilin dekabr ay\u0131nda Tufan da\u011fa qalxmaq \u00fc\u00e7\u00fcn yola \u00e7\u0131xan v\u0259 5 aydan sonra meyitl\u0259ri tap\u0131lan 3 alpinistd\u0259n biri olan Namin B\u00fcnyatova h\u0259sr olunub. S\u0259ad\u0259t B\u00fcnyatov \u2013 Naminin anas\u0131: \u201cDa\u011flarla, t\u0259bi\u0259tl\u0259 maraqlanan u\u015faq olub. D\u0259c\u0259l u\u015faq olmay\u0131b. M\u0259kt\u0259bd\u0259, ba\u011f\u00e7ada m\u00fc\u0259lliml\u0259r ondan raz\u0131 qal\u0131b. Rus dilini \u00f6z\u00fc \u00f6yr\u0259nmi\u015fdi. Yax\u015f\u0131 bilirdi. Yolda\u015f\u0131m\u0131 itir\u0259nd\u0259 \u00e7ox g\u0259nc idim. Amma Namin m\u0259n\u0259 t\u0259s\u0259lli idi. Onun ail\u0259 qurma\u011f\u0131 t\u0259sad\u00fcf\u0259n oldu. Ona q\u0131z axtar\u0131rd\u0131m amma tapm\u0131rd\u0131m. Se\u00e7imi \u00f6z\u00fc edib, evl\u0259ndi.&hellip;<\/p>\n","protected":false},"author":2,"featured_media":23170,"comment_status":"closed","ping_status":"closed","sticky":false,"template":"","format":"standard","meta":{"om_disable_all_campaigns":false,"_monsterinsights_skip_tracking":false,"_monsterinsights_sitenote_active":false,"_monsterinsights_sitenote_note":"","_monsterinsights_sitenote_category":0},"categories":[1],"tags":[],"aioseo_notices":[],"gutentor_comment":0,"rttpg_featured_image_url":{"full":["https:\/\/arantv.az\/wp-content\/uploads\/2018\/11\/alpinist.jpg",620,375,false],"landscape":["https:\/\/arantv.az\/wp-content\/uploads\/2018\/11\/alpinist.jpg",620,375,false],"portraits":["https:\/\/arantv.az\/wp-content\/uploads\/2018\/11\/alpinist.jpg",620,375,false],"thumbnail":["https:\/\/arantv.az\/wp-content\/uploads\/2018\/11\/alpinist-150x150.jpg",150,150,true],"medium":["https:\/\/arantv.az\/wp-content\/uploads\/2018\/11\/alpinist-300x181.jpg",300,181,true],"large":["https:\/\/arantv.az\/wp-content\/uploads\/2018\/11\/alpinist.jpg",620,375,false],"1536x1536":["https:\/\/arantv.az\/wp-content\/uploads\/2018\/11\/alpinist.jpg",620,375,false],"2048x2048":["https:\/\/arantv.az\/wp-content\/uploads\/2018\/11\/alpinist.jpg",620,375,false],"post-thumbnail":["https:\/\/arantv.az\/wp-content\/uploads\/2018\/11\/alpinist-240x172.jpg",240,172,true],"advps-thumb-one":["https:\/\/arantv.az\/wp-content\/uploads\/2018\/11\/alpinist.jpg",620,375,false]},"rttpg_author":{"display_name":"V\u00fcsal Rafiqo\u011flu","author_link":"https:\/\/arantv.az\/?author=2"},"rttpg_comment":0,"rttpg_category":"<a href=\"https:\/\/arantv.az\/?cat=1\" rel=\"category\">C\u0259miyy\u0259t<\/a>","rttpg_excerpt":"ARB TV-nin \u201cBu q\u0259d\u0259r\u201d proqram\u0131n\u0131n n\u00f6vb\u0259ti burax\u0131l\u0131\u015f\u0131 efir\u0259 gedib. ARANTV.AZ x\u0259b\u0259r verir ki, verili\u015fin bu d\u0259f\u0259ki\u00a0 burax\u0131l\u0131\u015f\u0131 2017-ci ilin dekabr ay\u0131nda Tufan da\u011fa qalxmaq \u00fc\u00e7\u00fcn yola \u00e7\u0131xan v\u0259 5 aydan sonra meyitl\u0259ri tap\u0131lan 3 alpinistd\u0259n biri olan Namin B\u00fcnyatova h\u0259sr olunub. S\u0259ad\u0259t B\u00fcnyatov \u2013 Naminin anas\u0131: \u201cDa\u011flarla, t\u0259bi\u0259tl\u0259 maraqlanan u\u015faq olub. D\u0259c\u0259l u\u015faq olmay\u0131b. M\u0259kt\u0259bd\u0259,&hellip;","_links":{"self":[{"href":"https:\/\/arantv.az\/index.php?rest_route=\/wp\/v2\/posts\/23169"}],"collection":[{"href":"https:\/\/arantv.az\/index.php?rest_route=\/wp\/v2\/posts"}],"about":[{"href":"https:\/\/arantv.az\/index.php?rest_route=\/wp\/v2\/types\/post"}],"author":[{"embeddable":true,"href":"https:\/\/arantv.az\/index.php?rest_route=\/wp\/v2\/users\/2"}],"replies":[{"embeddable":true,"href":"https:\/\/arantv.az\/index.php?rest_route=%2Fwp%2Fv2%2Fcomments&post=23169"}],"version-history":[{"count":0,"href":"https:\/\/arantv.az\/index.php?rest_route=\/wp\/v2\/posts\/23169\/revisions"}],"wp:featuredmedia":[{"embeddable":true,"href":"https:\/\/arantv.az\/index.php?rest_route=\/wp\/v2\/media\/23170"}],"wp:attachment":[{"href":"https:\/\/arantv.az\/index.php?rest_route=%2Fwp%2Fv2%2Fmedia&parent=23169"}],"wp:term":[{"taxonomy":"category","embeddable":true,"href":"https:\/\/arantv.az\/index.php?rest_route=%2Fwp%2Fv2%2Fcategories&post=23169"},{"taxonomy":"post_tag","embeddable":true,"href":"https:\/\/arantv.az\/index.php?rest_route=%2Fwp%2Fv2%2Ftags&post=23169"}],"curies":[{"name":"wp","href":"https:\/\/api.w.org\/{rel}","templated":true}]}}