{"id":23172,"date":"2018-11-13T16:23:06","date_gmt":"2018-11-13T13:23:06","guid":{"rendered":"http:\/\/arantv.az\/?p=23172"},"modified":"2018-11-13T16:23:06","modified_gmt":"2018-11-13T13:23:06","slug":"azay-quliyev-qht-l%c9%99rin-maliyy%c9%99-d%c9%99st%c9%99yin%c9%99-ehtiyaci-var","status":"publish","type":"post","link":"https:\/\/arantv.az\/?p=23172","title":{"rendered":"Azay Quliyev: &#8220;QHT-l\u0259rin maliyy\u0259 d\u0259st\u0259yin\u0259 ehtiyac\u0131 var&#8221;"},"content":{"rendered":"<p><strong>Bu g\u00fcn qeyri-h\u00f6kum\u0259t t\u0259\u015fkilatlar\u0131n\u0131 ehtiyaclar\u0131n\u0131n b\u00fcdc\u0259 maraqlar\u0131m\u0131za uy\u011fun \u015f\u0259kild\u0259 qar\u015f\u0131lamaq bax\u0131m\u0131ndan bir s\u0131ra \u00e7\u0259tinlikl\u0259rl\u0259 \u00fczl\u0259\u015firik.<\/strong><\/p>\n<p><strong>ARANTV.AZ<\/strong> trend-\u0259 istinad\u0259n bildirir ki,\u00a0bunu Milli M\u0259clisin deputat\u0131, Az\u0259rbaycan Respublikas\u0131n\u0131n Prezidenti yan\u0131nda Qeyri-H\u00f6kum\u0259t T\u0259\u015fkilatlar\u0131na D\u00f6vl\u0259t D\u0259st\u0259yi \u015euras\u0131n\u0131n s\u0259dri\u00a0<strong>Azay Quliyev<\/strong>parlamentin bu g\u00fcn ke\u00e7iril\u0259n iclas\u0131nda deyib.<\/p>\n<p>A.Quliyev bildirib ki, 10 ildir ki, Prezidentin t\u0259\u015f\u0259bb\u00fcs\u00fc il\u0259 \u00f6lk\u0259d\u0259 v\u0259t\u0259nda\u015f c\u0259miyy\u0259ti institutlar\u0131na, x\u00fcsusil\u0259 qeyri-h\u00f6kum\u0259t t\u0259\u015fkilatlar\u0131na (QHT) d\u00f6vl\u0259t d\u0259st\u0259yi h\u0259yata ke\u00e7irilir:<\/p>\n<p>&#8220;Hesab edir\u0259m ki, bu \u00e7ox m\u00fch\u00fcm m\u0259qamd\u0131r. \u00d6lk\u0259 ictimaiyy\u0259ti, x\u00fcsusil\u0259 ictimai sektor d\u00f6vl\u0259t qay\u011f\u0131s\u0131n\u0131 y\u00fcks\u0259k qiym\u0259tl\u0259ndirir. Bu g\u00fcn QHT-in ehtiyaclar\u0131n\u0131 b\u00fcdc\u0259 maraqlar\u0131m\u0131za uy\u011fun \u015f\u0259kild\u0259 qar\u015f\u0131lamaq bax\u0131m\u0131ndan bir s\u0131ra \u00e7\u0259tinlikl\u0259rl\u0259 \u00fczl\u0259\u015firik. M\u0259n h\u00f6rm\u0259tli maliyy\u0259 naziri Samir \u015e\u0259rifovdan xahi\u015f edir\u0259m ki, bu m\u0259qama diqq\u0259t yetirsin. X\u00fcsusil\u0259 n\u0259z\u0259r\u0259 alsaq ki, Az\u0259rbaycan Respublikas\u0131n\u0131n Prezidenti yan\u0131nda Qeyri-H\u00f6kum\u0259t T\u0259\u015fkilatlar\u0131na D\u00f6vl\u0259t D\u0259st\u0259yi \u015euras\u0131na ayr\u0131lan v\u0259sait son 3 ildir artm\u0131r, \u0259ksin\u0259 azal\u0131r. N\u0259z\u0259r\u0259 alsaq ki, 2015-ci ild\u0259 6,6 milyon manat v\u0259sait ayr\u0131lm\u0131\u015fd\u0131sa, indi bu v\u0259sait 5,6 milyon manata endirilib. Biz bu v\u0259saiti QHT-l\u0259r aras\u0131nda b\u00f6ls\u0259k is\u0259 \u00e7ox az v\u0259sait edir&#8221;.<\/p>\n<p>A.Quliyev qeyd edib ki, dig\u0259r t\u0259r\u0259fd\u0259n n\u0259z\u0259r\u0259 almaq laz\u0131md\u0131r ki, bu g\u00fcn d\u00f6vl\u0259tin maraqlar\u0131n\u0131 qoruyan QHT-in d\u0259st\u0259kl\u0259nm\u0259sin\u0259 x\u00fcsusi ehtiyac var:<\/p>\n<p>&#8220;Bu g\u00fcn bir \u00e7ox sah\u0259l\u0259rd\u0259 QHT yaln\u0131z d\u00f6vl\u0259tin verdiyi d\u0259st\u0259yi al\u0131r. Onlar\u0131n ba\u015fqa maliyy\u0259 m\u0259nb\u0259si yoxdur. QHT-l\u0259rin h\u0259m \u00f6lk\u0259 daxilind\u0259, h\u0259m d\u0259 \u00f6lk\u0259 xaricind\u0259 d\u00f6vl\u0259timizin maraqlar\u0131n\u0131 m\u00fcdafi\u0259 etm\u0259si bax\u0131m\u0131ndan maliyy\u0259 d\u0259st\u0259yin\u0259 ehtiyac var. M\u0259n Samir \u015e\u0259rifovdan bir daha xahi\u015f ed\u0259rdim ki, QHT-\u0259 ayr\u0131lan v\u0259sait\u0259 bu bax\u0131mdan da qiym\u0259t verilsin. Haz\u0131rki d\u00f6vl\u0259t b\u00fcdc\u0259sind\u0259n \u0259lav\u0259 4,6 milyon manat v\u0259sait Az\u0259rbaycan Respublikas\u0131n\u0131n Prezidenti yan\u0131nda Qeyri-H\u00f6kum\u0259t T\u0259\u015fkilatlar\u0131na D\u00f6vl\u0259t D\u0259st\u0259yi \u015euras\u0131na ayr\u0131ls\u0131n. \u015euran\u0131n \u00fcmumi b\u00fcdc\u0259sinin 10 milyon 200 min manat h\u0259cmind\u0259 m\u00fc\u0259yy\u0259nl\u0259\u015fdirilm\u0259si m\u0259s\u0259l\u0259sin\u0259 bax\u0131ls\u0131n. \u00dcmid edir\u0259m ki, h\u00f6kum\u0259timiz bu m\u0259s\u0259l\u0259y\u0259 daha qay\u011f\u0131l\u0131 yana\u015facaq v\u0259 qald\u0131r\u0131lan m\u0259s\u0259l\u0259l\u0259r\u0259 m\u00fc\u0259yy\u0259n m\u0259nada d\u0259st\u0259k ver\u0259c\u0259k&#8221;.<\/p>\n","protected":false},"excerpt":{"rendered":"<p>Bu g\u00fcn qeyri-h\u00f6kum\u0259t t\u0259\u015fkilatlar\u0131n\u0131 ehtiyaclar\u0131n\u0131n b\u00fcdc\u0259 maraqlar\u0131m\u0131za uy\u011fun \u015f\u0259kild\u0259 qar\u015f\u0131lamaq bax\u0131m\u0131ndan bir s\u0131ra \u00e7\u0259tinlikl\u0259rl\u0259 \u00fczl\u0259\u015firik. ARANTV.AZ trend-\u0259 istinad\u0259n bildirir ki,\u00a0bunu Milli M\u0259clisin deputat\u0131, Az\u0259rbaycan Respublikas\u0131n\u0131n Prezidenti yan\u0131nda Qeyri-H\u00f6kum\u0259t T\u0259\u015fkilatlar\u0131na D\u00f6vl\u0259t D\u0259st\u0259yi \u015euras\u0131n\u0131n s\u0259dri\u00a0Azay Quliyevparlamentin bu g\u00fcn ke\u00e7iril\u0259n iclas\u0131nda deyib. A.Quliyev bildirib ki, 10 ildir ki, Prezidentin t\u0259\u015f\u0259bb\u00fcs\u00fc il\u0259 \u00f6lk\u0259d\u0259 v\u0259t\u0259nda\u015f c\u0259miyy\u0259ti institutlar\u0131na, x\u00fcsusil\u0259 qeyri-h\u00f6kum\u0259t t\u0259\u015fkilatlar\u0131na (QHT) d\u00f6vl\u0259t d\u0259st\u0259yi h\u0259yata ke\u00e7irilir: &#8220;Hesab edir\u0259m ki, bu \u00e7ox m\u00fch\u00fcm m\u0259qamd\u0131r. \u00d6lk\u0259 ictimaiyy\u0259ti, x\u00fcsusil\u0259 ictimai sektor d\u00f6vl\u0259t qay\u011f\u0131s\u0131n\u0131 y\u00fcks\u0259k qiym\u0259tl\u0259ndirir. Bu g\u00fcn QHT-in ehtiyaclar\u0131n\u0131 b\u00fcdc\u0259 maraqlar\u0131m\u0131za uy\u011fun \u015f\u0259kild\u0259 qar\u015f\u0131lamaq bax\u0131m\u0131ndan bir s\u0131ra \u00e7\u0259tinlikl\u0259rl\u0259 \u00fczl\u0259\u015firik.&hellip;<\/p>\n","protected":false},"author":2,"featured_media":23173,"comment_status":"closed","ping_status":"closed","sticky":false,"template":"","format":"standard","meta":{"om_disable_all_campaigns":false,"_monsterinsights_skip_tracking":false,"_monsterinsights_sitenote_active":false,"_monsterinsights_sitenote_note":"","_monsterinsights_sitenote_category":0},"categories":[4],"tags":[],"aioseo_notices":[],"gutentor_comment":0,"rttpg_featured_image_url":{"full":["https:\/\/arantv.az\/wp-content\/uploads\/2018\/11\/703386.jpg",600,450,false],"landscape":["https:\/\/arantv.az\/wp-content\/uploads\/2018\/11\/703386.jpg",600,450,false],"portraits":["https:\/\/arantv.az\/wp-content\/uploads\/2018\/11\/703386.jpg",600,450,false],"thumbnail":["https:\/\/arantv.az\/wp-content\/uploads\/2018\/11\/703386-150x150.jpg",150,150,true],"medium":["https:\/\/arantv.az\/wp-content\/uploads\/2018\/11\/703386-300x225.jpg",300,225,true],"large":["https:\/\/arantv.az\/wp-content\/uploads\/2018\/11\/703386.jpg",600,450,false],"1536x1536":["https:\/\/arantv.az\/wp-content\/uploads\/2018\/11\/703386.jpg",600,450,false],"2048x2048":["https:\/\/arantv.az\/wp-content\/uploads\/2018\/11\/703386.jpg",600,450,false],"post-thumbnail":["https:\/\/arantv.az\/wp-content\/uploads\/2018\/11\/703386-240x172.jpg",240,172,true],"advps-thumb-one":["https:\/\/arantv.az\/wp-content\/uploads\/2018\/11\/703386.jpg",600,450,false]},"rttpg_author":{"display_name":"V\u00fcsal Rafiqo\u011flu","author_link":"https:\/\/arantv.az\/?author=2"},"rttpg_comment":0,"rttpg_category":"<a href=\"https:\/\/arantv.az\/?cat=4\" rel=\"category\">Siyas\u0259t<\/a>","rttpg_excerpt":"Bu g\u00fcn qeyri-h\u00f6kum\u0259t t\u0259\u015fkilatlar\u0131n\u0131 ehtiyaclar\u0131n\u0131n b\u00fcdc\u0259 maraqlar\u0131m\u0131za uy\u011fun \u015f\u0259kild\u0259 qar\u015f\u0131lamaq bax\u0131m\u0131ndan bir s\u0131ra \u00e7\u0259tinlikl\u0259rl\u0259 \u00fczl\u0259\u015firik. ARANTV.AZ trend-\u0259 istinad\u0259n bildirir ki,\u00a0bunu Milli M\u0259clisin deputat\u0131, Az\u0259rbaycan Respublikas\u0131n\u0131n Prezidenti yan\u0131nda Qeyri-H\u00f6kum\u0259t T\u0259\u015fkilatlar\u0131na D\u00f6vl\u0259t D\u0259st\u0259yi \u015euras\u0131n\u0131n s\u0259dri\u00a0Azay Quliyevparlamentin bu g\u00fcn ke\u00e7iril\u0259n iclas\u0131nda deyib. A.Quliyev bildirib ki, 10 ildir ki, Prezidentin t\u0259\u015f\u0259bb\u00fcs\u00fc il\u0259 \u00f6lk\u0259d\u0259 v\u0259t\u0259nda\u015f c\u0259miyy\u0259ti institutlar\u0131na, x\u00fcsusil\u0259 qeyri-h\u00f6kum\u0259t t\u0259\u015fkilatlar\u0131na&hellip;","_links":{"self":[{"href":"https:\/\/arantv.az\/index.php?rest_route=\/wp\/v2\/posts\/23172"}],"collection":[{"href":"https:\/\/arantv.az\/index.php?rest_route=\/wp\/v2\/posts"}],"about":[{"href":"https:\/\/arantv.az\/index.php?rest_route=\/wp\/v2\/types\/post"}],"author":[{"embeddable":true,"href":"https:\/\/arantv.az\/index.php?rest_route=\/wp\/v2\/users\/2"}],"replies":[{"embeddable":true,"href":"https:\/\/arantv.az\/index.php?rest_route=%2Fwp%2Fv2%2Fcomments&post=23172"}],"version-history":[{"count":0,"href":"https:\/\/arantv.az\/index.php?rest_route=\/wp\/v2\/posts\/23172\/revisions"}],"wp:featuredmedia":[{"embeddable":true,"href":"https:\/\/arantv.az\/index.php?rest_route=\/wp\/v2\/media\/23173"}],"wp:attachment":[{"href":"https:\/\/arantv.az\/index.php?rest_route=%2Fwp%2Fv2%2Fmedia&parent=23172"}],"wp:term":[{"taxonomy":"category","embeddable":true,"href":"https:\/\/arantv.az\/index.php?rest_route=%2Fwp%2Fv2%2Fcategories&post=23172"},{"taxonomy":"post_tag","embeddable":true,"href":"https:\/\/arantv.az\/index.php?rest_route=%2Fwp%2Fv2%2Ftags&post=23172"}],"curies":[{"name":"wp","href":"https:\/\/api.w.org\/{rel}","templated":true}]}}