{"id":231899,"date":"2020-11-02T17:01:03","date_gmt":"2020-11-02T14:01:03","guid":{"rendered":"http:\/\/arantv.az\/?p=231899"},"modified":"2020-11-02T17:01:03","modified_gmt":"2020-11-02T14:01:03","slug":"sahib%c9%99-qafarova-turkiy%c9%99-respublikasinin-kecmis-bas-naziri-bin%c9%99li-yildirimla-gorusub-foto","status":"publish","type":"post","link":"https:\/\/arantv.az\/?p=231899","title":{"rendered":"Sahib\u0259 Qafarova T\u00fcrkiy\u0259 Respublikas\u0131n\u0131n ke\u00e7mi\u015f Ba\u015f naziri Bin\u0259li Y\u0131ld\u0131r\u0131mla g\u00f6r\u00fc\u015f\u00fcb &#8211; FOTO"},"content":{"rendered":"<p>Bu g\u00fcn Milli M\u0259clisin s\u0259dri Sahib\u0259 Qafarova T\u00fcrkiy\u0259nin\u00a0ke\u00e7mi\u015f Ba\u015f naziri, T\u00fcrkiy\u0259 B\u00f6y\u00fck Mill\u0259t M\u0259clisinin (TBMM) sabiq s\u0259dri, mill\u0259t v\u0259kili Bin\u0259li Y\u0131ld\u0131r\u0131m\u0131n ba\u015f\u00e7\u0131l\u0131q etdiyi n\u00fcmay\u0259nd\u0259 hey\u0259ti il\u0259 g\u00f6r\u00fc\u015f\u00fcb.<\/p>\n<p>Bu bar\u0259d\u0259\u00a0Milli M\u0259clisin M\u0259tbuat v\u0259\u00a0ictimaiyy\u0259tl\u0259 \u0259laq\u0259l\u0259r \u015f\u00f6b\u0259si m\u0259lumat yay\u0131b.<\/p>\n<p>S\u0259dr qonaqlar\u0131 salamlayaraq, \u00f6lk\u0259miz \u00fc\u00e7\u00fcn bel\u0259 bir h\u0259ssas d\u00f6n\u0259md\u0259 Az\u0259rbaycana s\u0259f\u0259r etdikl\u0259ri \u00fc\u00e7\u00fcn\u00a0n\u00fcmay\u0259nd\u0259 hey\u0259tinin h\u0259r bir \u00fczv\u00fcn\u0259 \u00f6z d\u0259rin t\u0259\u015f\u0259kk\u00fcr\u00fcn\u00fc bildirib. Qeyd edilib ki, bir mill\u0259t, iki d\u00f6vl\u0259t kimi d\u00f6vl\u0259tl\u0259rimiz aras\u0131ndak\u0131 m\u00fcnasib\u0259tl\u0259rin d\u00fcnyada b\u0259nz\u0259ri yoxdur. Dilimiz, dinimiz, m\u0259d\u0259niyy\u0259timiz, b\u00f6l\u00fc\u015fd\u00fcy\u00fcm\u00fcz d\u0259y\u0259rl\u0259r, o c\u00fcml\u0259d\u0259n u\u011furlar\u0131m\u0131z v\u0259 k\u0259d\u0259rl\u0259rimiz d\u0259 birdir.<\/p>\n<div id=\"AdviadNativeVideo0\" class=\"AdviadNativeVideo\"><\/div>\n<p>S\u0259dr T\u00fcrkiy\u0259d\u0259 ba\u015f vermi\u015f z\u0259lz\u0259l\u0259 zaman\u0131 \u0130zmird\u0259 h\u0259lak olanlar\u0131n ail\u0259l\u0259rin\u0259 v\u0259 yax\u0131nlar\u0131na \u00f6z ad\u0131ndan, parlamentin deputatlar\u0131 v\u0259 xalq\u0131m\u0131z ad\u0131ndan ba\u015fsa\u011fl\u0131\u011f\u0131 verib, Az\u0259rbaycan xalq\u0131n\u0131n onlar\u0131n d\u0259rdin\u0259 \u015f\u0259rik oldu\u011funu s\u00f6yl\u0259yib.<\/p>\n<p>G\u00f6r\u00fc\u015fd\u0259 Milli M\u0259clisin s\u0259dri Az\u0259rbaycan\u0131n Da\u011fl\u0131q Qaraba\u011f b\u00f6lg\u0259sind\u0259 sentyabr\u0131n 27-d\u0259 Erm\u0259nistan\u0131n n\u00f6vb\u0259ti t\u0259xribat\u0131ndan sonra h\u0259yata ke\u00e7iril\u0259n \u0259ks-h\u00fccum \u0259m\u0259liyyatlar\u0131 bar\u0259d\u0259 s\u00f6z a\u00e7\u0131b. Spiker qeyd edib ki, torpaqlar\u0131m\u0131z\u0131n 20 faizini 30 il i\u015f\u011fal alt\u0131nda saxlayan\u00a0Erm\u0259nistan m\u00fcnaqi\u015f\u0259 il\u0259 ba\u011fl\u0131 BMT-nin q\u0259tnam\u0259l\u0259rini, n\u00fcfuzlu beyn\u0259lxalq qurumlar\u0131n q\u0259rarlar\u0131n\u0131 yerin\u0259 yetirm\u0259kd\u0259n bu ill\u0259r \u0259rzind\u0259 boyun qa\u00e7\u0131r\u0131b. Problemin h\u0259lli il\u0259 m\u0259\u015f\u011ful olan Minsk qrupunun f\u0259aliyy\u0259ti is\u0259 he\u00e7 bir n\u0259tic\u0259 verm\u0259yib. \u0130ndi Az\u0259rbaycan \u00f6z torpaqlar\u0131n\u0131 \u00f6z\u00fc i\u015f\u011fal\u00e7\u0131lardan azad edir. Biz bu m\u0259s\u0259l\u0259d\u0259 g\u00f6st\u0259rdiyi siyasi v\u0259 m\u0259n\u0259vi d\u0259st\u0259y\u0259 g\u00f6r\u0259 qarda\u015f T\u00fcrkiy\u0259 h\u00f6kum\u0259tin\u0259 v\u0259 xalq\u0131na t\u0259\u015f\u0259kk\u00fcr edirik.<\/p>\n<p>S\u0259dr d\u00f6vl\u0259tl\u0259raras\u0131 m\u00fcnasib\u0259tl\u0259rd\u0259 parlamentl\u0259rin rolunu vur\u011fulayaraq, h\u0259r iki \u00f6lk\u0259nin qanunvericilik orqanlar\u0131nda dostluq qruplar\u0131n\u0131n f\u0259aliyy\u0259t g\u00f6st\u0259rm\u0259sini t\u0259qdir edib. O, deputatlar\u0131n qar\u015f\u0131l\u0131ql\u0131 s\u0259f\u0259rl\u0259rinin, n\u00fcmay\u0259nd\u0259 hey\u0259tl\u0259rinin beyn\u0259lxalq t\u0259\u015fkilatlarla s\u0131x g\u00f6r\u00fc\u015fl\u0259rinin \u00fcmumi m\u0259qs\u0259dl\u0259r\u0259 xidm\u0259t etdiyini s\u00f6yl\u0259yib.<\/p>\n<p>Sahib\u0259 Qafarova bildirib ki, t\u0259kc\u0259 siyasi deyil, iqtisadi sah\u0259d\u0259 d\u0259 \u0259laq\u0259l\u0259rimiz y\u00fcks\u0259l\u0259n x\u0259tl\u0259 inki\u015faf edir. Bu g\u00fcn\u0259d\u0259k \u00f6lk\u0259l\u0259rimiz aras\u0131nda 249 s\u0259n\u0259d imzalan\u0131b. \u00d6t\u0259n il Az\u0259rbaycanla T\u00fcrkiy\u0259 aras\u0131nda ticar\u0259t d\u00f6vriyy\u0259sinin h\u0259cmi 4,5 milyard AB\u015e dollar\u0131 h\u0259cmind\u0259 olub. Pandemiyan\u0131n yaratd\u0131\u011f\u0131 \u00e7\u0259tinlikl\u0259r\u0259 baxmayaraq, cari ilin s\u0259kkiz\u00a0ay\u0131nda bu g\u00f6st\u0259rici 3 milyard dollara \u00e7at\u0131b.<\/p>\n<p>Spiker h\u0259m\u00e7inin,\u00a0qeyd edib ki, bu g\u00fcn Az\u0259rbaycan v\u0259 T\u00fcrkiy\u0259 b\u00f6lg\u0259d\u0259 qlobal layih\u0259l\u0259rin h\u0259yata ke\u00e7irilm\u0259sini t\u0259min ed\u0259n d\u00f6vl\u0259tl\u0259rdir. Bak\u0131-Tbilisi-Ceyhan, Bak\u0131-Tbilisi-\u018frzurum, TANAP v\u0259 TAP kimi enerji, Bak\u0131-Tbilisi-Qars d\u0259miryolu layih\u0259l\u0259ri d\u00f6vl\u0259tl\u0259rimizin birg\u0259 irad\u0259sinin m\u0259hsuludur.<br \/>\nMilli M\u0259clisin s\u0259dri Bin\u0259li Y\u0131ld\u0131r\u0131m\u0131n d\u0259f\u0259l\u0259rl\u0259 \u00f6lk\u0259mizd\u0259 s\u0259f\u0259rd\u0259 oldu\u011funu xat\u0131rladaraq, onun bundan sonra da \u00f6lk\u0259l\u0259rimiz aras\u0131nda \u0259laq\u0259l\u0259rin d\u0259rinl\u0259\u015fm\u0259sin\u0259 t\u00f6hf\u0259l\u0259r ver\u0259c\u0259yin\u0259 inam\u0131n\u0131 ifad\u0259 edib.<\/p>\n<p>S\u0259mimi q\u0259bul \u00fc\u00e7\u00fcn minn\u0259tdarl\u0131\u011f\u0131n\u0131 bildir\u0259n T\u00fcrkiy\u0259 B\u00f6y\u00fck Mill\u0259t M\u0259clisinin sabiq s\u0259dri, mill\u0259t v\u0259kili Bin\u0259li Y\u0131ld\u0131r\u0131m \u00f6lk\u0259miz\u0259 n\u00f6vb\u0259ti s\u0259f\u0259rind\u0259n v\u0259 burada ke\u00e7irdiyi g\u00f6r\u00fc\u015fl\u0259rd\u0259n m\u0259mnun qald\u0131\u011f\u0131n\u0131 s\u00f6yl\u0259yib. O, Az\u0259rbaycan\u0131n \u00f6z \u0259razil\u0259rini azad etm\u0259k \u00fc\u00e7\u00fcn erm\u0259ni i\u015f\u011fal\u00e7\u0131lar\u0131na qar\u015f\u0131 apard\u0131\u011f\u0131 m\u00fcbariz\u0259d\u0259 xalq\u0131m\u0131za d\u0259st\u0259k verm\u0259k \u00fc\u00e7\u00fcn \u00f6lk\u0259miz\u0259 s\u0259f\u0259r etdikl\u0259rini qeyd edib. Qonaq vur\u011fulay\u0131b ki, probleml\u0259 \u0259laq\u0259dar BMT-nin q\u0259bul etdiyi q\u0259tnam\u0259l\u0259r uzun ill\u0259r \u0259rzind\u0259 yerin\u0259 yetirilm\u0259diyind\u0259n bu g\u00fcn m\u00fcst\u0259qil Az\u0259rbaycan \u201c\u00f6z i\u015fini \u00f6z\u00fc g\u00f6r\u00fcr\u201d. Az\u0259rbaycan\u0131n bu haql\u0131 m\u00fcbariz\u0259sind\u0259 83 milyonluq T\u00fcrkiy\u0259 xalq\u0131 \u00f6z qarda\u015f\u0131n\u0131n yan\u0131ndad\u0131r.<\/p>\n<p>Bin\u0259li Y\u0131ld\u0131r\u0131m T\u00fcrkiy\u0259 parlamentind\u0259 t\u0259msil olunan d\u00f6rd\u00a0partiyan\u0131n Az\u0259rbaycana birm\u0259nal\u0131 d\u0259st\u0259k verdiyini, TBMM-nin s\u0259dri Mustafa \u015eentopun \u00f6lk\u0259miz\u0259 v\u0259 G\u0259nc\u0259y\u0259 s\u0259f\u0259rinin m\u0259hz Az\u0259rbaycana d\u0259st\u0259k bax\u0131m\u0131ndan \u00f6n\u0259mli oldu\u011funu vur\u011fulay\u0131b. O qeyd edib ki, T\u00fcrkiy\u0259nin y\u00fcks\u0259k r\u0259smil\u0259rinin \u00f6lk\u0259miz\u0259 s\u0259f\u0259rl\u0259ri yax\u0131n g\u00fcnl\u0259rd\u0259 d\u0259 davam ed\u0259c\u0259k.<\/p>\n<p>Bin\u0259li Y\u0131ld\u0131r\u0131m \u00f6lk\u0259l\u0259rimizin birg\u0259 h\u0259yata ke\u00e7irdikl\u0259ri enerji v\u0259 n\u0259qliyyat layih\u0259l\u0259ri haqq\u0131nda fikirl\u0259rini b\u00f6l\u00fc\u015f\u0259r\u0259k, bu i\u015f birliyinin h\u0259r iki \u00f6lk\u0259nin beyn\u0259lxalq n\u00fcfuzuna m\u00fcsb\u0259t t\u0259sir etdiyini bildirib.<\/p>\n<p>G\u00f6r\u00fc\u015fd\u0259 T\u00fcrkiy\u0259 il\u0259 dostluq qrupunun r\u0259hb\u0259ri \u018fhliman \u018fmiraslanov, deputat M\u0259lah\u0259t \u0130brahimq\u0131z\u0131, TBMM-nin Az\u0259rbaycanla dostluq qrupunun ba\u015f\u00e7\u0131s\u0131 \u015eamil Ayr\u0131m, t\u00fcrkiy\u0259li mill\u0259t v\u0259kili C\u0259lal Adan, T\u00fcrkiy\u0259 n\u00fcmay\u0259nd\u0259 hey\u0259tinin \u00fczv\u00fc G\u00fcr\u015fad Zorlu \u00e7\u0131x\u0131\u015f ed\u0259r\u0259k Az\u0259rbaycan-T\u00fcrkiy\u0259 qarda\u015fl\u0131q m\u00fcnasib\u0259tl\u0259rinin bu g\u00fcn\u00fc v\u0259 g\u0259l\u0259c\u0259k inki\u015faf perspektivl\u0259ri bar\u0259d\u0259 fikirl\u0259rini s\u0259sl\u0259ndiribl\u0259r.<\/p>\n<div class=\"gallery\">\n<div class=\"gallery-i\"><img src=\"https:\/\/cdn.oxu.az\/uploads\/W1siZiIsIjIwMjAvMTEvMDIvMTcvMTAvMDMvMDA5OTdmMTYtZDQxYi00ODkxLTk5NTAtY2RlMmNmMDQwMTVmLzEyMzQ5MjQ3OV8yODI4ODIxNjYyNjcyMDNfNTcxNDI3OTM2NzE4MDU3MjQ5M19uLmpwZyJdLFsicCIsImVuY29kZSIsImpwZyIsIi1xdWFsaXR5IDgwIl0sWyJwIiwidGh1bWIiLCI1OTB4NTkwXHUwMDNlIl1d?sha=c618c9344d80848a\" alt=\"\" \/><\/p>\n<div class=\"gallery-i-caption\"><\/div>\n<\/div>\n<div class=\"gallery-i\"><img src=\"https:\/\/cdn.oxu.az\/uploads\/W1siZiIsIjIwMjAvMTEvMDIvMTcvMTAvMzYvNTgyNDNlMGUtNzE2ZC00NjgwLWFlNWItNjE1NTM5MDhmNTMyLzEyMzEzNzc3N184NTI5ODY4ODIxMjQ1MzdfODg1NjcxNTM5MTc3MjU5MzUzNV9uLmpwZyJdLFsicCIsImVuY29kZSIsImpwZyIsIi1xdWFsaXR5IDgwIl0sWyJwIiwidGh1bWIiLCI1OTB4NTkwXHUwMDNlIl1d?sha=94322fc59e9e3149\" alt=\"\" \/><\/div>\n<\/div>\n","protected":false},"excerpt":{"rendered":"<p>Bu g\u00fcn Milli M\u0259clisin s\u0259dri Sahib\u0259 Qafarova T\u00fcrkiy\u0259nin\u00a0ke\u00e7mi\u015f Ba\u015f naziri, T\u00fcrkiy\u0259 B\u00f6y\u00fck Mill\u0259t M\u0259clisinin (TBMM) sabiq s\u0259dri, mill\u0259t v\u0259kili Bin\u0259li Y\u0131ld\u0131r\u0131m\u0131n ba\u015f\u00e7\u0131l\u0131q etdiyi n\u00fcmay\u0259nd\u0259 hey\u0259ti il\u0259 g\u00f6r\u00fc\u015f\u00fcb. Bu bar\u0259d\u0259\u00a0Milli M\u0259clisin M\u0259tbuat v\u0259\u00a0ictimaiyy\u0259tl\u0259 \u0259laq\u0259l\u0259r \u015f\u00f6b\u0259si m\u0259lumat yay\u0131b. S\u0259dr qonaqlar\u0131 salamlayaraq, \u00f6lk\u0259miz \u00fc\u00e7\u00fcn bel\u0259 bir h\u0259ssas d\u00f6n\u0259md\u0259 Az\u0259rbaycana s\u0259f\u0259r etdikl\u0259ri \u00fc\u00e7\u00fcn\u00a0n\u00fcmay\u0259nd\u0259 hey\u0259tinin h\u0259r bir \u00fczv\u00fcn\u0259 \u00f6z d\u0259rin t\u0259\u015f\u0259kk\u00fcr\u00fcn\u00fc bildirib. Qeyd edilib ki, bir mill\u0259t, iki d\u00f6vl\u0259t kimi d\u00f6vl\u0259tl\u0259rimiz aras\u0131ndak\u0131 m\u00fcnasib\u0259tl\u0259rin d\u00fcnyada b\u0259nz\u0259ri yoxdur. Dilimiz, dinimiz, m\u0259d\u0259niyy\u0259timiz, b\u00f6l\u00fc\u015fd\u00fcy\u00fcm\u00fcz d\u0259y\u0259rl\u0259r, o c\u00fcml\u0259d\u0259n u\u011furlar\u0131m\u0131z v\u0259 k\u0259d\u0259rl\u0259rimiz d\u0259 birdir. S\u0259dr T\u00fcrkiy\u0259d\u0259 ba\u015f vermi\u015f z\u0259lz\u0259l\u0259 zaman\u0131 \u0130zmird\u0259&hellip;<\/p>\n","protected":false},"author":2,"featured_media":231900,"comment_status":"closed","ping_status":"closed","sticky":false,"template":"","format":"standard","meta":{"om_disable_all_campaigns":false,"_monsterinsights_skip_tracking":false,"_monsterinsights_sitenote_active":false,"_monsterinsights_sitenote_note":"","_monsterinsights_sitenote_category":0},"categories":[19],"tags":[],"aioseo_notices":[],"gutentor_comment":0,"rttpg_featured_image_url":{"full":["https:\/\/arantv.az\/wp-content\/uploads\/2020\/11\/123186134_366171654621910_1973227700005943914_n.jpg",620,343,false],"landscape":["https:\/\/arantv.az\/wp-content\/uploads\/2020\/11\/123186134_366171654621910_1973227700005943914_n.jpg",620,343,false],"portraits":["https:\/\/arantv.az\/wp-content\/uploads\/2020\/11\/123186134_366171654621910_1973227700005943914_n.jpg",620,343,false],"thumbnail":["https:\/\/arantv.az\/wp-content\/uploads\/2020\/11\/123186134_366171654621910_1973227700005943914_n-150x150.jpg",150,150,true],"medium":["https:\/\/arantv.az\/wp-content\/uploads\/2020\/11\/123186134_366171654621910_1973227700005943914_n-300x166.jpg",300,166,true],"large":["https:\/\/arantv.az\/wp-content\/uploads\/2020\/11\/123186134_366171654621910_1973227700005943914_n.jpg",620,343,false],"1536x1536":["https:\/\/arantv.az\/wp-content\/uploads\/2020\/11\/123186134_366171654621910_1973227700005943914_n.jpg",620,343,false],"2048x2048":["https:\/\/arantv.az\/wp-content\/uploads\/2020\/11\/123186134_366171654621910_1973227700005943914_n.jpg",620,343,false],"post-thumbnail":["https:\/\/arantv.az\/wp-content\/uploads\/2020\/11\/123186134_366171654621910_1973227700005943914_n-240x172.jpg",240,172,true],"advps-thumb-one":["https:\/\/arantv.az\/wp-content\/uploads\/2020\/11\/123186134_366171654621910_1973227700005943914_n.jpg",620,343,false]},"rttpg_author":{"display_name":"V\u00fcsal Rafiqo\u011flu","author_link":"https:\/\/arantv.az\/?author=2"},"rttpg_comment":0,"rttpg_category":"<a href=\"https:\/\/arantv.az\/?cat=19\" rel=\"category\">G\u00fcnd\u0259m<\/a>","rttpg_excerpt":"Bu g\u00fcn Milli M\u0259clisin s\u0259dri Sahib\u0259 Qafarova T\u00fcrkiy\u0259nin\u00a0ke\u00e7mi\u015f Ba\u015f naziri, T\u00fcrkiy\u0259 B\u00f6y\u00fck Mill\u0259t M\u0259clisinin (TBMM) sabiq s\u0259dri, mill\u0259t v\u0259kili Bin\u0259li Y\u0131ld\u0131r\u0131m\u0131n ba\u015f\u00e7\u0131l\u0131q etdiyi n\u00fcmay\u0259nd\u0259 hey\u0259ti il\u0259 g\u00f6r\u00fc\u015f\u00fcb. Bu bar\u0259d\u0259\u00a0Milli M\u0259clisin M\u0259tbuat v\u0259\u00a0ictimaiyy\u0259tl\u0259 \u0259laq\u0259l\u0259r \u015f\u00f6b\u0259si m\u0259lumat yay\u0131b. S\u0259dr qonaqlar\u0131 salamlayaraq, \u00f6lk\u0259miz \u00fc\u00e7\u00fcn bel\u0259 bir h\u0259ssas d\u00f6n\u0259md\u0259 Az\u0259rbaycana s\u0259f\u0259r etdikl\u0259ri \u00fc\u00e7\u00fcn\u00a0n\u00fcmay\u0259nd\u0259 hey\u0259tinin h\u0259r bir \u00fczv\u00fcn\u0259 \u00f6z d\u0259rin&hellip;","_links":{"self":[{"href":"https:\/\/arantv.az\/index.php?rest_route=\/wp\/v2\/posts\/231899"}],"collection":[{"href":"https:\/\/arantv.az\/index.php?rest_route=\/wp\/v2\/posts"}],"about":[{"href":"https:\/\/arantv.az\/index.php?rest_route=\/wp\/v2\/types\/post"}],"author":[{"embeddable":true,"href":"https:\/\/arantv.az\/index.php?rest_route=\/wp\/v2\/users\/2"}],"replies":[{"embeddable":true,"href":"https:\/\/arantv.az\/index.php?rest_route=%2Fwp%2Fv2%2Fcomments&post=231899"}],"version-history":[{"count":0,"href":"https:\/\/arantv.az\/index.php?rest_route=\/wp\/v2\/posts\/231899\/revisions"}],"wp:featuredmedia":[{"embeddable":true,"href":"https:\/\/arantv.az\/index.php?rest_route=\/wp\/v2\/media\/231900"}],"wp:attachment":[{"href":"https:\/\/arantv.az\/index.php?rest_route=%2Fwp%2Fv2%2Fmedia&parent=231899"}],"wp:term":[{"taxonomy":"category","embeddable":true,"href":"https:\/\/arantv.az\/index.php?rest_route=%2Fwp%2Fv2%2Fcategories&post=231899"},{"taxonomy":"post_tag","embeddable":true,"href":"https:\/\/arantv.az\/index.php?rest_route=%2Fwp%2Fv2%2Ftags&post=231899"}],"curies":[{"name":"wp","href":"https:\/\/api.w.org\/{rel}","templated":true}]}}