{"id":231907,"date":"2020-11-02T17:06:55","date_gmt":"2020-11-02T14:06:55","guid":{"rendered":"http:\/\/arantv.az\/?p=231907"},"modified":"2020-11-02T17:06:55","modified_gmt":"2020-11-02T14:06:55","slug":"uc-d%c9%99f%c9%99-erm%c9%99nistana-sans-verildi-prezident-ilham-%c9%99liyev","status":"publish","type":"post","link":"https:\/\/arantv.az\/?p=231907","title":{"rendered":"&#8220;\u00dc\u00e7 d\u0259f\u0259 Erm\u0259nistana \u015fans verildi&#8221; &#8211; Prezident \u0130lham \u018fliyev"},"content":{"rendered":"<p><b>\u201c\u00dc\u00e7 d\u0259f\u0259 Erm\u0259nistana \u015fans verildi. Baxmayaraq ki, bizim Ordumuz u\u011furlu \u0259m\u0259liyyat ke\u00e7irirdi. Buna baxmayaraq beyn\u0259lxalq vasit\u0259\u00e7il\u0259rin t\u0259klifl\u0259rin\u0259 h\u00f6rm\u0259tl\u0259 yana\u015faraq, \u00fc\u00e7 d\u0259f\u0259 biz at\u0259\u015fk\u0259sl\u0259 ba\u011fl\u0131 raz\u0131l\u0131\u011fa g\u0259ldik\u201d.<\/p>\n<p>Bunu Prezident \u0130lham \u018fliyev T\u00fcrkdilli D\u00f6vl\u0259tl\u0259rin \u018fm\u0259kda\u015fl\u0131q \u015euras\u0131n\u0131n Ba\u015f katibini, T\u00fcrkiy\u0259nin Odalar v\u0259 Borsalar Birliyinin prezidentini, \u00d6zb\u0259kistan\u0131n Ticar\u0259t v\u0259 S\u0259naye Palatas\u0131n\u0131n s\u0259drini v\u0259 Q\u0131r\u011f\u0131z\u0131stan\u0131n Ticar\u0259t v\u0259 S\u0259naye Palatas\u0131n\u0131n prezidentini q\u0259bul ed\u0259n zaman deyib.<\/p>\n<p>\u201c\u00dc\u00e7 d\u0259f\u0259 d\u0259 Erm\u0259nistan bunu kobudcas\u0131na pozub. Birinci d\u0259f\u0259 G\u0259nc\u0259ni ballistik raketl\u0259rl\u0259 bombalamas\u0131 il\u0259, ikinci d\u0259f\u0259 at\u0259\u015fk\u0259sd\u0259n 4-5 d\u0259qiq\u0259 ke\u00e7\u0259nd\u0259n sonra at\u0259\u015fk\u0259si pozdu, \u00fc\u00e7\u00fcnc\u00fc d\u0259f\u0259 is\u0259 B\u0259rd\u0259y\u0259 \u201cSmer\u00e7\u201d raketi il\u0259 at\u0259\u015fin a\u00e7\u0131lmas\u0131 v\u0259 onun n\u0259tic\u0259sind\u0259 21 insan h\u0259lak oldu v\u0259 70 insan yaralanm\u0131\u015fd\u0131. G\u0259nc\u0259y\u0259 is\u0259 iki ballistik raketl\u0259 at\u0259\u015f n\u0259tic\u0259sind\u0259 30-a yax\u0131n insan h\u0259lak olmu\u015fdu. Bu, erm\u0259ni fa\u015fizminin eyb\u0259c\u0259r sif\u0259tidir. Biz n\u0259inki \u00f6z torpaqlar\u0131m\u0131z\u0131 d\u00fc\u015fm\u0259nd\u0259n azad edirik, biz region \u00fc\u00e7\u00fcn b\u00f6y\u00fck t\u0259hl\u00fck\u0259 m\u0259nb\u0259yi olan erm\u0259ni fa\u015fizminin belini q\u0131r\u0131r\u0131q\u201d, &#8211; Prezident \u0259lav\u0259 edib.<\/b><\/p>\n","protected":false},"excerpt":{"rendered":"<p>\u201c\u00dc\u00e7 d\u0259f\u0259 Erm\u0259nistana \u015fans verildi. Baxmayaraq ki, bizim Ordumuz u\u011furlu \u0259m\u0259liyyat ke\u00e7irirdi. Buna baxmayaraq beyn\u0259lxalq vasit\u0259\u00e7il\u0259rin t\u0259klifl\u0259rin\u0259 h\u00f6rm\u0259tl\u0259 yana\u015faraq, \u00fc\u00e7 d\u0259f\u0259 biz at\u0259\u015fk\u0259sl\u0259 ba\u011fl\u0131 raz\u0131l\u0131\u011fa g\u0259ldik\u201d. Bunu Prezident \u0130lham \u018fliyev T\u00fcrkdilli D\u00f6vl\u0259tl\u0259rin \u018fm\u0259kda\u015fl\u0131q \u015euras\u0131n\u0131n Ba\u015f katibini, T\u00fcrkiy\u0259nin Odalar v\u0259 Borsalar Birliyinin prezidentini, \u00d6zb\u0259kistan\u0131n Ticar\u0259t v\u0259 S\u0259naye Palatas\u0131n\u0131n s\u0259drini v\u0259 Q\u0131r\u011f\u0131z\u0131stan\u0131n Ticar\u0259t v\u0259 S\u0259naye Palatas\u0131n\u0131n prezidentini q\u0259bul ed\u0259n zaman deyib. \u201c\u00dc\u00e7 d\u0259f\u0259 d\u0259 Erm\u0259nistan bunu kobudcas\u0131na pozub. Birinci d\u0259f\u0259 G\u0259nc\u0259ni ballistik raketl\u0259rl\u0259 bombalamas\u0131 il\u0259, ikinci d\u0259f\u0259 at\u0259\u015fk\u0259sd\u0259n 4-5 d\u0259qiq\u0259 ke\u00e7\u0259nd\u0259n sonra at\u0259\u015fk\u0259si pozdu, \u00fc\u00e7\u00fcnc\u00fc d\u0259f\u0259 is\u0259 B\u0259rd\u0259y\u0259 \u201cSmer\u00e7\u201d raketi il\u0259 at\u0259\u015fin&hellip;<\/p>\n","protected":false},"author":2,"featured_media":231908,"comment_status":"closed","ping_status":"closed","sticky":false,"template":"","format":"standard","meta":{"om_disable_all_campaigns":false,"_monsterinsights_skip_tracking":false,"_monsterinsights_sitenote_active":false,"_monsterinsights_sitenote_note":"","_monsterinsights_sitenote_category":0},"categories":[1],"tags":[],"aioseo_notices":[],"gutentor_comment":0,"rttpg_featured_image_url":{"full":["https:\/\/arantv.az\/wp-content\/uploads\/2020\/11\/1604313686_0001.jpg",450,280,false],"landscape":["https:\/\/arantv.az\/wp-content\/uploads\/2020\/11\/1604313686_0001.jpg",450,280,false],"portraits":["https:\/\/arantv.az\/wp-content\/uploads\/2020\/11\/1604313686_0001.jpg",450,280,false],"thumbnail":["https:\/\/arantv.az\/wp-content\/uploads\/2020\/11\/1604313686_0001-150x150.jpg",150,150,true],"medium":["https:\/\/arantv.az\/wp-content\/uploads\/2020\/11\/1604313686_0001-300x187.jpg",300,187,true],"large":["https:\/\/arantv.az\/wp-content\/uploads\/2020\/11\/1604313686_0001.jpg",450,280,false],"1536x1536":["https:\/\/arantv.az\/wp-content\/uploads\/2020\/11\/1604313686_0001.jpg",450,280,false],"2048x2048":["https:\/\/arantv.az\/wp-content\/uploads\/2020\/11\/1604313686_0001.jpg",450,280,false],"post-thumbnail":["https:\/\/arantv.az\/wp-content\/uploads\/2020\/11\/1604313686_0001-240x172.jpg",240,172,true],"advps-thumb-one":["https:\/\/arantv.az\/wp-content\/uploads\/2020\/11\/1604313686_0001.jpg",450,280,false]},"rttpg_author":{"display_name":"V\u00fcsal Rafiqo\u011flu","author_link":"https:\/\/arantv.az\/?author=2"},"rttpg_comment":0,"rttpg_category":"<a href=\"https:\/\/arantv.az\/?cat=1\" rel=\"category\">C\u0259miyy\u0259t<\/a>","rttpg_excerpt":"\u201c\u00dc\u00e7 d\u0259f\u0259 Erm\u0259nistana \u015fans verildi. Baxmayaraq ki, bizim Ordumuz u\u011furlu \u0259m\u0259liyyat ke\u00e7irirdi. Buna baxmayaraq beyn\u0259lxalq vasit\u0259\u00e7il\u0259rin t\u0259klifl\u0259rin\u0259 h\u00f6rm\u0259tl\u0259 yana\u015faraq, \u00fc\u00e7 d\u0259f\u0259 biz at\u0259\u015fk\u0259sl\u0259 ba\u011fl\u0131 raz\u0131l\u0131\u011fa g\u0259ldik\u201d. Bunu Prezident \u0130lham \u018fliyev T\u00fcrkdilli D\u00f6vl\u0259tl\u0259rin \u018fm\u0259kda\u015fl\u0131q \u015euras\u0131n\u0131n Ba\u015f katibini, T\u00fcrkiy\u0259nin Odalar v\u0259 Borsalar Birliyinin prezidentini, \u00d6zb\u0259kistan\u0131n Ticar\u0259t v\u0259 S\u0259naye Palatas\u0131n\u0131n s\u0259drini v\u0259 Q\u0131r\u011f\u0131z\u0131stan\u0131n Ticar\u0259t v\u0259 S\u0259naye Palatas\u0131n\u0131n prezidentini&hellip;","_links":{"self":[{"href":"https:\/\/arantv.az\/index.php?rest_route=\/wp\/v2\/posts\/231907"}],"collection":[{"href":"https:\/\/arantv.az\/index.php?rest_route=\/wp\/v2\/posts"}],"about":[{"href":"https:\/\/arantv.az\/index.php?rest_route=\/wp\/v2\/types\/post"}],"author":[{"embeddable":true,"href":"https:\/\/arantv.az\/index.php?rest_route=\/wp\/v2\/users\/2"}],"replies":[{"embeddable":true,"href":"https:\/\/arantv.az\/index.php?rest_route=%2Fwp%2Fv2%2Fcomments&post=231907"}],"version-history":[{"count":0,"href":"https:\/\/arantv.az\/index.php?rest_route=\/wp\/v2\/posts\/231907\/revisions"}],"wp:featuredmedia":[{"embeddable":true,"href":"https:\/\/arantv.az\/index.php?rest_route=\/wp\/v2\/media\/231908"}],"wp:attachment":[{"href":"https:\/\/arantv.az\/index.php?rest_route=%2Fwp%2Fv2%2Fmedia&parent=231907"}],"wp:term":[{"taxonomy":"category","embeddable":true,"href":"https:\/\/arantv.az\/index.php?rest_route=%2Fwp%2Fv2%2Fcategories&post=231907"},{"taxonomy":"post_tag","embeddable":true,"href":"https:\/\/arantv.az\/index.php?rest_route=%2Fwp%2Fv2%2Ftags&post=231907"}],"curies":[{"name":"wp","href":"https:\/\/api.w.org\/{rel}","templated":true}]}}