{"id":231911,"date":"2020-11-02T17:09:13","date_gmt":"2020-11-02T14:09:13","guid":{"rendered":"http:\/\/arantv.az\/?p=231911"},"modified":"2020-11-02T17:09:13","modified_gmt":"2020-11-02T14:09:13","slug":"erm%c9%99nil%c9%99rin-jurnalistl%c9%99r%c9%99-t%c9%99zyiqi-dayandirilsin-beyn%c9%99lxalq-mediaya-muraci%c9%99t","status":"publish","type":"post","link":"https:\/\/arantv.az\/?p=231911","title":{"rendered":"Erm\u0259nil\u0259rin jurnalistl\u0259r\u0259 t\u0259zyiqi dayand\u0131r\u0131ls\u0131n! &#8211; Beyn\u0259lxalq mediaya m\u00fcraci\u0259t"},"content":{"rendered":"<p>Az\u0259rbaycan QHT-l\u0259ri doqquz beyn\u0259lxalq media qurumuna m\u00fcraci\u0259t \u00fcnvanlay\u0131b.<\/p>\n<p>Beyn\u0259lxalq S\u00f6z Azadl\u0131\u011f\u0131 M\u00fcbadil\u0259si \u015e\u0259b\u0259k\u0259sin\u0259, Beyn\u0259lxalq M\u0259tbuat \u0130nstitutuna, Jurnalistl\u0259rin M\u00fcdafi\u0259 Komit\u0259sin\u0259, S\u0259rh\u0259dsiz Reportyorlar T\u0259\u015fkilat\u0131na, Beyn\u0259lxalq Jurnalistl\u0259r Federasiyas\u0131na, Avropa Jurnalistl\u0259r Federasiyas\u0131na, Beyn\u0259lxalq X\u0259b\u0259r T\u0259hl\u00fck\u0259sizliyi \u0130nstitutuna, Beyn\u0259lxalq Media D\u0259st\u0259yi T\u0259\u015fkilat\u0131na v\u0259 \u201cArticle 19\u201d T\u0259\u015fkilat\u0131na edil\u0259n m\u00fcraci\u0259t Erm\u0259nistan\u0131n Az\u0259rbaycana h\u0259rbi t\u0259cav\u00fcz\u00fcn\u00fc obyektiv i\u015f\u0131qland\u0131ran beyn\u0259lxalq media qurumlar\u0131na v\u0259 jurnalistl\u0259r\u0259 t\u0259zyiq g\u00f6st\u0259rm\u0259si il\u0259 ba\u011fl\u0131d\u0131r:<\/p>\n<p>\u201cM\u0259lumat \u00fc\u00e7\u00fcn bildiririk ki, 27 sentyabr-31 oktyabr 2020-ci il tarixl\u0259rind\u0259 d\u00f6y\u00fc\u015f zonas\u0131ndan\u00a0 uzaqda yerl\u0259\u015f\u0259n Az\u0259rbaycan\u0131n \u015f\u0259h\u0259r v\u0259 rayonlar\u0131na Erm\u0259nistan\u0131n etdiyi ballistik v\u0259 qada\u011fan olunmu\u015f kasetli raket h\u00fccumlar\u0131 n\u0259tic\u0259sind\u0259 91 m\u00fclki v\u0259t\u0259nda\u015f \u00f6ld\u00fcr\u00fcl\u00fcb, 404 \u015f\u0259xs is\u0259 yaralan\u0131b. Erm\u0259nistan\u0131n t\u00f6r\u0259tdiyi bel\u0259 h\u0259rbi cinay\u0259tl\u0259ri d\u00fcnya m\u0259tbuat\u0131 geni\u015f i\u015f\u0131qland\u0131r\u0131l\u0131b.<\/p>\n<div id=\"AdviadNativeVideo0\" class=\"AdviadNativeVideo\"><\/div>\n<p>Lakin erm\u0259ni diasporu Erm\u0259nistan-Az\u0259rbaycan m\u00fcnaqi\u015f\u0259si haqq\u0131nda h\u0259qiq\u0259tl\u0259ri i\u015f\u0131qland\u0131ran, obyektiv m\u0259lumat yayan, h\u0259tta neytral m\u00f6vqe n\u00fcmayi\u015f etdir\u0259n, Erm\u0259nistan\u0131n v\u0259 erm\u0259ni diasporunun maraqlar\u0131na cavab verm\u0259y\u0259n media orqanlar\u0131n\u0131, jurnalistl\u0259ri, ictimai f\u0259allar\u0131 h\u0259d\u0259f\u0259 g\u00f6t\u00fcr\u00fcr, onlara ciddi t\u0259zyiql\u0259r g\u00f6st\u0259rir. Erm\u0259ni lobbisi azad s\u00f6z\u00fc basq\u0131 alt\u0131nda saxlama\u011fa \u00e7al\u0131\u015faraq m\u00fcnaqi\u015f\u0259 il\u0259 ba\u011fl\u0131 obyektiv v\u0259 neytral m\u00f6vqe g\u00f6st\u0259r\u0259n jurnalistl\u0259ri \u00f6l\u00fcml\u0259 h\u0259d\u0259l\u0259yir, t\u0259hdid v\u0259 t\u0259hqir edir.<\/p>\n<p>Bel\u0259 n\u00fcmun\u0259l\u0259rd\u0259n biri Fransan\u0131n TF1 kanal\u0131n\u0131n \u0259m\u0259kda\u015f\u0131 xan\u0131m Liseron Budulun haz\u0131rlad\u0131\u011f\u0131 reportajla ba\u011fl\u0131d\u0131r. Bel\u0259 ki, xan\u0131m Budul Az\u0259rbaycana s\u0259f\u0259r ed\u0259r\u0259k G\u0259nc\u0259, B\u0259rd\u0259, T\u0259rt\u0259r v\u0259 dig\u0259r ya\u015fay\u0131\u015f m\u0259nt\u0259q\u0259l\u0259rind\u0259 Erm\u0259nistan\u0131n m\u00fclki \u0259halimizi artilleriya v\u0259 raket at\u0259\u015fin\u0259 tutmas\u0131n\u0131n \u015fahidi olub\u00a0v\u0259 bu haqda obyektiv reportaj haz\u0131rlay\u0131b.<\/p>\n<p>Reportaj yay\u0131mland\u0131qdan sonra\u00a0Fransadak\u0131 erm\u0259ni lobbisinin \u00fczvl\u0259ri xan\u0131m Liseron Budula v\u0259 TF1 kanal\u0131n\u0131n qar\u015f\u0131 total h\u00fccum v\u0259 t\u0259zyiql\u0259r edib\u00a0v\u0259 jurnalisti \u00f6l\u00fcml\u0259 h\u0259d\u0259l\u0259yibl\u0259r. N\u0259tic\u0259d\u0259 TF1 h\u0259min reportaj\u0131n yay\u0131m\u0131n\u0131 dayand\u0131rmaq v\u0259 onu sistemd\u0259n silm\u0259k m\u0259cburiyy\u0259tind\u0259 qal\u0131b.<\/p>\n<p>\u201cNY Times\u201d q\u0259zetinin \u0130stanbuldak\u0131 m\u00fcxbiri Karlotta Qall da erm\u0259nil\u0259rin eyni \u015f\u0259kild\u0259 m\u0259n\u0259vi v\u0259 siyasi terroruna m\u0259ruz qal\u0131b. Bel\u0259 ki, q\u0259zetin redaksiyas\u0131 v\u0259 jurnalist Erm\u0259nistan\u0131n Az\u0259rbaycan\u0131n dinc \u0259halisini ballistik raketl\u0259 q\u0259tl\u0259 yetirm\u0259sini\u00a0i\u015f\u0131qland\u0131rd\u0131\u011f\u0131na g\u00f6r\u0259 erm\u0259nil\u0259rin\u00a0ciddi t\u0259zyiqi v\u0259 t\u0259hdidi il\u0259 \u00fczl\u0259\u015fib.<\/p>\n<p>Bizi narahat ed\u0259n hallardan biri d\u0259 budur ki,\u00a0Fransan\u0131n \u201c\u015earl Ebdo\u201d jurnal\u0131nda d\u00fcnyan\u0131n \u00fc\u00e7 s\u0259mavi dinind\u0259n birinin pey\u011f\u0259mb\u0259rinin karikaturas\u0131na s\u00f6z azadl\u0131\u011f\u0131 kimi yana\u015f\u0131lmas\u0131 siyas\u0259ti fonunda Erm\u0259nistan-Az\u0259rbaycan m\u00fcnaqi\u015f\u0259si il\u0259 ba\u011fl\u0131 balansl\u0131 reportaja erm\u0259ni lobbisinin a\u00e7\u0131q t\u0259hdidl\u0259rinin artmas\u0131 v\u0259 buna adekvat reaksiyan\u0131n verilm\u0259m\u0259si bizd\u0259 d\u0259rin t\u0259\u0259ss\u00fcf v\u0259 t\u0259\u0259cc\u00fcb hissi do\u011furur.<\/p>\n<p>Erm\u0259ni lobbisinin azad s\u00f6z\u0259, ifad\u0259 azadl\u0131\u011f\u0131na, jurnalistikan\u0131n obyektivlik, t\u0259r\u0259fsizlik v\u0259 q\u0259r\u0259zsizlik prinsipl\u0259rin\u0259 qar\u015f\u0131 a\u00e7\u0131q m\u00fcharib\u0259 elan etm\u0259si bizd\u0259 b\u00f6y\u00fck narahatl\u0131q yarad\u0131b.<\/p>\n<p>Hesab edirik ki, erm\u0259ni lobbisinin b\u00fct\u00fcn d\u00fcnyada m\u00fcst\u0259qil median\u0131 susdurmaq c\u0259hdl\u0259ri ilk n\u00f6vb\u0259d\u0259 beyn\u0259lxalq media institutlar\u0131 kimi sizi narahat etm\u0259li\u00a0 v\u0259 bu qanunsuzlu\u011fa a\u00e7\u0131q etiraz\u0131n\u0131z\u0131 bildirm\u0259lisiniz.<\/p>\n<p>Az\u0259rbaycan\u0131n jurnalist v\u0259 media h\u00fcquqlar\u0131n\u0131n qorunmas\u0131 istiqam\u0259tind\u0259 f\u0259aliyy\u0259t g\u00f6st\u0259r\u0259n QHT-l\u0259r olaraq sizd\u0259n ba\u015f ver\u0259n bu kimi hadis\u0259l\u0259r\u0259 etiraz etm\u0259y\u0259 v\u0259 erm\u0259ni lobbisinin azad s\u00f6z\u00fc susdurmaq c\u0259hdinin qar\u015f\u0131s\u0131n\u0131 alma\u011fa \u00e7a\u011f\u0131r\u0131r\u0131q\u201d.<\/p>\n","protected":false},"excerpt":{"rendered":"<p>Az\u0259rbaycan QHT-l\u0259ri doqquz beyn\u0259lxalq media qurumuna m\u00fcraci\u0259t \u00fcnvanlay\u0131b. Beyn\u0259lxalq S\u00f6z Azadl\u0131\u011f\u0131 M\u00fcbadil\u0259si \u015e\u0259b\u0259k\u0259sin\u0259, Beyn\u0259lxalq M\u0259tbuat \u0130nstitutuna, Jurnalistl\u0259rin M\u00fcdafi\u0259 Komit\u0259sin\u0259, S\u0259rh\u0259dsiz Reportyorlar T\u0259\u015fkilat\u0131na, Beyn\u0259lxalq Jurnalistl\u0259r Federasiyas\u0131na, Avropa Jurnalistl\u0259r Federasiyas\u0131na, Beyn\u0259lxalq X\u0259b\u0259r T\u0259hl\u00fck\u0259sizliyi \u0130nstitutuna, Beyn\u0259lxalq Media D\u0259st\u0259yi T\u0259\u015fkilat\u0131na v\u0259 \u201cArticle 19\u201d T\u0259\u015fkilat\u0131na edil\u0259n m\u00fcraci\u0259t Erm\u0259nistan\u0131n Az\u0259rbaycana h\u0259rbi t\u0259cav\u00fcz\u00fcn\u00fc obyektiv i\u015f\u0131qland\u0131ran beyn\u0259lxalq media qurumlar\u0131na v\u0259 jurnalistl\u0259r\u0259 t\u0259zyiq g\u00f6st\u0259rm\u0259si il\u0259 ba\u011fl\u0131d\u0131r: \u201cM\u0259lumat \u00fc\u00e7\u00fcn bildiririk ki, 27 sentyabr-31 oktyabr 2020-ci il tarixl\u0259rind\u0259 d\u00f6y\u00fc\u015f zonas\u0131ndan\u00a0 uzaqda yerl\u0259\u015f\u0259n Az\u0259rbaycan\u0131n \u015f\u0259h\u0259r v\u0259 rayonlar\u0131na Erm\u0259nistan\u0131n etdiyi ballistik v\u0259 qada\u011fan olunmu\u015f kasetli raket h\u00fccumlar\u0131 n\u0259tic\u0259sind\u0259 91 m\u00fclki v\u0259t\u0259nda\u015f \u00f6ld\u00fcr\u00fcl\u00fcb, 404&hellip;<\/p>\n","protected":false},"author":2,"featured_media":231913,"comment_status":"closed","ping_status":"closed","sticky":false,"template":"","format":"standard","meta":{"om_disable_all_campaigns":false,"_monsterinsights_skip_tracking":false,"_monsterinsights_sitenote_active":false,"_monsterinsights_sitenote_note":"","_monsterinsights_sitenote_category":0},"categories":[5],"tags":[],"aioseo_notices":[],"gutentor_comment":0,"rttpg_featured_image_url":{"full":["https:\/\/arantv.az\/wp-content\/uploads\/2020\/11\/qw.jpg",620,446,false],"landscape":["https:\/\/arantv.az\/wp-content\/uploads\/2020\/11\/qw.jpg",620,446,false],"portraits":["https:\/\/arantv.az\/wp-content\/uploads\/2020\/11\/qw.jpg",620,446,false],"thumbnail":["https:\/\/arantv.az\/wp-content\/uploads\/2020\/11\/qw-150x150.jpg",150,150,true],"medium":["https:\/\/arantv.az\/wp-content\/uploads\/2020\/11\/qw-300x216.jpg",300,216,true],"large":["https:\/\/arantv.az\/wp-content\/uploads\/2020\/11\/qw.jpg",620,446,false],"1536x1536":["https:\/\/arantv.az\/wp-content\/uploads\/2020\/11\/qw.jpg",620,446,false],"2048x2048":["https:\/\/arantv.az\/wp-content\/uploads\/2020\/11\/qw.jpg",620,446,false],"post-thumbnail":["https:\/\/arantv.az\/wp-content\/uploads\/2020\/11\/qw-240x172.jpg",240,172,true],"advps-thumb-one":["https:\/\/arantv.az\/wp-content\/uploads\/2020\/11\/qw.jpg",620,446,false]},"rttpg_author":{"display_name":"V\u00fcsal Rafiqo\u011flu","author_link":"https:\/\/arantv.az\/?author=2"},"rttpg_comment":0,"rttpg_category":"<a href=\"https:\/\/arantv.az\/?cat=5\" rel=\"category\">Hadis\u0259<\/a>","rttpg_excerpt":"Az\u0259rbaycan QHT-l\u0259ri doqquz beyn\u0259lxalq media qurumuna m\u00fcraci\u0259t \u00fcnvanlay\u0131b. Beyn\u0259lxalq S\u00f6z Azadl\u0131\u011f\u0131 M\u00fcbadil\u0259si \u015e\u0259b\u0259k\u0259sin\u0259, Beyn\u0259lxalq M\u0259tbuat \u0130nstitutuna, Jurnalistl\u0259rin M\u00fcdafi\u0259 Komit\u0259sin\u0259, S\u0259rh\u0259dsiz Reportyorlar T\u0259\u015fkilat\u0131na, Beyn\u0259lxalq Jurnalistl\u0259r Federasiyas\u0131na, Avropa Jurnalistl\u0259r Federasiyas\u0131na, Beyn\u0259lxalq X\u0259b\u0259r T\u0259hl\u00fck\u0259sizliyi \u0130nstitutuna, Beyn\u0259lxalq Media D\u0259st\u0259yi T\u0259\u015fkilat\u0131na v\u0259 \u201cArticle 19\u201d T\u0259\u015fkilat\u0131na edil\u0259n m\u00fcraci\u0259t Erm\u0259nistan\u0131n Az\u0259rbaycana h\u0259rbi t\u0259cav\u00fcz\u00fcn\u00fc obyektiv i\u015f\u0131qland\u0131ran beyn\u0259lxalq media qurumlar\u0131na v\u0259 jurnalistl\u0259r\u0259 t\u0259zyiq g\u00f6st\u0259rm\u0259si&hellip;","_links":{"self":[{"href":"https:\/\/arantv.az\/index.php?rest_route=\/wp\/v2\/posts\/231911"}],"collection":[{"href":"https:\/\/arantv.az\/index.php?rest_route=\/wp\/v2\/posts"}],"about":[{"href":"https:\/\/arantv.az\/index.php?rest_route=\/wp\/v2\/types\/post"}],"author":[{"embeddable":true,"href":"https:\/\/arantv.az\/index.php?rest_route=\/wp\/v2\/users\/2"}],"replies":[{"embeddable":true,"href":"https:\/\/arantv.az\/index.php?rest_route=%2Fwp%2Fv2%2Fcomments&post=231911"}],"version-history":[{"count":0,"href":"https:\/\/arantv.az\/index.php?rest_route=\/wp\/v2\/posts\/231911\/revisions"}],"wp:featuredmedia":[{"embeddable":true,"href":"https:\/\/arantv.az\/index.php?rest_route=\/wp\/v2\/media\/231913"}],"wp:attachment":[{"href":"https:\/\/arantv.az\/index.php?rest_route=%2Fwp%2Fv2%2Fmedia&parent=231911"}],"wp:term":[{"taxonomy":"category","embeddable":true,"href":"https:\/\/arantv.az\/index.php?rest_route=%2Fwp%2Fv2%2Fcategories&post=231911"},{"taxonomy":"post_tag","embeddable":true,"href":"https:\/\/arantv.az\/index.php?rest_route=%2Fwp%2Fv2%2Ftags&post=231911"}],"curies":[{"name":"wp","href":"https:\/\/api.w.org\/{rel}","templated":true}]}}