{"id":231916,"date":"2020-11-02T17:10:13","date_gmt":"2020-11-02T14:10:13","guid":{"rendered":"http:\/\/arantv.az\/?p=231916"},"modified":"2020-11-02T17:10:13","modified_gmt":"2020-11-02T14:10:13","slug":"bas-prokuror-boyuk-britaniyanin-olk%c9%99mizd%c9%99ki-s%c9%99firi-il%c9%99-gorusub-foto","status":"publish","type":"post","link":"https:\/\/arantv.az\/?p=231916","title":{"rendered":"Ba\u015f prokuror B\u00f6y\u00fck Britaniyan\u0131n \u00f6lk\u0259mizd\u0259ki s\u0259firi il\u0259 g\u00f6r\u00fc\u015f\u00fcb &#8211; FOTO"},"content":{"rendered":"<p>Noyabr\u0131n 2-d\u0259 Ba\u015f prokuror Kamran \u018fliyev B\u00f6y\u00fck Britaniyan\u0131n \u00f6lk\u0259mizd\u0259ki f\u00f6vq\u0259lad\u0259 v\u0259 s\u0259lahiyy\u0259tli s\u0259firi Ceyms \u015earp il\u0259 g\u00f6r\u00fc\u015f\u00fcb.<\/p>\n<p>Ba\u015f Prokurorlu\u011fun m\u0259tbuat xidm\u0259tind\u0259n\u00a0veril\u0259n m\u0259lumata g\u00f6r\u0259, qona\u011f\u0131 s\u0259mimi salamlayan Ba\u015f prokuror \u00f6lk\u0259l\u0259rimiz aras\u0131nda \u0259n\u0259n\u0259vi dostluq v\u0259 t\u0259r\u0259fda\u015fl\u0131q \u0259laq\u0259l\u0259rin\u0259, b\u00fct\u00fcn sah\u0259l\u0259rd\u0259 i\u015fg\u00fczar m\u00fcnasib\u0259tl\u0259rin m\u00f6vcudlu\u011funa toxunaraq, bu \u0259laq\u0259l\u0259rin g\u00fcn\u00fc-g\u00fcnd\u0259n daha da inki\u015faf etdiyini qeyd edib.<\/p>\n<p>K.\u018fliyev\u00a0sentyabr\u0131n 27-d\u0259n ba\u015flayaraq Erm\u0259nistan\u0131n silahl\u0131 q\u00fcvv\u0259l\u0259ri t\u0259r\u0259find\u0259n Az\u0259rbaycan\u0131n ya\u015fay\u0131\u015f m\u0259nt\u0259q\u0259l\u0259rinin a\u011f\u0131r artilleriya v\u0259 raket qur\u011fular\u0131ndan at\u0259\u015f\u0259 tutulmas\u0131 n\u0259tic\u0259sind\u0259 dinc m\u00fclki \u0259halimiz\u0259 qar\u015f\u0131 s\u00fclh v\u0259 insanl\u0131q \u0259leyhin\u0259 cinay\u0259tl\u0259rin t\u00f6r\u0259dilm\u0259sini bildirib. X\u00fcsusil\u0259 vur\u011fulan\u0131b ki, \u00fcmumilikd\u0259 m\u00fclki \u0259halid\u0259n 91 n\u0259f\u0259r h\u0259lak olub, onlardan 27-i qad\u0131n, 11-i u\u015faq olub, 404 n\u0259f\u0259r yaralan\u0131b, onlardan 102-i qad\u0131n, 50-i u\u015faq olub, 2488 ya\u015fay\u0131\u015f evin\u0259, 97 \u00e7oxm\u0259rt\u0259b\u0259li binaya v\u0259 461 m\u00fclki infrastruktur obyektl\u0259rin\u0259 k\u00fclli miqdarda ziyan d\u0259yib.<\/p>\n<div id=\"AdviadNativeVideo0\" class=\"AdviadNativeVideo\"><\/div>\n<p>Kamran \u018fliyev Az\u0259rbaycan\u0131n i\u015f\u011fal olunmu\u015f \u0259razil\u0259rind\u0259 Erm\u0259nistan silahl\u0131 q\u00fcvv\u0259l\u0259rinin t\u0259rkibind\u0259 dig\u0259r \u00f6lk\u0259l\u0259rd\u0259n c\u0259lb edilmi\u015f muzdlu \u015f\u0259xsl\u0259rin d\u00f6y\u00fc\u015f \u0259m\u0259liyyatlar\u0131nda i\u015ftirak etm\u0259l\u0259ri, h\u0259m\u00e7inin, xarici \u00f6lk\u0259l\u0259rin konkret \u015firk\u0259tl\u0259rinin ekologiya v\u0259 yerin t\u0259kinin istismar\u0131 qaydalar\u0131n\u0131n kobud \u015f\u0259kild\u0259 pozulmas\u0131 il\u0259 n\u0259tic\u0259l\u0259n\u0259n qanunsuz sahibkarl\u0131q f\u0259aliyy\u0259ti il\u0259 m\u0259\u015f\u011ful olmalar\u0131 faktlar\u0131 il\u0259 ba\u011fl\u0131 Az\u0259rbaycan Respublikas\u0131 Ba\u015f Prokurorlu\u011funun \u0130stintaq \u0130dar\u0259sind\u0259 ba\u015flanm\u0131\u015f\u00a0 cinay\u0259t i\u015fl\u0259ri bar\u0259d\u0259 qona\u011fa m\u0259lumat verib.<\/p>\n<p>Ba\u015f prokuror, s\u0259fir Ceyms \u015earpa Ba\u015f Prokurorluq t\u0259r\u0259find\u0259n t\u0259\u015fkil edilmi\u015f m\u0259tbuat konfranslar\u0131 v\u0259 brifinql\u0259rd\u0259 i\u015ftirak etm\u0259sin\u0259, habel\u0259 Birl\u0259\u015fmi\u015f Krall\u0131q t\u0259r\u0259find\u0259n Beyn\u0259lxalq Q\u0131rm\u0131z\u0131 Xa\u00e7 Komit\u0259si vasit\u0259sil\u0259 z\u0259r\u0259r \u00e7\u0259kmi\u015f m\u00fclki \u015f\u0259xsl\u0259rimiz\u0259 g\u00f6st\u0259rdikl\u0259ri maliyy\u0259 d\u0259st\u0259yin\u0259 g\u00f6r\u0259 d\u0259 \u00f6z t\u0259\u015f\u0259kk\u00fcr\u00fcn\u00fc bildirib.<\/p>\n<p>S\u0259mimi q\u0259bula g\u00f6r\u0259 t\u0259\u015f\u0259kk\u00fcr\u00fcn\u00fc bildir\u0259n s\u0259fir ikit\u0259r\u0259fli m\u00fcnasib\u0259tl\u0259r\u0259 toxunaraq B\u00f6y\u00fck Britaniyan\u0131n Az\u0259rbaycanla \u0259laq\u0259l\u0259r\u0259 b\u00f6y\u00fck \u00f6n\u0259m verdiyini v\u0259 m\u00fcnasib\u0259tl\u0259rin y\u00fcks\u0259k s\u0259viyy\u0259d\u0259 v\u0259 m\u00fcv\u0259ff\u0259qiyy\u0259tl\u0259 inki\u015faf etdiyini qeyd edib.<\/p>\n<p>S\u0259fir \u00f6lk\u0259mizl\u0259 Erm\u0259nistan aras\u0131ndak\u0131 m\u00f6vcud m\u00fcnaqi\u015f\u0259 bar\u0259d\u0259 fikir m\u00fcbadil\u0259si apar\u0131lark\u0259n Da\u011fl\u0131q Qaraba\u011f m\u00fcnaqi\u015f\u0259sinin s\u00fclh yolu il\u0259 beyn\u0259lxalq h\u00fcquq normalar\u0131na \u0259sas\u0259n h\u0259llinin vacibliyini diqq\u0259t\u0259 \u00e7atd\u0131r\u0131b.<\/p>\n<p>Konflikt zaman\u0131 m\u00fclki \u015f\u0259xsl\u0259rin, x\u00fcsus\u0259n d\u0259 m\u00fcnaqi\u015f\u0259 zonas\u0131ndan k\u0259narda ya\u015fayan dinc \u0259halinin h\u0259lak olmas\u0131na g\u00f6r\u0259 m\u0259yus oldu\u011funu bildir\u0259r\u0259k, \u00f6lk\u0259si t\u0259r\u0259find\u0259n bu kimi hallar\u0131n daim q\u0259tiyy\u0259tl\u0259 pisl\u0259nildiyini diqq\u0259t\u0259 \u00e7atd\u0131r\u0131b.<\/p>\n<p>Daha sonra h\u0259r iki \u00f6lk\u0259nin prokurorluq orqanlar\u0131 aras\u0131nda konkret cinay\u0259t i\u015fl\u0259ri \u00fczr\u0259 \u0259m\u0259kda\u015fl\u0131q, h\u00fcquqi yard\u0131m, ekstradisiya v\u0259 sair m\u0259s\u0259l\u0259l\u0259r \u0259traf\u0131nda geni\u015f fikir m\u00fcbadil\u0259si apar\u0131l\u0131b.<\/p>\n<div class=\"gallery\">\n<div class=\"gallery-i\"><img src=\"https:\/\/cdn.oxu.az\/uploads\/W1siZiIsIjIwMjAvMTEvMDIvMTYvNDMvNDcvYTRlMmU5ZGQtNjlmYS00MjczLWI1NzUtOWIwYTJkZWVlM2ZkL3A0LmpwZyJdLFsicCIsImVuY29kZSIsImpwZyIsIi1xdWFsaXR5IDgwIl0sWyJwIiwidGh1bWIiLCI1OTB4NTkwXHUwMDNlIl1d?sha=fddae0f623d2cb24\" alt=\"\" \/><\/p>\n<div class=\"gallery-i-caption\"><\/div>\n<\/div>\n<div class=\"gallery-i\"><img src=\"https:\/\/cdn.oxu.az\/uploads\/W1siZiIsIjIwMjAvMTEvMDIvMTYvNDMvNDcvYzE2M2EyYTMtYjNmOS00ZWRkLTlkYzEtZjVhZDcyNzI2OWM0L3AzLmpwZyJdLFsicCIsImVuY29kZSIsImpwZyIsIi1xdWFsaXR5IDgwIl0sWyJwIiwidGh1bWIiLCI1OTB4NTkwXHUwMDNlIl1d?sha=d7d9a803e753a378\" alt=\"\" \/><\/p>\n<div class=\"gallery-i-caption\"><\/div>\n<\/div>\n<div class=\"gallery-i\"><img src=\"https:\/\/cdn.oxu.az\/uploads\/W1siZiIsIjIwMjAvMTEvMDIvMTYvNDMvNDgvYmZjNGU2NjUtYjEyOS00ZDBkLTgzMWUtZWEzMmUwNmM3MzMwL3AyLmpwZyJdLFsicCIsImVuY29kZSIsImpwZyIsIi1xdWFsaXR5IDgwIl0sWyJwIiwidGh1bWIiLCI1OTB4NTkwXHUwMDNlIl1d?sha=1b728728f9b95400\" alt=\"\" \/><\/p>\n<div class=\"gallery-i-caption\"><\/div>\n<\/div>\n<div class=\"gallery-i\"><img src=\"https:\/\/cdn.oxu.az\/uploads\/W1siZiIsIjIwMjAvMTEvMDIvMTYvNDMvNDgvMTc1YmNiODMtZDA5Yi00MDIzLTg2MzgtZjIyYjEwMDg1MTVkL3AxLmpwZyJdLFsicCIsImVuY29kZSIsImpwZyIsIi1xdWFsaXR5IDgwIl0sWyJwIiwidGh1bWIiLCI1OTB4NTkwXHUwMDNlIl1d?sha=e48313962a05864a\" alt=\"\" \/><\/div>\n<\/div>\n","protected":false},"excerpt":{"rendered":"<p>Noyabr\u0131n 2-d\u0259 Ba\u015f prokuror Kamran \u018fliyev B\u00f6y\u00fck Britaniyan\u0131n \u00f6lk\u0259mizd\u0259ki f\u00f6vq\u0259lad\u0259 v\u0259 s\u0259lahiyy\u0259tli s\u0259firi Ceyms \u015earp il\u0259 g\u00f6r\u00fc\u015f\u00fcb. Ba\u015f Prokurorlu\u011fun m\u0259tbuat xidm\u0259tind\u0259n\u00a0veril\u0259n m\u0259lumata g\u00f6r\u0259, qona\u011f\u0131 s\u0259mimi salamlayan Ba\u015f prokuror \u00f6lk\u0259l\u0259rimiz aras\u0131nda \u0259n\u0259n\u0259vi dostluq v\u0259 t\u0259r\u0259fda\u015fl\u0131q \u0259laq\u0259l\u0259rin\u0259, b\u00fct\u00fcn sah\u0259l\u0259rd\u0259 i\u015fg\u00fczar m\u00fcnasib\u0259tl\u0259rin m\u00f6vcudlu\u011funa toxunaraq, bu \u0259laq\u0259l\u0259rin g\u00fcn\u00fc-g\u00fcnd\u0259n daha da inki\u015faf etdiyini qeyd edib. K.\u018fliyev\u00a0sentyabr\u0131n 27-d\u0259n ba\u015flayaraq Erm\u0259nistan\u0131n silahl\u0131 q\u00fcvv\u0259l\u0259ri t\u0259r\u0259find\u0259n Az\u0259rbaycan\u0131n ya\u015fay\u0131\u015f m\u0259nt\u0259q\u0259l\u0259rinin a\u011f\u0131r artilleriya v\u0259 raket qur\u011fular\u0131ndan at\u0259\u015f\u0259 tutulmas\u0131 n\u0259tic\u0259sind\u0259 dinc m\u00fclki \u0259halimiz\u0259 qar\u015f\u0131 s\u00fclh v\u0259 insanl\u0131q \u0259leyhin\u0259 cinay\u0259tl\u0259rin t\u00f6r\u0259dilm\u0259sini bildirib. X\u00fcsusil\u0259 vur\u011fulan\u0131b ki, \u00fcmumilikd\u0259 m\u00fclki \u0259halid\u0259n 91 n\u0259f\u0259r h\u0259lak olub, onlardan&hellip;<\/p>\n","protected":false},"author":2,"featured_media":231917,"comment_status":"closed","ping_status":"closed","sticky":false,"template":"","format":"standard","meta":{"om_disable_all_campaigns":false,"_monsterinsights_skip_tracking":false,"_monsterinsights_sitenote_active":false,"_monsterinsights_sitenote_note":"","_monsterinsights_sitenote_category":0},"categories":[19],"tags":[],"aioseo_notices":[],"gutentor_comment":0,"rttpg_featured_image_url":{"full":["https:\/\/arantv.az\/wp-content\/uploads\/2020\/11\/p1.jpg",620,413,false],"landscape":["https:\/\/arantv.az\/wp-content\/uploads\/2020\/11\/p1.jpg",620,413,false],"portraits":["https:\/\/arantv.az\/wp-content\/uploads\/2020\/11\/p1.jpg",620,413,false],"thumbnail":["https:\/\/arantv.az\/wp-content\/uploads\/2020\/11\/p1-150x150.jpg",150,150,true],"medium":["https:\/\/arantv.az\/wp-content\/uploads\/2020\/11\/p1-300x200.jpg",300,200,true],"large":["https:\/\/arantv.az\/wp-content\/uploads\/2020\/11\/p1.jpg",620,413,false],"1536x1536":["https:\/\/arantv.az\/wp-content\/uploads\/2020\/11\/p1.jpg",620,413,false],"2048x2048":["https:\/\/arantv.az\/wp-content\/uploads\/2020\/11\/p1.jpg",620,413,false],"post-thumbnail":["https:\/\/arantv.az\/wp-content\/uploads\/2020\/11\/p1-240x172.jpg",240,172,true],"advps-thumb-one":["https:\/\/arantv.az\/wp-content\/uploads\/2020\/11\/p1.jpg",620,413,false]},"rttpg_author":{"display_name":"V\u00fcsal Rafiqo\u011flu","author_link":"https:\/\/arantv.az\/?author=2"},"rttpg_comment":0,"rttpg_category":"<a href=\"https:\/\/arantv.az\/?cat=19\" rel=\"category\">G\u00fcnd\u0259m<\/a>","rttpg_excerpt":"Noyabr\u0131n 2-d\u0259 Ba\u015f prokuror Kamran \u018fliyev B\u00f6y\u00fck Britaniyan\u0131n \u00f6lk\u0259mizd\u0259ki f\u00f6vq\u0259lad\u0259 v\u0259 s\u0259lahiyy\u0259tli s\u0259firi Ceyms \u015earp il\u0259 g\u00f6r\u00fc\u015f\u00fcb. Ba\u015f Prokurorlu\u011fun m\u0259tbuat xidm\u0259tind\u0259n\u00a0veril\u0259n m\u0259lumata g\u00f6r\u0259, qona\u011f\u0131 s\u0259mimi salamlayan Ba\u015f prokuror \u00f6lk\u0259l\u0259rimiz aras\u0131nda \u0259n\u0259n\u0259vi dostluq v\u0259 t\u0259r\u0259fda\u015fl\u0131q \u0259laq\u0259l\u0259rin\u0259, b\u00fct\u00fcn sah\u0259l\u0259rd\u0259 i\u015fg\u00fczar m\u00fcnasib\u0259tl\u0259rin m\u00f6vcudlu\u011funa toxunaraq, bu \u0259laq\u0259l\u0259rin g\u00fcn\u00fc-g\u00fcnd\u0259n daha da inki\u015faf etdiyini qeyd edib. K.\u018fliyev\u00a0sentyabr\u0131n 27-d\u0259n ba\u015flayaraq Erm\u0259nistan\u0131n silahl\u0131&hellip;","_links":{"self":[{"href":"https:\/\/arantv.az\/index.php?rest_route=\/wp\/v2\/posts\/231916"}],"collection":[{"href":"https:\/\/arantv.az\/index.php?rest_route=\/wp\/v2\/posts"}],"about":[{"href":"https:\/\/arantv.az\/index.php?rest_route=\/wp\/v2\/types\/post"}],"author":[{"embeddable":true,"href":"https:\/\/arantv.az\/index.php?rest_route=\/wp\/v2\/users\/2"}],"replies":[{"embeddable":true,"href":"https:\/\/arantv.az\/index.php?rest_route=%2Fwp%2Fv2%2Fcomments&post=231916"}],"version-history":[{"count":0,"href":"https:\/\/arantv.az\/index.php?rest_route=\/wp\/v2\/posts\/231916\/revisions"}],"wp:featuredmedia":[{"embeddable":true,"href":"https:\/\/arantv.az\/index.php?rest_route=\/wp\/v2\/media\/231917"}],"wp:attachment":[{"href":"https:\/\/arantv.az\/index.php?rest_route=%2Fwp%2Fv2%2Fmedia&parent=231916"}],"wp:term":[{"taxonomy":"category","embeddable":true,"href":"https:\/\/arantv.az\/index.php?rest_route=%2Fwp%2Fv2%2Fcategories&post=231916"},{"taxonomy":"post_tag","embeddable":true,"href":"https:\/\/arantv.az\/index.php?rest_route=%2Fwp%2Fv2%2Ftags&post=231916"}],"curies":[{"name":"wp","href":"https:\/\/api.w.org\/{rel}","templated":true}]}}