{"id":231920,"date":"2020-11-02T17:11:11","date_gmt":"2020-11-02T14:11:11","guid":{"rendered":"http:\/\/arantv.az\/?p=231920"},"modified":"2020-11-02T18:12:13","modified_gmt":"2020-11-02T15:12:13","slug":"audio-virtual-karabakhyuxari-xalq-prezidenti-tarix-yazan-s%c9%99rk%c9%99rd%c9%99-adlandirir-muraci%c9%99tl%c9%99r","status":"publish","type":"post","link":"https:\/\/arantv.az\/?p=231920","title":{"rendered":"Xalq Prezidenti \u201cTarix yazan s\u0259rk\u0259rd\u0259\u201d adland\u0131r\u0131r &#8211; M\u00dcRAC\u0130\u018fTL\u018fR"},"content":{"rendered":"<p>Az\u0259rbaycanda v\u0259 xaricd\u0259 ya\u015fayan h\u0259mv\u0259t\u0259nl\u0259rimiz, eyni zamanda xarici \u00f6lk\u0259l\u0259rin v\u0259t\u0259nda\u015flar\u0131 Prezident, Silahl\u0131 Q\u00fcvv\u0259l\u0259rin Ali Ba\u015f Komandan\u0131 \u0130lham \u018fliyev\u0259 m\u00fcraci\u0259t\u00a0<a href=\"https:\/\/president.az\/letters\/received\" target=\"_blank\" rel=\"noopener\">edirl\u0259r<\/a>.<\/p>\n<p>M\u00fcraci\u0259tl\u0259rd\u0259 \u015fanl\u0131 ordumuzun sentyabr\u0131n 27-d\u0259 i\u015f\u011fal\u00e7\u0131 qo\u015funlar\u0131na qar\u015f\u0131 Ali Ba\u015f Komandan \u0130lham \u018fliyevin r\u0259hb\u0259rliyi alt\u0131nda ba\u015flatd\u0131\u011f\u0131 \u0259m\u0259liyyatlar birm\u0259nal\u0131 olaraq alq\u0131\u015flan\u0131r v\u0259 b\u00f6y\u00fck d\u0259st\u0259k ifad\u0259 olunur.<\/p>\n<div id=\"AdviadNativeVideo0\" class=\"AdviadNativeVideo\"><\/div>\n<p>M\u00fcraci\u0259tl\u0259rd\u0259 bildirilir ki, Ali Ba\u015f Komandan\u0131n mediaya m\u00fcsahib\u0259l\u0259r ver\u0259rk\u0259n s\u0259sinin ah\u0259ngi bel\u0259 i\u015f\u011fal\u00e7\u0131lara qar\u015f\u0131 m\u00fcbariz\u0259d\u0259 q\u0259l\u0259b\u0259nin ah\u0259ngi anlam\u0131na g\u0259lir.<\/p>\n<p>Xalq Prezidenti tarix yazan s\u0259rk\u0259rd\u0259 adland\u0131r\u0131r. Bildirirl\u0259r ki, v\u0259t\u0259nd\u0259n k\u0259narda ya\u015fayan az\u0259rbaycanl\u0131lar da Az\u0259rbaycan\u0131n i\u015f\u011fal olunmu\u015f \u0259razil\u0259rinin tezlikl\u0259 Ali Ba\u015f Komandan\u0131n r\u0259hb\u0259rliyi alt\u0131nda azad olunaca\u011f\u0131na v\u0259 \u0259razi b\u00fct\u00f6vl\u00fcy\u00fcm\u00fcz\u00fcn qeyd-\u015f\u0259rtsiz t\u0259min edil\u0259c\u0259yin\u0259\u00a0q\u0259ti inan\u0131r, h\u0259sr\u0259tl\u0259 Q\u0259l\u0259b\u0259 g\u00fcn\u00fcn\u00fc g\u00f6zl\u0259yir.<\/p>\n","protected":false},"excerpt":{"rendered":"<p>Az\u0259rbaycanda v\u0259 xaricd\u0259 ya\u015fayan h\u0259mv\u0259t\u0259nl\u0259rimiz, eyni zamanda xarici \u00f6lk\u0259l\u0259rin v\u0259t\u0259nda\u015flar\u0131 Prezident, Silahl\u0131 Q\u00fcvv\u0259l\u0259rin Ali Ba\u015f Komandan\u0131 \u0130lham \u018fliyev\u0259 m\u00fcraci\u0259t\u00a0edirl\u0259r. M\u00fcraci\u0259tl\u0259rd\u0259 \u015fanl\u0131 ordumuzun sentyabr\u0131n 27-d\u0259 i\u015f\u011fal\u00e7\u0131 qo\u015funlar\u0131na qar\u015f\u0131 Ali Ba\u015f Komandan \u0130lham \u018fliyevin r\u0259hb\u0259rliyi alt\u0131nda ba\u015flatd\u0131\u011f\u0131 \u0259m\u0259liyyatlar birm\u0259nal\u0131 olaraq alq\u0131\u015flan\u0131r v\u0259 b\u00f6y\u00fck d\u0259st\u0259k ifad\u0259 olunur. M\u00fcraci\u0259tl\u0259rd\u0259 bildirilir ki, Ali Ba\u015f Komandan\u0131n mediaya m\u00fcsahib\u0259l\u0259r ver\u0259rk\u0259n s\u0259sinin ah\u0259ngi bel\u0259 i\u015f\u011fal\u00e7\u0131lara qar\u015f\u0131 m\u00fcbariz\u0259d\u0259 q\u0259l\u0259b\u0259nin ah\u0259ngi anlam\u0131na g\u0259lir. Xalq Prezidenti tarix yazan s\u0259rk\u0259rd\u0259 adland\u0131r\u0131r. Bildirirl\u0259r ki, v\u0259t\u0259nd\u0259n k\u0259narda ya\u015fayan az\u0259rbaycanl\u0131lar da Az\u0259rbaycan\u0131n i\u015f\u011fal olunmu\u015f \u0259razil\u0259rinin tezlikl\u0259 Ali Ba\u015f Komandan\u0131n r\u0259hb\u0259rliyi alt\u0131nda azad olunaca\u011f\u0131na v\u0259 \u0259razi&hellip;<\/p>\n","protected":false},"author":2,"featured_media":231921,"comment_status":"closed","ping_status":"closed","sticky":false,"template":"","format":"standard","meta":{"om_disable_all_campaigns":false,"_monsterinsights_skip_tracking":false,"_monsterinsights_sitenote_active":false,"_monsterinsights_sitenote_note":"","_monsterinsights_sitenote_category":0},"categories":[1],"tags":[],"aioseo_notices":[],"gutentor_comment":0,"rttpg_featured_image_url":{"full":["https:\/\/arantv.az\/wp-content\/uploads\/2020\/11\/ilham.jpg",620,455,false],"landscape":["https:\/\/arantv.az\/wp-content\/uploads\/2020\/11\/ilham.jpg",620,455,false],"portraits":["https:\/\/arantv.az\/wp-content\/uploads\/2020\/11\/ilham.jpg",620,455,false],"thumbnail":["https:\/\/arantv.az\/wp-content\/uploads\/2020\/11\/ilham-150x150.jpg",150,150,true],"medium":["https:\/\/arantv.az\/wp-content\/uploads\/2020\/11\/ilham-300x220.jpg",300,220,true],"large":["https:\/\/arantv.az\/wp-content\/uploads\/2020\/11\/ilham.jpg",620,455,false],"1536x1536":["https:\/\/arantv.az\/wp-content\/uploads\/2020\/11\/ilham.jpg",620,455,false],"2048x2048":["https:\/\/arantv.az\/wp-content\/uploads\/2020\/11\/ilham.jpg",620,455,false],"post-thumbnail":["https:\/\/arantv.az\/wp-content\/uploads\/2020\/11\/ilham-240x172.jpg",240,172,true],"advps-thumb-one":["https:\/\/arantv.az\/wp-content\/uploads\/2020\/11\/ilham.jpg",620,455,false]},"rttpg_author":{"display_name":"V\u00fcsal Rafiqo\u011flu","author_link":"https:\/\/arantv.az\/?author=2"},"rttpg_comment":0,"rttpg_category":"<a href=\"https:\/\/arantv.az\/?cat=1\" rel=\"category\">C\u0259miyy\u0259t<\/a>","rttpg_excerpt":"Az\u0259rbaycanda v\u0259 xaricd\u0259 ya\u015fayan h\u0259mv\u0259t\u0259nl\u0259rimiz, eyni zamanda xarici \u00f6lk\u0259l\u0259rin v\u0259t\u0259nda\u015flar\u0131 Prezident, Silahl\u0131 Q\u00fcvv\u0259l\u0259rin Ali Ba\u015f Komandan\u0131 \u0130lham \u018fliyev\u0259 m\u00fcraci\u0259t\u00a0edirl\u0259r. M\u00fcraci\u0259tl\u0259rd\u0259 \u015fanl\u0131 ordumuzun sentyabr\u0131n 27-d\u0259 i\u015f\u011fal\u00e7\u0131 qo\u015funlar\u0131na qar\u015f\u0131 Ali Ba\u015f Komandan \u0130lham \u018fliyevin r\u0259hb\u0259rliyi alt\u0131nda ba\u015flatd\u0131\u011f\u0131 \u0259m\u0259liyyatlar birm\u0259nal\u0131 olaraq alq\u0131\u015flan\u0131r v\u0259 b\u00f6y\u00fck d\u0259st\u0259k ifad\u0259 olunur. M\u00fcraci\u0259tl\u0259rd\u0259 bildirilir ki, Ali Ba\u015f Komandan\u0131n mediaya m\u00fcsahib\u0259l\u0259r ver\u0259rk\u0259n s\u0259sinin ah\u0259ngi&hellip;","_links":{"self":[{"href":"https:\/\/arantv.az\/index.php?rest_route=\/wp\/v2\/posts\/231920"}],"collection":[{"href":"https:\/\/arantv.az\/index.php?rest_route=\/wp\/v2\/posts"}],"about":[{"href":"https:\/\/arantv.az\/index.php?rest_route=\/wp\/v2\/types\/post"}],"author":[{"embeddable":true,"href":"https:\/\/arantv.az\/index.php?rest_route=\/wp\/v2\/users\/2"}],"replies":[{"embeddable":true,"href":"https:\/\/arantv.az\/index.php?rest_route=%2Fwp%2Fv2%2Fcomments&post=231920"}],"version-history":[{"count":0,"href":"https:\/\/arantv.az\/index.php?rest_route=\/wp\/v2\/posts\/231920\/revisions"}],"wp:featuredmedia":[{"embeddable":true,"href":"https:\/\/arantv.az\/index.php?rest_route=\/wp\/v2\/media\/231921"}],"wp:attachment":[{"href":"https:\/\/arantv.az\/index.php?rest_route=%2Fwp%2Fv2%2Fmedia&parent=231920"}],"wp:term":[{"taxonomy":"category","embeddable":true,"href":"https:\/\/arantv.az\/index.php?rest_route=%2Fwp%2Fv2%2Fcategories&post=231920"},{"taxonomy":"post_tag","embeddable":true,"href":"https:\/\/arantv.az\/index.php?rest_route=%2Fwp%2Fv2%2Ftags&post=231920"}],"curies":[{"name":"wp","href":"https:\/\/api.w.org\/{rel}","templated":true}]}}