{"id":231928,"date":"2020-11-02T17:12:53","date_gmt":"2020-11-02T14:12:53","guid":{"rendered":"http:\/\/arantv.az\/?p=231928"},"modified":"2020-11-02T17:12:53","modified_gmt":"2020-11-02T14:12:53","slug":"ilham-%c9%99liyev-daha-s%c9%99kkiz-k%c9%99nd-isgaldan-azad-olundu-foto","status":"publish","type":"post","link":"https:\/\/arantv.az\/?p=231928","title":{"rendered":"\u0130lham \u018fliyev: \u201cDaha s\u0259kkiz k\u0259nd i\u015f\u011faldan azad olundu\u201d &#8211; FOTO"},"content":{"rendered":"<p>Az\u0259rbaycan Ordusu daha bir ne\u00e7\u0259 k\u0259ndi i\u015f\u011faldan azad etdi.<\/p>\n<p>Bunu Az\u0259rbaycan Respublikas\u0131n\u0131n Prezidenti \u0130lham \u018fliyev r\u0259smi \u201cTwitter\u201d s\u0259hif\u0259sind\u0259 yaz\u0131b.<\/p>\n<div id=\"AdviadNativeVideo0\" class=\"AdviadNativeVideo\"><\/div>\n<p>\u201cM\u00fcz\u0259ff\u0259r Az\u0259rbaycan Ordusu C\u0259bray\u0131l rayonunun \u00c7aprand, Hac\u0131 \u0130saql\u0131, Qo\u015fa Bulaq, Z\u0259ngilan rayonunun D\u0259r\u0259 Gil\u0259ta\u011f, B\u00f6y\u00fck Gil\u0259ta\u011f, Qubadl\u0131 rayonunun \u0130\u015f\u0131ql\u0131, Muradxanl\u0131, Milanl\u0131 k\u0259ndl\u0259rini i\u015f\u011faldan azad edib. E\u015fq olsun Az\u0259rbaycan Ordusuna! Qaraba\u011f Az\u0259rbaycand\u0131r!\u201d.<\/p>\n<div>\n<blockquote class=\"twitter-tweet\">\n<p dir=\"ltr\" lang=\"tr\">M\u00fcz\u0259ff\u0259r Az\u0259rbaycan Ordusu C\u0259bray\u0131l rayonunun \u00c7aprand, Hac\u0131 \u0130saql\u0131, Qo\u015fa Bulaq, Z\u0259ngilan rayonunun D\u0259r\u0259 Gil\u0259ta\u011f, B\u00f6y\u00fck Gil\u0259ta\u011f, Qubadl\u0131 rayonunun \u0130\u015f\u0131ql\u0131, Muradxanl\u0131, Milanl\u0131 k\u0259ndl\u0259rini i\u015f\u011faldan azad etmi\u015fdir. E\u015fq olsun Az\u0259rbaycan Ordusuna! Qaraba\u011f Az\u0259rbaycand\u0131r!<\/p>\n<p>\u2014 \u0130lham \u018fliyev (@azpresident)\u00a0<a href=\"https:\/\/twitter.com\/azpresident\/status\/1323237889778569216?ref_src=twsrc%5Etfw\">November 2, 2020<\/a><\/p><\/blockquote>\n<\/div>\n","protected":false},"excerpt":{"rendered":"<p>Az\u0259rbaycan Ordusu daha bir ne\u00e7\u0259 k\u0259ndi i\u015f\u011faldan azad etdi. Bunu Az\u0259rbaycan Respublikas\u0131n\u0131n Prezidenti \u0130lham \u018fliyev r\u0259smi \u201cTwitter\u201d s\u0259hif\u0259sind\u0259 yaz\u0131b. \u201cM\u00fcz\u0259ff\u0259r Az\u0259rbaycan Ordusu C\u0259bray\u0131l rayonunun \u00c7aprand, Hac\u0131 \u0130saql\u0131, Qo\u015fa Bulaq, Z\u0259ngilan rayonunun D\u0259r\u0259 Gil\u0259ta\u011f, B\u00f6y\u00fck Gil\u0259ta\u011f, Qubadl\u0131 rayonunun \u0130\u015f\u0131ql\u0131, Muradxanl\u0131, Milanl\u0131 k\u0259ndl\u0259rini i\u015f\u011faldan azad edib. E\u015fq olsun Az\u0259rbaycan Ordusuna! Qaraba\u011f Az\u0259rbaycand\u0131r!\u201d. M\u00fcz\u0259ff\u0259r Az\u0259rbaycan Ordusu C\u0259bray\u0131l rayonunun \u00c7aprand, Hac\u0131 \u0130saql\u0131, Qo\u015fa Bulaq, Z\u0259ngilan rayonunun D\u0259r\u0259 Gil\u0259ta\u011f, B\u00f6y\u00fck Gil\u0259ta\u011f, Qubadl\u0131 rayonunun \u0130\u015f\u0131ql\u0131, Muradxanl\u0131, Milanl\u0131 k\u0259ndl\u0259rini i\u015f\u011faldan azad etmi\u015fdir. E\u015fq olsun Az\u0259rbaycan Ordusuna! Qaraba\u011f Az\u0259rbaycand\u0131r! \u2014 \u0130lham \u018fliyev (@azpresident)\u00a0November 2, 2020<\/p>\n","protected":false},"author":2,"featured_media":231929,"comment_status":"closed","ping_status":"closed","sticky":false,"template":"","format":"standard","meta":{"om_disable_all_campaigns":false,"_monsterinsights_skip_tracking":false,"_monsterinsights_sitenote_active":false,"_monsterinsights_sitenote_note":"","_monsterinsights_sitenote_category":0},"categories":[19],"tags":[],"aioseo_notices":[],"gutentor_comment":0,"rttpg_featured_image_url":{"full":["https:\/\/arantv.az\/wp-content\/uploads\/2020\/11\/120313111_3579230668800290_4361005323338327674_o.jpg",620,392,false],"landscape":["https:\/\/arantv.az\/wp-content\/uploads\/2020\/11\/120313111_3579230668800290_4361005323338327674_o.jpg",620,392,false],"portraits":["https:\/\/arantv.az\/wp-content\/uploads\/2020\/11\/120313111_3579230668800290_4361005323338327674_o.jpg",620,392,false],"thumbnail":["https:\/\/arantv.az\/wp-content\/uploads\/2020\/11\/120313111_3579230668800290_4361005323338327674_o-150x150.jpg",150,150,true],"medium":["https:\/\/arantv.az\/wp-content\/uploads\/2020\/11\/120313111_3579230668800290_4361005323338327674_o-300x190.jpg",300,190,true],"large":["https:\/\/arantv.az\/wp-content\/uploads\/2020\/11\/120313111_3579230668800290_4361005323338327674_o.jpg",620,392,false],"1536x1536":["https:\/\/arantv.az\/wp-content\/uploads\/2020\/11\/120313111_3579230668800290_4361005323338327674_o.jpg",620,392,false],"2048x2048":["https:\/\/arantv.az\/wp-content\/uploads\/2020\/11\/120313111_3579230668800290_4361005323338327674_o.jpg",620,392,false],"post-thumbnail":["https:\/\/arantv.az\/wp-content\/uploads\/2020\/11\/120313111_3579230668800290_4361005323338327674_o-240x172.jpg",240,172,true],"advps-thumb-one":["https:\/\/arantv.az\/wp-content\/uploads\/2020\/11\/120313111_3579230668800290_4361005323338327674_o.jpg",620,392,false]},"rttpg_author":{"display_name":"V\u00fcsal Rafiqo\u011flu","author_link":"https:\/\/arantv.az\/?author=2"},"rttpg_comment":0,"rttpg_category":"<a href=\"https:\/\/arantv.az\/?cat=19\" rel=\"category\">G\u00fcnd\u0259m<\/a>","rttpg_excerpt":"Az\u0259rbaycan Ordusu daha bir ne\u00e7\u0259 k\u0259ndi i\u015f\u011faldan azad etdi. Bunu Az\u0259rbaycan Respublikas\u0131n\u0131n Prezidenti \u0130lham \u018fliyev r\u0259smi \u201cTwitter\u201d s\u0259hif\u0259sind\u0259 yaz\u0131b. \u201cM\u00fcz\u0259ff\u0259r Az\u0259rbaycan Ordusu C\u0259bray\u0131l rayonunun \u00c7aprand, Hac\u0131 \u0130saql\u0131, Qo\u015fa Bulaq, Z\u0259ngilan rayonunun D\u0259r\u0259 Gil\u0259ta\u011f, B\u00f6y\u00fck Gil\u0259ta\u011f, Qubadl\u0131 rayonunun \u0130\u015f\u0131ql\u0131, Muradxanl\u0131, Milanl\u0131 k\u0259ndl\u0259rini i\u015f\u011faldan azad edib. E\u015fq olsun Az\u0259rbaycan Ordusuna! Qaraba\u011f Az\u0259rbaycand\u0131r!\u201d. M\u00fcz\u0259ff\u0259r Az\u0259rbaycan Ordusu C\u0259bray\u0131l rayonunun&hellip;","_links":{"self":[{"href":"https:\/\/arantv.az\/index.php?rest_route=\/wp\/v2\/posts\/231928"}],"collection":[{"href":"https:\/\/arantv.az\/index.php?rest_route=\/wp\/v2\/posts"}],"about":[{"href":"https:\/\/arantv.az\/index.php?rest_route=\/wp\/v2\/types\/post"}],"author":[{"embeddable":true,"href":"https:\/\/arantv.az\/index.php?rest_route=\/wp\/v2\/users\/2"}],"replies":[{"embeddable":true,"href":"https:\/\/arantv.az\/index.php?rest_route=%2Fwp%2Fv2%2Fcomments&post=231928"}],"version-history":[{"count":0,"href":"https:\/\/arantv.az\/index.php?rest_route=\/wp\/v2\/posts\/231928\/revisions"}],"wp:featuredmedia":[{"embeddable":true,"href":"https:\/\/arantv.az\/index.php?rest_route=\/wp\/v2\/media\/231929"}],"wp:attachment":[{"href":"https:\/\/arantv.az\/index.php?rest_route=%2Fwp%2Fv2%2Fmedia&parent=231928"}],"wp:term":[{"taxonomy":"category","embeddable":true,"href":"https:\/\/arantv.az\/index.php?rest_route=%2Fwp%2Fv2%2Fcategories&post=231928"},{"taxonomy":"post_tag","embeddable":true,"href":"https:\/\/arantv.az\/index.php?rest_route=%2Fwp%2Fv2%2Ftags&post=231928"}],"curies":[{"name":"wp","href":"https:\/\/api.w.org\/{rel}","templated":true}]}}