{"id":231944,"date":"2020-11-02T17:40:55","date_gmt":"2020-11-02T14:40:55","guid":{"rendered":"http:\/\/arantv.az\/?p=231944"},"modified":"2020-11-02T17:40:55","modified_gmt":"2020-11-02T14:40:55","slug":"ombudsman-erm%c9%99nil%c9%99rin-g%c9%99nc%c9%99y%c9%99-raket-atmasi-n%c9%99tic%c9%99sind%c9%99-ziyan-d%c9%99ymis-tarixi-dini-abid%c9%99l%c9%99r%c9%99-dair-hesabat","status":"publish","type":"post","link":"https:\/\/arantv.az\/?p=231944","title":{"rendered":"Ombudsman erm\u0259nil\u0259rin G\u0259nc\u0259y\u0259 raket atmas\u0131 n\u0259tic\u0259sind\u0259 ziyan d\u0259ymi\u015f tarixi-dini abid\u0259l\u0259r\u0259 dair hesabat"},"content":{"rendered":"<p>Az\u0259rbaycan Respublikas\u0131n\u0131n \u0130nsan H\u00fcquqlar\u0131 \u00fczr\u0259 M\u00fcv\u0259kkili (Ombudsman) S\u0259bin\u0259 \u018fliyeva Erm\u0259nistan silahl\u0131 q\u00fcvv\u0259l\u0259rinin Az\u0259rbaycan\u0131n G\u0259nc\u0259 \u015f\u0259h\u0259rini ballistik raketl\u0259rl\u0259 at\u0259\u015f\u0259\u00a0tutmas\u0131 n\u0259tic\u0259sind\u0259 ciddi ziyan d\u0259ymi\u015f tarixi-dini memarl\u0131q abid\u0259l\u0259rin\u0259 dair aral\u0131q\u00a0<a href=\"https:\/\/ombudsman.az\/upload\/editor\/files\/Araliq_Hesabat_Gence_tarixi-dini%20abideler_monitorinq.pdf\" target=\"_blank\" rel=\"noopener\">hesabat<\/a>\u00a0haz\u0131rlay\u0131b.<\/p>\n<p>Ombudsman Aparat\u0131ndan\u00a0bildirilib ki, hesabat Erm\u0259nistan silahl\u0131 q\u00fcvv\u0259l\u0259rinin Az\u0259rbaycan\u0131n G\u0259nc\u0259 \u015f\u0259h\u0259rini ballistik raketl\u0259rl\u0259 at\u0259\u015f\u0259 tutmas\u0131 n\u0259tic\u0259sind\u0259 ciddi ziyan d\u0259ymi\u015f \u201c\u0130mamzad\u0259 Ziyar\u0259tgah\u201d Kompleksi v\u0259 Aleksandr Nevski ad\u0131na Rus Pravoslav Kils\u0259sind\u0259 Ombudsman t\u0259r\u0259find\u0259n h\u0259yata ke\u00e7irilmi\u015f monitorinql\u0259r zaman\u0131 yerind\u0259 toplanm\u0131\u015f faktlar\u0131 \u00f6z\u00fcnd\u0259 \u0259ks etdirir.<\/p>\n<div id=\"AdviadNativeVideo0\" class=\"AdviadNativeVideo\"><\/div>\n<p>Hesabatda t\u0259cav\u00fczkar Erm\u0259nistan\u0131n Az\u0259rbaycan\u0131n tarixi-m\u0259d\u0259ni irs m\u0259rk\u0259zi olan q\u0259dim G\u0259nc\u0259 \u015f\u0259h\u0259rin\u0259 ballistik raket z\u0259rb\u0259l\u0259ri endirm\u0259kl\u0259 t\u0259kc\u0259 Az\u0259rbaycan\u0131n deyil, eyni zamanda d\u00fcnya m\u0259d\u0259ni irsin\u0259 aid dini-m\u0259d\u0259ni abid\u0259l\u0259ri, ziyar\u0259tgahlar\u0131 v\u0259 \u00fcmumb\u0259\u015f\u0259ri d\u0259y\u0259rl\u0259ri h\u0259d\u0259f ald\u0131\u011f\u0131n\u0131,\u00a0 beyn\u0259lxalq humanitar h\u00fcququn, o c\u00fcml\u0259d\u0259n \u201cSilahl\u0131 m\u00fcnaqi\u015f\u0259 ba\u015f verdikd\u0259 m\u0259d\u0259ni d\u0259y\u0259rl\u0259rin qorunmas\u0131 haqq\u0131nda\u201d UNESCO-nun 1954-c\u00fc il Haaqa Konvensiyas\u0131n\u0131, \u201cD\u00fcnya m\u0259d\u0259ni v\u0259 t\u0259bii irsin m\u00fchafiz\u0259si haqq\u0131nda\u201d UNESCO-nun 1972-ci il Konvensiyas\u0131n\u0131, M\u00fcharib\u0259 zaman\u0131 m\u00fclki \u015f\u0259xsl\u0259rin m\u00fcdafi\u0259si il\u0259 ba\u011fl\u0131 IV Cenevr\u0259 Konvensiyas\u0131n\u0131, \u201cArxeoloji irsin m\u00fchafiz\u0259si haqq\u0131nda\u201d 1992-ci il Avropa Konvensiyas\u0131n\u0131 v\u0259 dig\u0259r beyn\u0259lxalq h\u00fcquq normalar\u0131n\u0131n kobud \u015f\u0259kild\u0259 pozmas\u0131 qeyd olunub, milli, m\u0259n\u0259vi, dini terror h\u0259yata ke\u00e7ir\u0259n, tarixi, dini-m\u0259d\u0259ni abid\u0259l\u0259ri m\u0259hv ed\u0259n, insan h\u00fcquq v\u0259 azadl\u0131qlar\u0131n\u0131 kobud \u015f\u0259kild\u0259 pozaraq m\u00fcharib\u0259 cinay\u0259tl\u0259ri t\u00f6r\u0259d\u0259n i\u015f\u011fal\u00e7\u0131 Erm\u0259nistan d\u00f6vl\u0259tinin beyn\u0259lxalq h\u00fcquqi m\u0259suliyy\u0259t\u0259 c\u0259lb edilm\u0259si istiqam\u0259tind\u0259 ciddi s\u0259y g\u00f6st\u0259rm\u0259y\u0259 \u00e7a\u011f\u0131r\u0131\u015f edilib.<\/p>\n<p>Hesabat d\u00fcnya ictimaiyy\u0259tin\u0259, beyn\u0259lxalq t\u0259\u015fkilatlara, milli insan h\u00fcquqlar\u0131 t\u0259sisatlar\u0131na, h\u0259m\u00e7inin m\u00fcxt\u0259lif dini icma v\u0259 konfessiyalara g\u00f6nd\u0259rilib.<\/p>\n","protected":false},"excerpt":{"rendered":"<p>Az\u0259rbaycan Respublikas\u0131n\u0131n \u0130nsan H\u00fcquqlar\u0131 \u00fczr\u0259 M\u00fcv\u0259kkili (Ombudsman) S\u0259bin\u0259 \u018fliyeva Erm\u0259nistan silahl\u0131 q\u00fcvv\u0259l\u0259rinin Az\u0259rbaycan\u0131n G\u0259nc\u0259 \u015f\u0259h\u0259rini ballistik raketl\u0259rl\u0259 at\u0259\u015f\u0259\u00a0tutmas\u0131 n\u0259tic\u0259sind\u0259 ciddi ziyan d\u0259ymi\u015f tarixi-dini memarl\u0131q abid\u0259l\u0259rin\u0259 dair aral\u0131q\u00a0hesabat\u00a0haz\u0131rlay\u0131b. Ombudsman Aparat\u0131ndan\u00a0bildirilib ki, hesabat Erm\u0259nistan silahl\u0131 q\u00fcvv\u0259l\u0259rinin Az\u0259rbaycan\u0131n G\u0259nc\u0259 \u015f\u0259h\u0259rini ballistik raketl\u0259rl\u0259 at\u0259\u015f\u0259 tutmas\u0131 n\u0259tic\u0259sind\u0259 ciddi ziyan d\u0259ymi\u015f \u201c\u0130mamzad\u0259 Ziyar\u0259tgah\u201d Kompleksi v\u0259 Aleksandr Nevski ad\u0131na Rus Pravoslav Kils\u0259sind\u0259 Ombudsman t\u0259r\u0259find\u0259n h\u0259yata ke\u00e7irilmi\u015f monitorinql\u0259r zaman\u0131 yerind\u0259 toplanm\u0131\u015f faktlar\u0131 \u00f6z\u00fcnd\u0259 \u0259ks etdirir. Hesabatda t\u0259cav\u00fczkar Erm\u0259nistan\u0131n Az\u0259rbaycan\u0131n tarixi-m\u0259d\u0259ni irs m\u0259rk\u0259zi olan q\u0259dim G\u0259nc\u0259 \u015f\u0259h\u0259rin\u0259 ballistik raket z\u0259rb\u0259l\u0259ri endirm\u0259kl\u0259 t\u0259kc\u0259 Az\u0259rbaycan\u0131n deyil, eyni zamanda d\u00fcnya m\u0259d\u0259ni irsin\u0259&hellip;<\/p>\n","protected":false},"author":2,"featured_media":231945,"comment_status":"closed","ping_status":"closed","sticky":false,"template":"","format":"standard","meta":{"om_disable_all_campaigns":false,"_monsterinsights_skip_tracking":false,"_monsterinsights_sitenote_active":false,"_monsterinsights_sitenote_note":"","_monsterinsights_sitenote_category":0},"categories":[26],"tags":[],"aioseo_notices":[],"gutentor_comment":0,"rttpg_featured_image_url":{"full":["https:\/\/arantv.az\/wp-content\/uploads\/2020\/11\/seb.jpg",620,349,false],"landscape":["https:\/\/arantv.az\/wp-content\/uploads\/2020\/11\/seb.jpg",620,349,false],"portraits":["https:\/\/arantv.az\/wp-content\/uploads\/2020\/11\/seb.jpg",620,349,false],"thumbnail":["https:\/\/arantv.az\/wp-content\/uploads\/2020\/11\/seb-150x150.jpg",150,150,true],"medium":["https:\/\/arantv.az\/wp-content\/uploads\/2020\/11\/seb-300x169.jpg",300,169,true],"large":["https:\/\/arantv.az\/wp-content\/uploads\/2020\/11\/seb.jpg",620,349,false],"1536x1536":["https:\/\/arantv.az\/wp-content\/uploads\/2020\/11\/seb.jpg",620,349,false],"2048x2048":["https:\/\/arantv.az\/wp-content\/uploads\/2020\/11\/seb.jpg",620,349,false],"post-thumbnail":["https:\/\/arantv.az\/wp-content\/uploads\/2020\/11\/seb-240x172.jpg",240,172,true],"advps-thumb-one":["https:\/\/arantv.az\/wp-content\/uploads\/2020\/11\/seb.jpg",620,349,false]},"rttpg_author":{"display_name":"V\u00fcsal Rafiqo\u011flu","author_link":"https:\/\/arantv.az\/?author=2"},"rttpg_comment":0,"rttpg_category":"<a href=\"https:\/\/arantv.az\/?cat=26\" rel=\"category\">Sosial<\/a>","rttpg_excerpt":"Az\u0259rbaycan Respublikas\u0131n\u0131n \u0130nsan H\u00fcquqlar\u0131 \u00fczr\u0259 M\u00fcv\u0259kkili (Ombudsman) S\u0259bin\u0259 \u018fliyeva Erm\u0259nistan silahl\u0131 q\u00fcvv\u0259l\u0259rinin Az\u0259rbaycan\u0131n G\u0259nc\u0259 \u015f\u0259h\u0259rini ballistik raketl\u0259rl\u0259 at\u0259\u015f\u0259\u00a0tutmas\u0131 n\u0259tic\u0259sind\u0259 ciddi ziyan d\u0259ymi\u015f tarixi-dini memarl\u0131q abid\u0259l\u0259rin\u0259 dair aral\u0131q\u00a0hesabat\u00a0haz\u0131rlay\u0131b. Ombudsman Aparat\u0131ndan\u00a0bildirilib ki, hesabat Erm\u0259nistan silahl\u0131 q\u00fcvv\u0259l\u0259rinin Az\u0259rbaycan\u0131n G\u0259nc\u0259 \u015f\u0259h\u0259rini ballistik raketl\u0259rl\u0259 at\u0259\u015f\u0259 tutmas\u0131 n\u0259tic\u0259sind\u0259 ciddi ziyan d\u0259ymi\u015f \u201c\u0130mamzad\u0259 Ziyar\u0259tgah\u201d Kompleksi v\u0259 Aleksandr Nevski ad\u0131na Rus Pravoslav Kils\u0259sind\u0259&hellip;","_links":{"self":[{"href":"https:\/\/arantv.az\/index.php?rest_route=\/wp\/v2\/posts\/231944"}],"collection":[{"href":"https:\/\/arantv.az\/index.php?rest_route=\/wp\/v2\/posts"}],"about":[{"href":"https:\/\/arantv.az\/index.php?rest_route=\/wp\/v2\/types\/post"}],"author":[{"embeddable":true,"href":"https:\/\/arantv.az\/index.php?rest_route=\/wp\/v2\/users\/2"}],"replies":[{"embeddable":true,"href":"https:\/\/arantv.az\/index.php?rest_route=%2Fwp%2Fv2%2Fcomments&post=231944"}],"version-history":[{"count":0,"href":"https:\/\/arantv.az\/index.php?rest_route=\/wp\/v2\/posts\/231944\/revisions"}],"wp:featuredmedia":[{"embeddable":true,"href":"https:\/\/arantv.az\/index.php?rest_route=\/wp\/v2\/media\/231945"}],"wp:attachment":[{"href":"https:\/\/arantv.az\/index.php?rest_route=%2Fwp%2Fv2%2Fmedia&parent=231944"}],"wp:term":[{"taxonomy":"category","embeddable":true,"href":"https:\/\/arantv.az\/index.php?rest_route=%2Fwp%2Fv2%2Fcategories&post=231944"},{"taxonomy":"post_tag","embeddable":true,"href":"https:\/\/arantv.az\/index.php?rest_route=%2Fwp%2Fv2%2Ftags&post=231944"}],"curies":[{"name":"wp","href":"https:\/\/api.w.org\/{rel}","templated":true}]}}