{"id":231948,"date":"2020-11-02T17:44:08","date_gmt":"2020-11-02T14:44:08","guid":{"rendered":"http:\/\/arantv.az\/?p=231948"},"modified":"2020-11-02T17:44:08","modified_gmt":"2020-11-02T14:44:08","slug":"ceyhun-bayramov-turk-surasinin-bas-katibi-il%c9%99-erm%c9%99ni-t%c9%99xribatini-muzakir%c9%99-edib-foto","status":"publish","type":"post","link":"https:\/\/arantv.az\/?p=231948","title":{"rendered":"Ceyhun Bayramov T\u00fcrk \u015euras\u0131n\u0131n Ba\u015f katibi il\u0259 erm\u0259ni t\u0259xribat\u0131n\u0131 m\u00fczakir\u0259 edib &#8211; FOTO"},"content":{"rendered":"<article class=\"news\">\n<div class=\"news-inner\">\n<p>Bu g\u00fcn Xarici \u0130\u015fl\u0259r naziri Ceyhun Bayramov T\u00fcrkdilli D\u00f6vl\u0259tl\u0259rin \u018fm\u0259kda\u015fl\u0131q \u015euras\u0131n\u0131n Ba\u015f katibi (T\u00fcrk \u015euras\u0131) Ba\u011fdad Amreyevin ba\u015f\u00e7\u0131l\u0131q etdiyi n\u00fcmay\u0259nd\u0259 hey\u0259tini q\u0259bul edib.<\/p>\n<p>Qar\u015f\u0131 t\u0259r\u0259fi s\u0259mimi salamlayan nazir Ceyhun Bayramov son zamanlar T\u00fcrk \u015euras\u0131n\u0131 Ba\u015f katibinin \u00f6lk\u0259miz\u0259 s\u0259f\u0259rl\u0259rinin Az\u0259rbaycan\u0131n beyn\u0259lxalq h\u00fcquqa \u0259saslanan \u0259dal\u0259tli m\u00f6vqeyin\u0259 \u0259lav\u0259 d\u0259st\u0259k verdiyini vur\u011fulad\u0131.<\/p>\n<p>T\u00fcrk \u015euras\u0131 t\u0259r\u0259find\u0259n Az\u0259rbaycan\u0131n m\u00f6vqeyi il\u0259 ba\u011fl\u0131 bu g\u00fcn\u0259d\u0259k s\u0259rgil\u0259n\u0259n birm\u0259nal\u0131 d\u0259st\u0259k il\u0259 ba\u011fl\u0131 t\u0259\u015f\u0259kk\u00fcr\u00fcn\u00fc ifad\u0259 ed\u0259n nazir, Ba\u015f katibin raket at\u0259\u015fin\u0259 m\u0259ruz qalan G\u0259nc\u0259 \u015f\u0259h\u0259rin\u0259 s\u0259f\u0259r etm\u0259sinin Erm\u0259nistan t\u0259r\u0259find\u0259n m\u00fclki \u0259haliy\u0259 qar\u015f\u0131 t\u00f6r\u0259dil\u0259n m\u00fcharib\u0259 cinay\u0259tl\u0259ri il\u0259 yerind\u0259 tan\u0131\u015f olmaq bax\u0131m\u0131ndan x\u00fcsusi \u00f6n\u0259m k\u0259sb etdiyini v\u0259 m\u0259n\u0259vi \u0259h\u0259miyy\u0259tinin y\u00fcks\u0259k oldu\u011funu qeyd etdi.<\/p>\n<div id=\"AdviadNativeVideo0\" class=\"AdviadNativeVideo\"><\/div>\n<p>Nazir Ceyhun Bayramov Erm\u0259nistan\u0131n destruktiv \u0259m\u0259ll\u0259ri bar\u0259d\u0259 qar\u015f\u0131 t\u0259r\u0259fi m\u0259lumatland\u0131rd\u0131. Uzun ill\u0259r \u0259rzind\u0259 Erm\u0259nistan silahl\u0131 q\u00fcvv\u0259l\u0259rinin Az\u0259rbaycan \u0259razisind\u0259 qeyri-qanuni m\u00f6vcudlu\u011funun yaln\u0131z Az\u0259rbaycan \u00fc\u00e7\u00fcn deyil, b\u00fct\u00fcn b\u00f6lg\u0259 \u00fc\u00e7\u00fcn ciddi t\u0259hdid t\u0259\u015fkil etdiyi vur\u011fuland\u0131. Az\u0259rbaycan\u0131n xo\u015f niyy\u0259t n\u00fcmayi\u015f etdir\u0259r\u0259k \u00fc\u00e7 d\u0259f\u0259 humanitar at\u0259\u015fk\u0259s\u0259 raz\u0131l\u0131q verdiyi v\u0259 h\u0259r \u00fc\u00e7 d\u0259f\u0259 d\u0259 bu humanitar at\u0259\u015fk\u0259sin Erm\u0259nistan t\u0259r\u0259find\u0259n kobud \u015f\u0259kild\u0259 pozuldu\u011fu qeyd edildi. Sonuncu Cenevr\u0259 dan\u0131\u015f\u0131qlar\u0131nda da m\u00fclki \u0259halini h\u0259d\u0259f almamaq \u00f6hd\u0259liyini g\u00f6t\u00fcr\u0259n Erm\u0259nistan\u0131n yenid\u0259n bu \u00f6hd\u0259liyini kobud \u015f\u0259kild\u0259 pozdu\u011fu v\u0259 Az\u0259rbaycan\u0131n ya\u015fay\u0131\u015f m\u0259nt\u0259q\u0259l\u0259rini artilleriya at\u0259\u015fin\u0259 tutuldu\u011fu qar\u015f\u0131 t\u0259r\u0259fin diqq\u0259tin\u0259 \u00e7atd\u0131r\u0131ld\u0131.<\/p>\n<p>Bak\u0131da T\u00fcrk Ticar\u0259t v\u0259 S\u0259naye Palatas\u0131n\u0131n t\u0259\u015fkil etdiyi \u201cAz\u0259rbaycan\u0131n sosial v\u0259 iqtisadi inki\u015faf\u0131n\u0131n yeni d\u00f6vr\u00fc\u201d t\u0259dbirinin \u0259h\u0259miyy\u0259tini qeyd ed\u0259n nazir, Az\u0259rbaycan\u0131n i\u015f\u011faldan azad edilmi\u015f b\u00fct\u00fcn torpaqlar\u0131nda b\u0259rpa i\u015fl\u0259rinin h\u0259yata ke\u00e7iril\u0259c\u0259yi v\u0259 bununla \u0259laq\u0259dar d\u00f6vl\u0259timiz t\u0259r\u0259find\u0259n b\u00fct\u00fcn s\u0259yl\u0259rin s\u0259f\u0259rb\u0259r edil\u0259c\u0259yini bildirdi.<\/p>\n<p>\u00d6z n\u00f6vb\u0259sind\u0259, Ba\u015f katib Ba\u011fdad Amreyev s\u0259f\u0259ri \u00e7\u0259r\u00e7iv\u0259sind\u0259 Az\u0259rbaycan Respublikas\u0131n\u0131n Prezidenti c\u0259nab \u0130lham \u018fliyev il\u0259 ke\u00e7irdiyi g\u00f6r\u00fc\u015f\u00fc m\u0259mnunluqla qeyd etdi. O, T\u00fcrk \u015euras\u0131n\u0131n Az\u0259rbaycan\u0131n yan\u0131nda oldu\u011funu v\u0259 \u00f6lk\u0259nin haql\u0131 m\u00f6vqeyini birm\u0259nal\u0131 \u015f\u0259kild\u0259 d\u0259st\u0259kl\u0259diyini bildirdi.<\/p>\n<p>Ba\u015f katib Ba\u011fdad Amreyev Bak\u0131da t\u0259\u015fkil edilmi\u015f t\u0259dbirin \u0259h\u0259miyy\u0259tini t\u0259sdiq ed\u0259r\u0259k, bu kimi t\u0259dbirl\u0259rin Az\u0259rbaycan\u0131n i\u015f\u011faldan azad olunmu\u015f \u0259razil\u0259rind\u0259 m\u00fcvafiq layih\u0259l\u0259rin h\u0259yata ke\u00e7irilm\u0259si v\u0259 bel\u0259likl\u0259 d\u0259 bu \u0259razil\u0259rd\u0259 \u0259halinin yenid\u0259n normal h\u0259yat\u0131n\u0131n b\u0259rpa edilm\u0259sin\u0259 d\u0259st\u0259k oldu\u011funu qeyd etdi.<\/p>\n<p>T\u0259r\u0259fl\u0259r, h\u0259m\u00e7inin T\u00fcrk \u015euras\u0131n\u0131n qar\u015f\u0131dan g\u0259l\u0259n zirv\u0259 g\u00f6r\u00fc\u015f\u00fcn\u0259 haz\u0131rl\u0131q, el\u0259c\u0259 d\u0259 t\u0259\u015fkilat\u0131n g\u00fcnd\u0259liyind\u0259 duran dig\u0259r m\u0259s\u0259l\u0259l\u0259r \u00fczr\u0259 fikir m\u00fcbadil\u0259si apard\u0131lar.<\/p>\n<div class=\"gallery\">\n<div class=\"gallery-i\"><img src=\"https:\/\/cdn.oxu.az\/uploads\/W1siZiIsIjIwMjAvMTEvMDIvMTgvMjQvMjgvNjVhZDI3YjYtMWIxZS00Y2U3LTk3NGQtMDE2NDgwNDUwZWIzLzE2MDQzMjY0NTdpbWdfXzAuanBlZyJdLFsicCIsImVuY29kZSIsImpwZyIsIi1xdWFsaXR5IDgwIl0sWyJwIiwidGh1bWIiLCI1OTB4NTkwXHUwMDNlIl1d?sha=499cb4fa52f9eb6f\" alt=\"\" \/><\/p>\n<div class=\"gallery-i-caption\"><\/div>\n<\/div>\n<div class=\"gallery-i\"><img src=\"https:\/\/cdn.oxu.az\/uploads\/W1siZiIsIjIwMjAvMTEvMDIvMTgvMjQvMjgvOGU4M2JjNjEtNGFjZi00ZTc4LWE5N2UtOTA5MTQ1YTE2NTA1LzE2MDQzMjY0NThpbWdfXzEuanBlZyJdLFsicCIsImVuY29kZSIsImpwZyIsIi1xdWFsaXR5IDgwIl0sWyJwIiwidGh1bWIiLCI1OTB4NTkwXHUwMDNlIl1d?sha=7b7521d1e9011f6f\" alt=\"\" \/><\/p>\n<div class=\"gallery-i-caption\"><\/div>\n<\/div>\n<\/div>\n<\/div>\n<\/article>\n","protected":false},"excerpt":{"rendered":"<p>Bu g\u00fcn Xarici \u0130\u015fl\u0259r naziri Ceyhun Bayramov T\u00fcrkdilli D\u00f6vl\u0259tl\u0259rin \u018fm\u0259kda\u015fl\u0131q \u015euras\u0131n\u0131n Ba\u015f katibi (T\u00fcrk \u015euras\u0131) Ba\u011fdad Amreyevin ba\u015f\u00e7\u0131l\u0131q etdiyi n\u00fcmay\u0259nd\u0259 hey\u0259tini q\u0259bul edib. Qar\u015f\u0131 t\u0259r\u0259fi s\u0259mimi salamlayan nazir Ceyhun Bayramov son zamanlar T\u00fcrk \u015euras\u0131n\u0131 Ba\u015f katibinin \u00f6lk\u0259miz\u0259 s\u0259f\u0259rl\u0259rinin Az\u0259rbaycan\u0131n beyn\u0259lxalq h\u00fcquqa \u0259saslanan \u0259dal\u0259tli m\u00f6vqeyin\u0259 \u0259lav\u0259 d\u0259st\u0259k verdiyini vur\u011fulad\u0131. T\u00fcrk \u015euras\u0131 t\u0259r\u0259find\u0259n Az\u0259rbaycan\u0131n m\u00f6vqeyi il\u0259 ba\u011fl\u0131 bu g\u00fcn\u0259d\u0259k s\u0259rgil\u0259n\u0259n birm\u0259nal\u0131 d\u0259st\u0259k il\u0259 ba\u011fl\u0131 t\u0259\u015f\u0259kk\u00fcr\u00fcn\u00fc ifad\u0259 ed\u0259n nazir, Ba\u015f katibin raket at\u0259\u015fin\u0259 m\u0259ruz qalan G\u0259nc\u0259 \u015f\u0259h\u0259rin\u0259 s\u0259f\u0259r etm\u0259sinin Erm\u0259nistan t\u0259r\u0259find\u0259n m\u00fclki \u0259haliy\u0259 qar\u015f\u0131 t\u00f6r\u0259dil\u0259n m\u00fcharib\u0259 cinay\u0259tl\u0259ri il\u0259 yerind\u0259 tan\u0131\u015f olmaq bax\u0131m\u0131ndan x\u00fcsusi&hellip;<\/p>\n","protected":false},"author":2,"featured_media":231949,"comment_status":"closed","ping_status":"closed","sticky":false,"template":"","format":"standard","meta":{"om_disable_all_campaigns":false,"_monsterinsights_skip_tracking":false,"_monsterinsights_sitenote_active":false,"_monsterinsights_sitenote_note":"","_monsterinsights_sitenote_category":0},"categories":[4],"tags":[],"aioseo_notices":[],"gutentor_comment":0,"rttpg_featured_image_url":{"full":["https:\/\/arantv.az\/wp-content\/uploads\/2020\/11\/1604326459img__2.jpg",620,413,false],"landscape":["https:\/\/arantv.az\/wp-content\/uploads\/2020\/11\/1604326459img__2.jpg",620,413,false],"portraits":["https:\/\/arantv.az\/wp-content\/uploads\/2020\/11\/1604326459img__2.jpg",620,413,false],"thumbnail":["https:\/\/arantv.az\/wp-content\/uploads\/2020\/11\/1604326459img__2-150x150.jpg",150,150,true],"medium":["https:\/\/arantv.az\/wp-content\/uploads\/2020\/11\/1604326459img__2-300x200.jpg",300,200,true],"large":["https:\/\/arantv.az\/wp-content\/uploads\/2020\/11\/1604326459img__2.jpg",620,413,false],"1536x1536":["https:\/\/arantv.az\/wp-content\/uploads\/2020\/11\/1604326459img__2.jpg",620,413,false],"2048x2048":["https:\/\/arantv.az\/wp-content\/uploads\/2020\/11\/1604326459img__2.jpg",620,413,false],"post-thumbnail":["https:\/\/arantv.az\/wp-content\/uploads\/2020\/11\/1604326459img__2-240x172.jpg",240,172,true],"advps-thumb-one":["https:\/\/arantv.az\/wp-content\/uploads\/2020\/11\/1604326459img__2.jpg",620,413,false]},"rttpg_author":{"display_name":"V\u00fcsal Rafiqo\u011flu","author_link":"https:\/\/arantv.az\/?author=2"},"rttpg_comment":0,"rttpg_category":"<a href=\"https:\/\/arantv.az\/?cat=4\" rel=\"category\">Siyas\u0259t<\/a>","rttpg_excerpt":"Bu g\u00fcn Xarici \u0130\u015fl\u0259r naziri Ceyhun Bayramov T\u00fcrkdilli D\u00f6vl\u0259tl\u0259rin \u018fm\u0259kda\u015fl\u0131q \u015euras\u0131n\u0131n Ba\u015f katibi (T\u00fcrk \u015euras\u0131) Ba\u011fdad Amreyevin ba\u015f\u00e7\u0131l\u0131q etdiyi n\u00fcmay\u0259nd\u0259 hey\u0259tini q\u0259bul edib. Qar\u015f\u0131 t\u0259r\u0259fi s\u0259mimi salamlayan nazir Ceyhun Bayramov son zamanlar T\u00fcrk \u015euras\u0131n\u0131 Ba\u015f katibinin \u00f6lk\u0259miz\u0259 s\u0259f\u0259rl\u0259rinin Az\u0259rbaycan\u0131n beyn\u0259lxalq h\u00fcquqa \u0259saslanan \u0259dal\u0259tli m\u00f6vqeyin\u0259 \u0259lav\u0259 d\u0259st\u0259k verdiyini vur\u011fulad\u0131. T\u00fcrk \u015euras\u0131 t\u0259r\u0259find\u0259n Az\u0259rbaycan\u0131n m\u00f6vqeyi il\u0259 ba\u011fl\u0131&hellip;","_links":{"self":[{"href":"https:\/\/arantv.az\/index.php?rest_route=\/wp\/v2\/posts\/231948"}],"collection":[{"href":"https:\/\/arantv.az\/index.php?rest_route=\/wp\/v2\/posts"}],"about":[{"href":"https:\/\/arantv.az\/index.php?rest_route=\/wp\/v2\/types\/post"}],"author":[{"embeddable":true,"href":"https:\/\/arantv.az\/index.php?rest_route=\/wp\/v2\/users\/2"}],"replies":[{"embeddable":true,"href":"https:\/\/arantv.az\/index.php?rest_route=%2Fwp%2Fv2%2Fcomments&post=231948"}],"version-history":[{"count":0,"href":"https:\/\/arantv.az\/index.php?rest_route=\/wp\/v2\/posts\/231948\/revisions"}],"wp:featuredmedia":[{"embeddable":true,"href":"https:\/\/arantv.az\/index.php?rest_route=\/wp\/v2\/media\/231949"}],"wp:attachment":[{"href":"https:\/\/arantv.az\/index.php?rest_route=%2Fwp%2Fv2%2Fmedia&parent=231948"}],"wp:term":[{"taxonomy":"category","embeddable":true,"href":"https:\/\/arantv.az\/index.php?rest_route=%2Fwp%2Fv2%2Fcategories&post=231948"},{"taxonomy":"post_tag","embeddable":true,"href":"https:\/\/arantv.az\/index.php?rest_route=%2Fwp%2Fv2%2Ftags&post=231948"}],"curies":[{"name":"wp","href":"https:\/\/api.w.org\/{rel}","templated":true}]}}