{"id":231960,"date":"2020-11-02T18:08:38","date_gmt":"2020-11-02T15:08:38","guid":{"rendered":"http:\/\/arantv.az\/?p=231960"},"modified":"2020-11-02T18:08:38","modified_gmt":"2020-11-02T15:08:38","slug":"adil-%c9%99liyev-moldova-respublikasi-parlamentinin-s%c9%99dri-il%c9%99-gorusub-foto","status":"publish","type":"post","link":"https:\/\/arantv.az\/?p=231960","title":{"rendered":"Adil \u018fliyev Moldova Respublikas\u0131 Parlamentinin s\u0259dri il\u0259 g\u00f6r\u00fc\u015f\u00fcb &#8211; FOTO"},"content":{"rendered":"<p>Milli M\u0259clisin s\u0259drinin m\u00fcavini\u00a0Adil \u018fliyev MDB Parlament Assambleyas\u0131n\u0131n (PA) m\u00fc\u015fahid\u0259\u00e7il\u0259r qrupunun r\u0259hb\u0259ri kimi noyabr\u0131n 1-d\u0259 Moldova Respublikas\u0131nda ke\u00e7iril\u0259n prezident se\u00e7kil\u0259rini m\u00fc\u015fahid\u0259 etm\u0259k \u00fc\u00e7\u00fcn bu \u00f6lk\u0259nin paytaxt\u0131 Ki\u015finevda s\u0259f\u0259rd\u0259 olub.<\/p>\n<p>Bu bar\u0259d\u0259\u00a0Milli M\u0259clisin M\u0259tbuat v\u0259\u00a0ictimaiyy\u0259tl\u0259 \u0259laq\u0259l\u0259r \u015f\u00f6b\u0259si m\u0259lumat yay\u0131b.<\/p>\n<p>S\u0259f\u0259r \u00e7\u0259r\u00e7iv\u0259sind\u0259 Milli M\u0259clis S\u0259drinin m\u00fcavini Adil \u018fliyev MDB PA-n\u0131n m\u00fc\u015fahid\u0259\u00e7il\u0259r qrupunun r\u0259hb\u0259ri kimi Moldova Respublikas\u0131 Parlamentinin s\u0259dri xan\u0131m Zinaida Gre\u00e7eani il\u0259 g\u00f6r\u00fc\u015f\u00fcb.<\/p>\n<div id=\"AdviadNativeVideo0\" class=\"AdviadNativeVideo\"><\/div>\n<p>G\u00f6r\u00fc\u015f zaman\u0131 MDB Parlament Assambleyas\u0131n\u0131n \u00fczv\u00fc olan \u00f6lk\u0259l\u0259r \u00fc\u00e7\u00fcn beyn\u0259lxalq m\u00fc\u015fahid\u0259 institutunun \u0259h\u0259miyy\u0259ti, se\u00e7kil\u0259rin ke\u00e7irilm\u0259si v\u0259 monitorinqinin qaydalar\u0131 da daxil olmaqla bir \u00e7ox m\u0259s\u0259l\u0259l\u0259r \u0259traf\u0131nda m\u00fczakir\u0259l\u0259r apar\u0131l\u0131b. S\u00f6hb\u0259td\u0259 t\u0259r\u0259fl\u0259ri maraqland\u0131ran dig\u0259r m\u0259s\u0259l\u0259l\u0259r bar\u0259d\u0259 dan\u0131\u015f\u0131l\u0131b.<\/p>\n<p>Habel\u0259, Adil \u018fliyev Erm\u0259nistan\u0131n Az\u0259rbaycana qar\u015f\u0131 t\u0259cav\u00fczkar siyas\u0259tin\u0259 davam etdiyini, m\u00fclki Az\u0259rbaycan v\u0259t\u0259nda\u015flar\u0131n\u0131n Erm\u0259nistan t\u0259r\u0259find\u0259n \u00f6ld\u00fcr\u00fclm\u0259sin\u0259 diqq\u0259t \u00e7\u0259k\u0259r\u0259k, B\u0259rd\u0259 v\u0259 G\u0259nc\u0259 \u015f\u0259h\u0259rl\u0259rind\u0259 ba\u015f ver\u0259n m\u00fcharib\u0259 cinay\u0259tl\u0259ri bar\u0259d\u0259 dan\u0131\u015f\u0131b. Erm\u0259nistan\u0131n humanitar h\u00fcququn normalar\u0131n\u0131 kobud \u015f\u0259kild\u0259 pozdu\u011funu, 1949-cu il tarixli \u00c7enevr\u0259 Konvensiyas\u0131na zidd davran\u0131\u015flar etdiyini v\u0259 BMT T\u0259hl\u00fck\u0259sizlik \u015euras\u0131 t\u0259r\u0259find\u0259n q\u0259bul edilmi\u015f 4 q\u0259tnam\u0259ni bu vaxta q\u0259d\u0259r icra etm\u0259diyini bildirib.<\/p>\n<p>G\u00f6r\u00fc\u015fd\u0259 Milli M\u0259clisin deputatlar\u0131 R\u00fcf\u0259t Quliyev, Sabir Hac\u0131yev v\u0259 \u00f6lk\u0259mizin Moldova Respublikas\u0131ndak\u0131 s\u0259firi Q\u00fcdsi Osmanov da i\u015ftirak edib.<\/p>\n<p>S\u0259f\u0259r zaman\u0131 Milli M\u0259clis S\u0259drinin m\u00fcavini Adil \u018fliyev r\u0259hb\u0259rlik etdiyi n\u00fcmay\u0259nd\u0259 hey\u0259ti il\u0259 birlikd\u0259 Moldovan\u0131n Qaqauziya muxtar \u0259razisind\u0259 se\u00e7ki m\u0259nt\u0259q\u0259l\u0259rind\u0259 olmub, se\u00e7ki prosesinin gedi\u015fini izl\u0259mib, Qaqauziya r\u0259hb\u0259ri \u0130rina Vlax v\u0259 Qaqauziya Xalq M\u0259clisinin s\u0259dri Vladimir K\u0131ssa il\u0259 g\u00f6r\u00fc\u015fl\u0259r ke\u00e7irib.<\/p>\n<div class=\"gallery\">\n<div class=\"gallery-i\"><img src=\"https:\/\/cdn.oxu.az\/uploads\/W1siZiIsIjIwMjAvMTEvMDIvMTcvNTMvMzkvOTVlNDYwMTktZDFkYy00MjRjLTg3NDgtYzAzMTg1NDk0YjRiLzEyMzI3NjY5OV8zMzc5Nzg3MTIyMTM5Mzk4XzM5ODIwMzU0MDE4NTEyNDUxMTlfbi5qcGciXSxbInAiLCJlbmNvZGUiLCJqcGciLCItcXVhbGl0eSA4MCJdLFsicCIsInRodW1iIiwiNTkweDU5MFx1MDAzZSJdXQ?sha=c2b34558dc74acf6\" alt=\"\" \/><\/p>\n<div class=\"gallery-i-caption\"><\/div>\n<\/div>\n<div class=\"gallery-i\"><img src=\"https:\/\/cdn.oxu.az\/uploads\/W1siZiIsIjIwMjAvMTEvMDIvMTcvNTMvMzkvNTMzMjIzZjItZTliYi00Y2RmLTliMGEtM2YzYmNhZDA4NjE5LzEyMzQwMjk4Ml8xMjc4NDIyMzA5MTY2NTIyXzQ2MjAxODc3MzIwNDc0NTc3NzBfbi5qcGciXSxbInAiLCJlbmNvZGUiLCJqcGciLCItcXVhbGl0eSA4MCJdLFsicCIsInRodW1iIiwiNTkweDU5MFx1MDAzZSJdXQ?sha=acedae176bd3960f\" alt=\"\" \/><\/p>\n<div class=\"gallery-i-caption\"><\/div>\n<\/div>\n<div class=\"gallery-i\"><img src=\"https:\/\/cdn.oxu.az\/uploads\/W1siZiIsIjIwMjAvMTEvMDIvMTcvNTMvMzkvYjgwYzE4MTItNjliZS00ZjkxLTk5NTAtMmZjYjIwOGNhYjgxLzEyMzM3MTk1OV8xMjQ4Mjg5NzY1NTU3NTMxXzU3NDU1MTA0MzU4MzUwNzM1MjZfbi5qcGciXSxbInAiLCJlbmNvZGUiLCJqcGciLCItcXVhbGl0eSA4MCJdLFsicCIsInRodW1iIiwiNTkweDU5MFx1MDAzZSJdXQ?sha=f58f24775c116d5d\" alt=\"\" \/><\/p>\n<div class=\"gallery-i-caption\"><\/div>\n<\/div>\n<div class=\"gallery-i\"><img src=\"https:\/\/cdn.oxu.az\/uploads\/W1siZiIsIjIwMjAvMTEvMDIvMTcvNTMvNDAvZTZmMmRjYTctMzc0My00Y2Y4LWI5NzMtNTVmN2M2Y2MzOGNmLzEyMzE0NjIxMV82NTg4NjA2MjEzNTUwNjBfNzYwMTc4MDgyNTUyMTUyNzcxN19uLmpwZyJdLFsicCIsImVuY29kZSIsImpwZyIsIi1xdWFsaXR5IDgwIl0sWyJwIiwidGh1bWIiLCI1OTB4NTkwXHUwMDNlIl1d?sha=4bd10a2be69e74e6\" alt=\"\" \/><\/p>\n<div class=\"gallery-i-caption\"><\/div>\n<\/div>\n<div class=\"gallery-i\"><img src=\"https:\/\/cdn.oxu.az\/uploads\/W1siZiIsIjIwMjAvMTEvMDIvMTcvNTMvNDAvMWU1OTYwZDgtYzZmMC00YjBmLThlZTUtNGU3NTViOTQ3ODE1LzEyMzQ5MTIyMF80MTgwNzQ4NTU4ODQxMjRfNDQ1NDE2OTU5MDMzNTUzMjU5Nl9uLmpwZyJdLFsicCIsImVuY29kZSIsImpwZyIsIi1xdWFsaXR5IDgwIl0sWyJwIiwidGh1bWIiLCI1OTB4NTkwXHUwMDNlIl1d?sha=7c7526768044f810\" alt=\"\" \/><\/p>\n<div class=\"gallery-i-caption\"><\/div>\n<\/div>\n<div class=\"gallery-i\"><img src=\"https:\/\/cdn.oxu.az\/uploads\/W1siZiIsIjIwMjAvMTEvMDIvMTcvNTMvNDAvMDkxOTgyNzgtZDhhYy00YjNmLTg1ZGYtZGNkZTY3NWIzNzQ5LzEyMzUyMzc3N180MDQ2NjE5NDczNzg5MjRfNTI2MjQwMTIxMDQ0NTI5NTczOF9uLmpwZyJdLFsicCIsImVuY29kZSIsImpwZyIsIi1xdWFsaXR5IDgwIl0sWyJwIiwidGh1bWIiLCI1OTB4NTkwXHUwMDNlIl1d?sha=9cc2912e67863a78\" alt=\"\" \/><\/p>\n<div class=\"gallery-i-caption\"><\/div>\n<\/div>\n<div class=\"gallery-i\"><img src=\"https:\/\/cdn.oxu.az\/uploads\/W1siZiIsIjIwMjAvMTEvMDIvMTcvNTMvNDAvOWJiZTIwNzAtY2EwMS00ODI3LWJjMjUtZGVjZDhjMDQ1OWExLzEyMzE0MDcwOF8yNjg5NDAwNzQ1NTUzMjNfMjg3MDM5MDg1NDEwMDgxMjI3MV9uLmpwZyJdLFsicCIsImVuY29kZSIsImpwZyIsIi1xdWFsaXR5IDgwIl0sWyJwIiwidGh1bWIiLCI1OTB4NTkwXHUwMDNlIl1d?sha=81d7d4eb47c70d42\" alt=\"\" \/><\/div>\n<\/div>\n","protected":false},"excerpt":{"rendered":"<p>Milli M\u0259clisin s\u0259drinin m\u00fcavini\u00a0Adil \u018fliyev MDB Parlament Assambleyas\u0131n\u0131n (PA) m\u00fc\u015fahid\u0259\u00e7il\u0259r qrupunun r\u0259hb\u0259ri kimi noyabr\u0131n 1-d\u0259 Moldova Respublikas\u0131nda ke\u00e7iril\u0259n prezident se\u00e7kil\u0259rini m\u00fc\u015fahid\u0259 etm\u0259k \u00fc\u00e7\u00fcn bu \u00f6lk\u0259nin paytaxt\u0131 Ki\u015finevda s\u0259f\u0259rd\u0259 olub. Bu bar\u0259d\u0259\u00a0Milli M\u0259clisin M\u0259tbuat v\u0259\u00a0ictimaiyy\u0259tl\u0259 \u0259laq\u0259l\u0259r \u015f\u00f6b\u0259si m\u0259lumat yay\u0131b. S\u0259f\u0259r \u00e7\u0259r\u00e7iv\u0259sind\u0259 Milli M\u0259clis S\u0259drinin m\u00fcavini Adil \u018fliyev MDB PA-n\u0131n m\u00fc\u015fahid\u0259\u00e7il\u0259r qrupunun r\u0259hb\u0259ri kimi Moldova Respublikas\u0131 Parlamentinin s\u0259dri xan\u0131m Zinaida Gre\u00e7eani il\u0259 g\u00f6r\u00fc\u015f\u00fcb. G\u00f6r\u00fc\u015f zaman\u0131 MDB Parlament Assambleyas\u0131n\u0131n \u00fczv\u00fc olan \u00f6lk\u0259l\u0259r \u00fc\u00e7\u00fcn beyn\u0259lxalq m\u00fc\u015fahid\u0259 institutunun \u0259h\u0259miyy\u0259ti, se\u00e7kil\u0259rin ke\u00e7irilm\u0259si v\u0259 monitorinqinin qaydalar\u0131 da daxil olmaqla bir \u00e7ox m\u0259s\u0259l\u0259l\u0259r \u0259traf\u0131nda m\u00fczakir\u0259l\u0259r apar\u0131l\u0131b. S\u00f6hb\u0259td\u0259 t\u0259r\u0259fl\u0259ri&hellip;<\/p>\n","protected":false},"author":2,"featured_media":231961,"comment_status":"closed","ping_status":"closed","sticky":false,"template":"","format":"standard","meta":{"om_disable_all_campaigns":false,"_monsterinsights_skip_tracking":false,"_monsterinsights_sitenote_active":false,"_monsterinsights_sitenote_note":"","_monsterinsights_sitenote_category":0},"categories":[19],"tags":[],"aioseo_notices":[],"gutentor_comment":0,"rttpg_featured_image_url":{"full":["https:\/\/arantv.az\/wp-content\/uploads\/2020\/11\/123140708_268940074555323_2870390854100812271_n.jpg",620,413,false],"landscape":["https:\/\/arantv.az\/wp-content\/uploads\/2020\/11\/123140708_268940074555323_2870390854100812271_n.jpg",620,413,false],"portraits":["https:\/\/arantv.az\/wp-content\/uploads\/2020\/11\/123140708_268940074555323_2870390854100812271_n.jpg",620,413,false],"thumbnail":["https:\/\/arantv.az\/wp-content\/uploads\/2020\/11\/123140708_268940074555323_2870390854100812271_n-150x150.jpg",150,150,true],"medium":["https:\/\/arantv.az\/wp-content\/uploads\/2020\/11\/123140708_268940074555323_2870390854100812271_n-300x200.jpg",300,200,true],"large":["https:\/\/arantv.az\/wp-content\/uploads\/2020\/11\/123140708_268940074555323_2870390854100812271_n.jpg",620,413,false],"1536x1536":["https:\/\/arantv.az\/wp-content\/uploads\/2020\/11\/123140708_268940074555323_2870390854100812271_n.jpg",620,413,false],"2048x2048":["https:\/\/arantv.az\/wp-content\/uploads\/2020\/11\/123140708_268940074555323_2870390854100812271_n.jpg",620,413,false],"post-thumbnail":["https:\/\/arantv.az\/wp-content\/uploads\/2020\/11\/123140708_268940074555323_2870390854100812271_n-240x172.jpg",240,172,true],"advps-thumb-one":["https:\/\/arantv.az\/wp-content\/uploads\/2020\/11\/123140708_268940074555323_2870390854100812271_n.jpg",620,413,false]},"rttpg_author":{"display_name":"V\u00fcsal Rafiqo\u011flu","author_link":"https:\/\/arantv.az\/?author=2"},"rttpg_comment":0,"rttpg_category":"<a href=\"https:\/\/arantv.az\/?cat=19\" rel=\"category\">G\u00fcnd\u0259m<\/a>","rttpg_excerpt":"Milli M\u0259clisin s\u0259drinin m\u00fcavini\u00a0Adil \u018fliyev MDB Parlament Assambleyas\u0131n\u0131n (PA) m\u00fc\u015fahid\u0259\u00e7il\u0259r qrupunun r\u0259hb\u0259ri kimi noyabr\u0131n 1-d\u0259 Moldova Respublikas\u0131nda ke\u00e7iril\u0259n prezident se\u00e7kil\u0259rini m\u00fc\u015fahid\u0259 etm\u0259k \u00fc\u00e7\u00fcn bu \u00f6lk\u0259nin paytaxt\u0131 Ki\u015finevda s\u0259f\u0259rd\u0259 olub. Bu bar\u0259d\u0259\u00a0Milli M\u0259clisin M\u0259tbuat v\u0259\u00a0ictimaiyy\u0259tl\u0259 \u0259laq\u0259l\u0259r \u015f\u00f6b\u0259si m\u0259lumat yay\u0131b. S\u0259f\u0259r \u00e7\u0259r\u00e7iv\u0259sind\u0259 Milli M\u0259clis S\u0259drinin m\u00fcavini Adil \u018fliyev MDB PA-n\u0131n m\u00fc\u015fahid\u0259\u00e7il\u0259r qrupunun r\u0259hb\u0259ri kimi Moldova Respublikas\u0131 Parlamentinin&hellip;","_links":{"self":[{"href":"https:\/\/arantv.az\/index.php?rest_route=\/wp\/v2\/posts\/231960"}],"collection":[{"href":"https:\/\/arantv.az\/index.php?rest_route=\/wp\/v2\/posts"}],"about":[{"href":"https:\/\/arantv.az\/index.php?rest_route=\/wp\/v2\/types\/post"}],"author":[{"embeddable":true,"href":"https:\/\/arantv.az\/index.php?rest_route=\/wp\/v2\/users\/2"}],"replies":[{"embeddable":true,"href":"https:\/\/arantv.az\/index.php?rest_route=%2Fwp%2Fv2%2Fcomments&post=231960"}],"version-history":[{"count":0,"href":"https:\/\/arantv.az\/index.php?rest_route=\/wp\/v2\/posts\/231960\/revisions"}],"wp:featuredmedia":[{"embeddable":true,"href":"https:\/\/arantv.az\/index.php?rest_route=\/wp\/v2\/media\/231961"}],"wp:attachment":[{"href":"https:\/\/arantv.az\/index.php?rest_route=%2Fwp%2Fv2%2Fmedia&parent=231960"}],"wp:term":[{"taxonomy":"category","embeddable":true,"href":"https:\/\/arantv.az\/index.php?rest_route=%2Fwp%2Fv2%2Fcategories&post=231960"},{"taxonomy":"post_tag","embeddable":true,"href":"https:\/\/arantv.az\/index.php?rest_route=%2Fwp%2Fv2%2Ftags&post=231960"}],"curies":[{"name":"wp","href":"https:\/\/api.w.org\/{rel}","templated":true}]}}